{"id":788,"date":"2017-01-17T08:18:00","date_gmt":"2017-01-17T07:18:00","guid":{"rendered":"http:\/\/spazioaldamerini.org\/?p=788"},"modified":"2017-01-17T08:18:00","modified_gmt":"2017-01-17T07:18:00","slug":"5-2-17-terra-di-rosa-u-cantu-ca-vi-cuntu","status":"publish","type":"post","link":"https:\/\/lacasadelleartiste.it\/?p=788","title":{"rendered":"5.2.17 Terra di rosa &#8211; u cantu ca vi cuntu"},"content":{"rendered":"<p><a href=\"https:\/\/spazioaldamerinidotorg.files.wordpress.com\/2017\/01\/terra-di-rosa-locandina_ok11.jpg\"><img loading=\"lazy\" class=\"wp-image-919 aligncenter\" src=\"https:\/\/spazioaldamerinidotorg.files.wordpress.com\/2017\/01\/terra-di-rosa-locandina_ok11.jpg?w=724\" alt=\"terra-di-rosa-locandina_ok1\" width=\"482\" height=\"682\" \/><\/a><\/p>\n<p style=\"text-align:center;\"><strong>TERRA DI ROSA &#8211; u cantu ca vi cuntu &#8211;<br \/>\ndi e con Tiziana Francesca Vaccaro<\/p>\n<p><\/strong><\/p>\n<p style=\"text-align:center;\">Casa delle Arti &#8211; Spazio Alda Merini &#8211; Via Magolfa, 32 &#8211; Milano<br \/>\ndomenica 5 febbraio 2017 &#8211; ore 18.00<\/p>\n<p>Rosa che cantava la terra. Rosa che suo padre le diceva sempre: \u00abi fimmini non cantunu, cantunu sulu i buttani!\u00bb Rosa che la sua terra, un giorno, l&#8217;ha dovuta lasciare. Rosa tradita, da quella stessa terra. Rosa tra fame e violenza. Rosa tra dolori e abusi. Rosa disperata. Rosa grido di speranza. Rosa di ieri. Rosa di oggi.<br \/>\nPer ricordare Rosa Balistreri, il coraggio, l&#8217;orgoglio, la forza di una siciliana che con la sua voce ha denunciato e osannato, odiato e amato la terra di Sicilia. Per scoprire che siamo tutti un po&#8217; Rosa. Siamo tutti un po&#8217; terra.<\/p>\n<p>Lo spettacolo nasce dall&#8217;incontro con la <em>Cantatrice del Sud<\/em>, <strong>Rosa Balistreri<\/strong>, e la sua storia. Figura decisiva del folk siciliano degli anni &#8217;70, Rosa \u00e8 tra i grandi protagonisti della riscoperta della canzone popolare che, gazie a lei, \u00e8 tuttora apprezzata in tutto il mondo. Povera e orgogliosa, varc\u00f2 i confini in cerca di fortuna, impar\u00f2 a prendere una chitarra in mano e a gridare in faccia a tutti quello che pensava. Cantava, e il marito la picchiava e gli uomini abusavano di lei. Cantava e cresceva Rosa, nella sua Licata mafiosa e fascista.<br \/>\nCantava di liberazione e rivoluzione, e il suo canto risuonava per tutta la Sicilia, come un urlo. Urlo come racconto, memoria, strumento che disvela ci\u00f2 che si cela dietro le consuetudini, le violenze quotidiane, la societ\u00e0 sorda. Una vita sempre in prima linea, senza cedere mai, scontrandosi e pagando di persona, il suo tempo e le sue regole, ma credendo fermamente nell\u2019amore, crudele ma indispensabile, motore di una vita.<br \/>\nNata il 21 a primavera, come Alda Merini. Non \u00e8 un caso. Come Alda, era capace di segnare una differenza, una unicit\u00e0 di sguardo per indagare nelle pieghe della vita e raccontarle, in profondit\u00e0.<\/p>\n<p>Maggiori informazioni: http:\/\/terradirosa.it\/<\/p>\n<p><strong>Genere: teatro<br \/>\nDurata: 90 minuti<br \/>\nIngresso \u20ac 10,00 &#8211; sconto 20% per i soci.<br \/>\n<\/strong><\/p>\n<p><strong><br \/>\nTiziana Francesca Vaccaro<\/strong> nasce a Catania nel 1984. A 17 anni inizia a muovere i primi passi in teatro e poco tempo dopo viene ammessa all\u2019Accademia d\u2019Arte Drammatica \u201cUmberto Spadaro\u201d del Teatro Stabile di Catania diretta da Lamberto Puggelli in cui si diploma come attrice professionista nel 2008.<\/p>\n<p>Dopo i primi lavori in diversi teatri della Sicilia, si trasferisce a Milano.<\/p>\n<p>In costante formazione e trasformazione e, spinta dal desiderio di unire le sue due grandi passioni, il teatro e il sociale, nel 2014 consegue il Master di Teatro Sociale e di Comunit\u00e0 presso l\u2019Universit\u00e0 di Torino e al momento collabora con alcuni docenti e colleghi a diversi progetti nell\u2019ambito di teatro e promozione della salute e in diverse comunit\u00e0 di Milano e Torino (bambini, adolescenti, disabili, ecc.). In ambito drammaturgico scrive due testi legati ai temi dell\u2019emigrazione e, pi\u00f9 in generale, del viaggio. In veste di attrice e conduttrice di laboratori, collabora in \u00e9quipe al progetto Teatro degli Incontri diretto da Gigi Gherzi, laboratorio d\u2019intervento sociale e di spettacolo all\u2019interno della zona di Via Padova di Milano, creato dalla necessit\u00e0 di partire dal rapporto tra migranti e abitanti italiani della citt\u00e0.<\/p>\n<p>Lavora inoltre con la compagnia Qui e Ora Residenza Teatrale, attiva sul territorio della bergamasca, come attrice e social media manager. Collabora infine con la compagnia teatrale siciliana Sciara Progetti nella costruzione di laboratori teatrali e spettacoli nelle scuole e pi\u00f9 in generale di progetti artistici a Fiorenzuola, sede della compagnia, a Milano e su tutto il territorio nazionale.<\/p>\n<p>Nel Luglio 2011, nell\u2019ambito del concorso \u201cTeatri Riflessi III \u2013 Festival di corti teatrali\u201d di Catania, vince come autrice il premio miglior drammaturgia per la sezione scritture originali a tema \u201cCibo\u201d per il corto Agnus Day. Motivazione: \u201cper come l\u2019autrice ha saputo riflettere sul tema cibo nel nostro tempo utilizzando le corde dell\u2019ironia e della fantasia attraverso una scrittura consapevole della propria costruzione\u2026\u201d. Lo stesso testo \u00e8 stato finalista nel 2012 al concorso di drammaturgia \u201cOltre parola\u201d di Milano.<\/p>\n<p><a href=\"https:\/\/spazioaldamerinidotorg.files.wordpress.com\/2017\/01\/foto-terra-di-rosa-u-cantu-ca-vi-cuntu-13.jpg\"><img loading=\"lazy\" class=\"alignnone size-large wp-image-792\" src=\"https:\/\/spazioaldamerinidotorg.files.wordpress.com\/2017\/01\/foto-terra-di-rosa-u-cantu-ca-vi-cuntu-13.jpg?w=748\" alt=\"foto-terra-di-rosa-u-cantu-ca-vi-cuntu-13\" width=\"748\" height=\"498\" \/><\/a><\/p>\n<p><a href=\"https:\/\/spazioaldamerinidotorg.files.wordpress.com\/2017\/01\/foto-terra-di-rosa-u-cantu-ca-vi-cuntu-14.jpg\"><img loading=\"lazy\" class=\"alignnone size-large wp-image-793\" src=\"https:\/\/spazioaldamerinidotorg.files.wordpress.com\/2017\/01\/foto-terra-di-rosa-u-cantu-ca-vi-cuntu-14.jpg?w=682\" alt=\"foto-terra-di-rosa-u-cantu-ca-vi-cuntu-14\" width=\"682\" height=\"1024\" \/><\/a><\/p>\n","protected":false},"excerpt":{"rendered":"<p>TERRA DI ROSA &#8211; u cantu ca vi cuntu &#8211; di e con Tiziana Francesca Vaccaro Casa delle Arti &#8211; Spazio Alda Merini &#8211; Via Magolfa, 32 &#8211; Milano domenica 5 febbraio 2017 &#8211; ore 18.00 Rosa che cantava la terra. Rosa che suo padre le diceva sempre: \u00abi fimmini non cantunu, cantunu sulu i [&hellip;]<\/p>\n","protected":false},"author":1,"featured_media":919,"comment_status":"open","ping_status":"open","sticky":false,"template":"","format":"standard","meta":[],"categories":[7],"tags":[28],"_links":{"self":[{"href":"https:\/\/lacasadelleartiste.it\/index.php?rest_route=\/wp\/v2\/posts\/788"}],"collection":[{"href":"https:\/\/lacasadelleartiste.it\/index.php?rest_route=\/wp\/v2\/posts"}],"about":[{"href":"https:\/\/lacasadelleartiste.it\/index.php?rest_route=\/wp\/v2\/types\/post"}],"author":[{"embeddable":true,"href":"https:\/\/lacasadelleartiste.it\/index.php?rest_route=\/wp\/v2\/users\/1"}],"replies":[{"embeddable":true,"href":"https:\/\/lacasadelleartiste.it\/index.php?rest_route=%2Fwp%2Fv2%2Fcomments&post=788"}],"version-history":[{"count":0,"href":"https:\/\/lacasadelleartiste.it\/index.php?rest_route=\/wp\/v2\/posts\/788\/revisions"}],"wp:featuredmedia":[{"embeddable":true,"href":"https:\/\/lacasadelleartiste.it\/index.php?rest_route=\/wp\/v2\/media\/919"}],"wp:attachment":[{"href":"https:\/\/lacasadelleartiste.it\/index.php?rest_route=%2Fwp%2Fv2%2Fmedia&parent=788"}],"wp:term":[{"taxonomy":"category","embeddable":true,"href":"https:\/\/lacasadelleartiste.it\/index.php?rest_route=%2Fwp%2Fv2%2Fcategories&post=788"},{"taxonomy":"post_tag","embeddable":true,"href":"https:\/\/lacasadelleartiste.it\/index.php?rest_route=%2Fwp%2Fv2%2Ftags&post=788"}],"curies":[{"name":"wp","href":"https:\/\/api.w.org\/{rel}","templated":true}]}}