{"id":726,"date":"2017-01-06T23:31:06","date_gmt":"2017-01-06T22:31:06","guid":{"rendered":"http:\/\/spazioaldamerini.org\/?p=726"},"modified":"2017-01-06T23:31:06","modified_gmt":"2017-01-06T22:31:06","slug":"il-programma-gennaio-2017-su-milano-weekend","status":"publish","type":"post","link":"https:\/\/lacasadelleartiste.it\/?p=726","title":{"rendered":"Il Programma gennaio 2017 su Milano weekend"},"content":{"rendered":"<h1 class=\"entry-title\">A gennaio reading di poesie, tombolate e mostre personali allo Spazio Alda Merini<\/h1>\n<div class=\"entry-info\"><abbr class=\"published\" title=\"2017-01-06T12:46\">6 gennaio 2017<\/abbr> <span class=\"spacer\">\u2022<\/span> <span class=\"author vcard\"><span class=\"fn\"><a title=\"Articoli scritti da: Cristina Maccarrone\" href=\"https:\/\/www.milanoweekend.it\/author\/cristina-maccarrone\" rel=\"author\">Cristina Maccarrone<\/a><\/span><\/span><\/div>\n<div class=\"entry-info\"><\/div>\n<div class=\"entry-info\">articolo su <a href=\"https:\/\/www.milanoweekend.it\/2017\/01\/06\/spazio-alda-merini-programma-gennaio\/84059#.WHAZe1zuOkw\" target=\"_blank\" rel=\"noopener\">Milano Weekend<\/a><\/div>\n<div class=\"entry-info\"><\/div>\n<div class=\"entry-info\">\n<p><em>La miglior vendetta? La felicit\u00e0. Non c\u2019\u00e8 niente che faccia pi\u00f9 impazzire la gente che vederti felice<\/em> \u00e8 una delle frasi che amava pronunciare <strong><a href=\"https:\/\/www.milanoweekend.it\/tag\/alda-merini\" target=\"_blank\" rel=\"noopener\">Alda Merini<\/a><\/strong>, la poetessa dei Navigli, morta l\u20191 novembre del 2009. E se forse non lo sapete a lei \u00e8 dedicato uno spazio chiamato appunto <strong><a href=\"https:\/\/spazioaldamerini.org\/info\/\" target=\"_blank\" rel=\"noopener\">La casa delle Arti \u2013 Spazio Alda Merini<\/a><\/strong> che si trova in via <strong>Magolfa 32 a Milano<\/strong>, proprio a due due passi dal Naviglio Pavese, dove al primo piano \u00e8 stata ricostruita la stanza da letto della poetessa con mobili ed effetti personali.<\/p>\n<p>Lo spazio, di propriet\u00e0 del Comune di Milano, \u00e8 gestito dal giugno 2014 <strong>dall\u2019associazione Culturale <a href=\"http:\/\/www.casadelleartiste.it\/\" target=\"_blank\" rel=\"noopener\">La Casa delle artiste<\/a><\/strong> e ospita appunto al primo piano l\u2019ambiente di Alda Merini con quello che \u00e8 stato prelevato dalla sua casa in Ripa Ticinese 46 mentre al primo terra\u00a0c\u2019\u00e8 un caff\u00e8 letterario con libri in vendita sulla poetessa e scritti anche da lei.<\/p>\n<p>La Casa delle Artiste organizza numerosi eventi,<strong> ecco il programma di gennaio<\/strong>:<\/p>\n<p><strong>6 gennaio ore 17\/21<\/strong> <strong>tombola con the e poesia<\/strong>. Tombola poetica e massala chai. Le estrazioni saranno abbinate a distici e quartine. Ingresso libero con simpatici premi.<\/p>\n<p><strong>Tutti i luned\u00ec di gennaio alle 20:<\/strong> \u201cLa cantina della poesia\u201d, <strong>incontri tra poeti, aspiranti tali e pubblico<\/strong>. Microfono aperto, reading, jam session poetiche, raccolta di idee per un progetto di poesia partecipativa. A cura di Bruna Colacicco.<\/p>\n<p><strong>Dal 9 al 25 gennaio:<\/strong> <strong>mostra personale di Luigi Cei<\/strong>. Inaugurazione 9 gennaio alle 18.30. Visite negli orari di apertura della mostra.<\/p>\n<p><strong>19 gennaio alle 18.30:<\/strong> presentazione della raccolta di poesie <strong>\u201cNon \u00e8 tempo per i pettirossi\u201d<\/strong> di Luisa Puttini Hall. Conduce l\u2019evento Diana Battaggia.<\/p>\n<p><strong>Dal 30 gennaio al 15 febbraio<\/strong>: <strong>mostra personale di Luisella Deiana Patetta<\/strong>. Inaugurazione il 30 gennaio alle 18.30. Visite negli orari di aperura della mostra.<br \/>\nLa casa delle Arti \u2013 Spazio Alda Merini \u00e8 <strong>visitabile gratuitamente<\/strong>. Ecco gli orari:<\/p>\n<p>Luned\u00ec dalle 20 alle 23<\/p>\n<p>Marted\u00ec e mercoled\u00ec dalle 10 alle 13<\/p>\n<p>Gioved\u00ec, venerd\u00ec, sabato e domenica dalle 17 alle 20<\/p>\n<p>Se siete tanti sappiate che per un gruppo di minimo 15 \u00e8 possibile prenotare una visita, con lettura di brani, notizie biografiche e racconto di aneddoti su Alda Merini, dal titolo \u201cViaggio nel mondo di Alda Merini\u201d, a cura di Ave Comin. Per info e prenotazioni: 3481023374.<\/p>\n<\/div>\n","protected":false},"excerpt":{"rendered":"<p>A gennaio reading di poesie, tombolate e mostre personali allo Spazio Alda Merini 6 gennaio 2017 \u2022 Cristina Maccarrone articolo su Milano Weekend La miglior vendetta? La felicit\u00e0. Non c\u2019\u00e8 niente che faccia pi\u00f9 impazzire la gente che vederti felice \u00e8 una delle frasi che amava pronunciare Alda Merini, la poetessa dei Navigli, morta l\u20191 [&hellip;]<\/p>\n","protected":false},"author":1,"featured_media":0,"comment_status":"open","ping_status":"open","sticky":false,"template":"","format":"standard","meta":[],"categories":[7],"tags":[28],"_links":{"self":[{"href":"https:\/\/lacasadelleartiste.it\/index.php?rest_route=\/wp\/v2\/posts\/726"}],"collection":[{"href":"https:\/\/lacasadelleartiste.it\/index.php?rest_route=\/wp\/v2\/posts"}],"about":[{"href":"https:\/\/lacasadelleartiste.it\/index.php?rest_route=\/wp\/v2\/types\/post"}],"author":[{"embeddable":true,"href":"https:\/\/lacasadelleartiste.it\/index.php?rest_route=\/wp\/v2\/users\/1"}],"replies":[{"embeddable":true,"href":"https:\/\/lacasadelleartiste.it\/index.php?rest_route=%2Fwp%2Fv2%2Fcomments&post=726"}],"version-history":[{"count":0,"href":"https:\/\/lacasadelleartiste.it\/index.php?rest_route=\/wp\/v2\/posts\/726\/revisions"}],"wp:attachment":[{"href":"https:\/\/lacasadelleartiste.it\/index.php?rest_route=%2Fwp%2Fv2%2Fmedia&parent=726"}],"wp:term":[{"taxonomy":"category","embeddable":true,"href":"https:\/\/lacasadelleartiste.it\/index.php?rest_route=%2Fwp%2Fv2%2Fcategories&post=726"},{"taxonomy":"post_tag","embeddable":true,"href":"https:\/\/lacasadelleartiste.it\/index.php?rest_route=%2Fwp%2Fv2%2Ftags&post=726"}],"curies":[{"name":"wp","href":"https:\/\/api.w.org\/{rel}","templated":true}]}}