{"id":637,"date":"2017-01-20T22:58:50","date_gmt":"2017-01-20T21:58:50","guid":{"rendered":"http:\/\/spazioaldamerini.org\/?p=637"},"modified":"2017-01-20T22:58:50","modified_gmt":"2017-01-20T21:58:50","slug":"28-1-17-carla-malerba-poesia","status":"publish","type":"post","link":"https:\/\/lacasadelleartiste.it\/?p=637","title":{"rendered":"28 1 17 Carla Malerba (poesia)"},"content":{"rendered":"<p><img loading=\"lazy\" class=\"alignnone  wp-image-639\" src=\"https:\/\/spazioaldamerinidotorg.files.wordpress.com\/2016\/12\/malerba-28-1-17sm.jpg\" alt=\"malerba-28-1-17sm\" width=\"454\" height=\"642\" \/><\/p>\n<p><strong>Carla Malerba presenta \u00abVita di una donna\u00bb (La Vita Felice 2016)<br \/>\n<\/strong><\/p>\n<p><a href=\"http:\/\/poesia.lavitafelice.it\/scheda-libro\/carla-malerba\/vita-di-una-donna-9788877997630-323977.html\" target=\"_blank\" rel=\"noopener\">Scheda libro<\/a><br \/>\nDiana Battaggia conduce l&#8217;incontro. Ingresso libero<\/p>\n<p class=\"p1\"><em><strong>Quali terre di mare<\/strong><\/em><\/p>\n<p class=\"p1\"><strong>Quali terre di mare,<\/strong><\/p>\n<p class=\"p1\"><strong>attratta dalle lunghe strade<\/strong><\/p>\n<p class=\"p1\"><strong>del silenzio,<\/strong><\/p>\n<p class=\"p1\"><strong>dove l\u2019erba respira<\/strong><\/p>\n<p class=\"p1\"><strong>all\u2019ombra di tumuli antichi<\/strong><\/p>\n<p class=\"p1\"><strong>ho scelto per oscure ragioni?<\/strong><\/p>\n<p>&nbsp;<\/p>\n<p class=\"p1\"><strong>Durante la revisione delle liriche ho molto riflettuto sui messaggi impliciti ed espliciti che trapelano dal contesto poetico delle quattro sezioni il cui titolo \u00e8 quasi sempre esplicativo: <em>Ieri<\/em>, <em>Oggi<\/em>, <em>Domani<\/em>, <em>Altro Tempo<\/em>.<\/strong><\/p>\n<p class=\"p1\"><strong>Esplicito fino alla banalit\u00e0 come meravigliosamente banale \u00e8 la nostra vita, vita che si dipana come vuole Natura. In pi\u00f9, mentre si evolve il pensiero emozionale e affettivo, prevale su di esso il pensiero dell\u2019anima.<\/strong><\/p>\n<p class=\"p1\"><strong>\u00c8 questa la volont\u00e0 del poeta, la mia: fermare quel tempo che passa, non farlo andar via, dare conforto all\u2019<em>animula vagula blandula<\/em>, dare fiducia alla teoria dell\u2019eterno ritorno.<\/strong><\/p>\n<p class=\"p1\"><strong>Perch\u00e9 in un mondo spesso senza luce non si pu\u00f2 prescindere dalla speranza ed \u00e8 bello soprattutto sentirsi liberi di pensare, \u201cin atto di volare\u201d.<\/strong><\/p>\n","protected":false},"excerpt":{"rendered":"<p>Carla Malerba presenta \u00abVita di una donna\u00bb (La Vita Felice 2016) Scheda libro Diana Battaggia conduce l&#8217;incontro. Ingresso libero Quali terre di mare Quali terre di mare, attratta dalle lunghe strade del silenzio, dove l\u2019erba respira all\u2019ombra di tumuli antichi ho scelto per oscure ragioni? &nbsp; Durante la revisione delle liriche ho molto riflettuto sui [&hellip;]<\/p>\n","protected":false},"author":1,"featured_media":639,"comment_status":"open","ping_status":"open","sticky":false,"template":"","format":"standard","meta":[],"categories":[20],"tags":[28],"_links":{"self":[{"href":"https:\/\/lacasadelleartiste.it\/index.php?rest_route=\/wp\/v2\/posts\/637"}],"collection":[{"href":"https:\/\/lacasadelleartiste.it\/index.php?rest_route=\/wp\/v2\/posts"}],"about":[{"href":"https:\/\/lacasadelleartiste.it\/index.php?rest_route=\/wp\/v2\/types\/post"}],"author":[{"embeddable":true,"href":"https:\/\/lacasadelleartiste.it\/index.php?rest_route=\/wp\/v2\/users\/1"}],"replies":[{"embeddable":true,"href":"https:\/\/lacasadelleartiste.it\/index.php?rest_route=%2Fwp%2Fv2%2Fcomments&post=637"}],"version-history":[{"count":0,"href":"https:\/\/lacasadelleartiste.it\/index.php?rest_route=\/wp\/v2\/posts\/637\/revisions"}],"wp:featuredmedia":[{"embeddable":true,"href":"https:\/\/lacasadelleartiste.it\/index.php?rest_route=\/wp\/v2\/media\/639"}],"wp:attachment":[{"href":"https:\/\/lacasadelleartiste.it\/index.php?rest_route=%2Fwp%2Fv2%2Fmedia&parent=637"}],"wp:term":[{"taxonomy":"category","embeddable":true,"href":"https:\/\/lacasadelleartiste.it\/index.php?rest_route=%2Fwp%2Fv2%2Fcategories&post=637"},{"taxonomy":"post_tag","embeddable":true,"href":"https:\/\/lacasadelleartiste.it\/index.php?rest_route=%2Fwp%2Fv2%2Ftags&post=637"}],"curies":[{"name":"wp","href":"https:\/\/api.w.org\/{rel}","templated":true}]}}