{"id":6368,"date":"2026-01-17T12:30:06","date_gmt":"2026-01-17T12:30:06","guid":{"rendered":"https:\/\/lacasadelleartiste.it\/?p=6368"},"modified":"2026-01-31T12:38:18","modified_gmt":"2026-01-31T12:38:18","slug":"7-2-26-conferenza-metamedicina-ogni-sintomo-e-un-messaggio","status":"publish","type":"post","link":"https:\/\/lacasadelleartiste.it\/?p=6368","title":{"rendered":"7\/2\/26 Conferenza: METAMEDICINA : ogni sintomo e\u2019 un messaggio\u00a0"},"content":{"rendered":"<p>&nbsp;<\/p>\n<p>&nbsp;<\/p>\n<p>&nbsp;<\/p>\n<p>&nbsp;<\/p>\n<p><img loading=\"lazy\" class=\"alignnone size-full wp-image-6374\" src=\"https:\/\/lacasadelleartiste.it\/wp-content\/uploads\/2026\/01\/loc-metamedicinasm.jpg\" alt=\"\" width=\"595\" height=\"842\" srcset=\"https:\/\/lacasadelleartiste.it\/wp-content\/uploads\/2026\/01\/loc-metamedicinasm.jpg 595w, https:\/\/lacasadelleartiste.it\/wp-content\/uploads\/2026\/01\/loc-metamedicinasm-212x300.jpg 212w\" sizes=\"(max-width: 595px) 100vw, 595px\" \/><\/p>\n<p>&nbsp;<\/p>\n<p>7 febbraio 2026 ore 18.00<\/p>\n<p>Casa delle Donne &#8211; via Marsala 10 &#8211; Milano<\/p>\n<h5>Conferenza: METAMEDICINA : ogni sintomo e\u2019 un messaggio<\/h5>\n<p>Relatrice:\u00a0<strong>Alessandra Alessi\u00a0<\/strong><\/p>\n<p>Andremo ad approfondire il legame tra il corpo fisico e il corpo emozionale.<\/p>\n<p>Portando attenzione e cura ai segnali del nostro corpo &#8211; piuttosto che sminuirli, esagerare o respingerli &#8211; e delle nostre emozioni essi possono diventare una vera bussola per noi, aiutarci a conoscerci meglio e trasformare, con le chiavi della Metamedicina, tutto ci\u00f2 che nella nostra vita non \u00e8 pi\u00f9 funzionale al nostro benessere.<\/p>\n<p>Ti aspetto per parlare di tutto ci\u00f2 e del bellissimo seminario di LIBERAZIONE DELLA MEMORIA EMOZIONALE che terremo dal 27 febbraio al 1 marzo.<\/p>\n<p>&nbsp;<\/p>\n<p>Conduce <strong>Alessandra Alessi<\/strong>, consulente e animatrice di Metamedicina, vive in Umbria, viaggiatrice di terre lontane e di mondi interiori.<\/p>\n<p>Alessandra \u00a0e\u2019 \u201cponte\u201d per chi vuole esplorarsi e ascoltarsi. Con \u00a0amore e attenzione accompagna e facilita le giuste condizioni affinch\u00e9 le persone possano prendere coscienza dei legami tra il dentro e il fuori, l\u2019emozione e il corpo, dinamiche passate e dinamiche presenti, con il fine pi\u00f9 alto di camminare con gioia e presenza nella vita.<\/p>\n<p>&nbsp;<\/p>\n","protected":false},"excerpt":{"rendered":"<p>&nbsp; &nbsp; &nbsp; &nbsp; &nbsp; 7 febbraio 2026 ore 18.00 Casa delle Donne &#8211; via Marsala 10 &#8211; Milano Conferenza: METAMEDICINA : ogni sintomo e\u2019 un messaggio Relatrice:\u00a0Alessandra Alessi\u00a0 Andremo ad approfondire il legame tra il corpo fisico e il corpo emozionale. Portando attenzione e cura ai segnali del nostro corpo &#8211; piuttosto che sminuirli, [&hellip;]<\/p>\n","protected":false},"author":1,"featured_media":6374,"comment_status":"open","ping_status":"open","sticky":false,"template":"","format":"standard","meta":[],"categories":[46],"tags":[57],"_links":{"self":[{"href":"https:\/\/lacasadelleartiste.it\/index.php?rest_route=\/wp\/v2\/posts\/6368"}],"collection":[{"href":"https:\/\/lacasadelleartiste.it\/index.php?rest_route=\/wp\/v2\/posts"}],"about":[{"href":"https:\/\/lacasadelleartiste.it\/index.php?rest_route=\/wp\/v2\/types\/post"}],"author":[{"embeddable":true,"href":"https:\/\/lacasadelleartiste.it\/index.php?rest_route=\/wp\/v2\/users\/1"}],"replies":[{"embeddable":true,"href":"https:\/\/lacasadelleartiste.it\/index.php?rest_route=%2Fwp%2Fv2%2Fcomments&post=6368"}],"version-history":[{"count":4,"href":"https:\/\/lacasadelleartiste.it\/index.php?rest_route=\/wp\/v2\/posts\/6368\/revisions"}],"predecessor-version":[{"id":6376,"href":"https:\/\/lacasadelleartiste.it\/index.php?rest_route=\/wp\/v2\/posts\/6368\/revisions\/6376"}],"wp:featuredmedia":[{"embeddable":true,"href":"https:\/\/lacasadelleartiste.it\/index.php?rest_route=\/wp\/v2\/media\/6374"}],"wp:attachment":[{"href":"https:\/\/lacasadelleartiste.it\/index.php?rest_route=%2Fwp%2Fv2%2Fmedia&parent=6368"}],"wp:term":[{"taxonomy":"category","embeddable":true,"href":"https:\/\/lacasadelleartiste.it\/index.php?rest_route=%2Fwp%2Fv2%2Fcategories&post=6368"},{"taxonomy":"post_tag","embeddable":true,"href":"https:\/\/lacasadelleartiste.it\/index.php?rest_route=%2Fwp%2Fv2%2Ftags&post=6368"}],"curies":[{"name":"wp","href":"https:\/\/api.w.org\/{rel}","templated":true}]}}