{"id":6357,"date":"2026-01-01T17:41:59","date_gmt":"2026-01-01T17:41:59","guid":{"rendered":"https:\/\/lacasadelleartiste.it\/?p=6357"},"modified":"2026-01-01T17:41:59","modified_gmt":"2026-01-01T17:41:59","slug":"12-12-25-walter-di-gemma-si-racconta","status":"publish","type":"post","link":"https:\/\/lacasadelleartiste.it\/?p=6357","title":{"rendered":"12\/12\/25 Walter Di Gemma si racconta"},"content":{"rendered":"<p><img loading=\"lazy\" class=\"alignnone  wp-image-6358\" src=\"https:\/\/lacasadelleartiste.it\/wp-content\/uploads\/2026\/01\/loc-di-gemma-724x1024.jpeg\" alt=\"\" width=\"577\" height=\"816\" srcset=\"https:\/\/lacasadelleartiste.it\/wp-content\/uploads\/2026\/01\/loc-di-gemma-724x1024.jpeg 724w, https:\/\/lacasadelleartiste.it\/wp-content\/uploads\/2026\/01\/loc-di-gemma-212x300.jpeg 212w, https:\/\/lacasadelleartiste.it\/wp-content\/uploads\/2026\/01\/loc-di-gemma-768x1086.jpeg 768w, https:\/\/lacasadelleartiste.it\/wp-content\/uploads\/2026\/01\/loc-di-gemma-1086x1536.jpeg 1086w, https:\/\/lacasadelleartiste.it\/wp-content\/uploads\/2026\/01\/loc-di-gemma.jpeg 1131w\" sizes=\"(max-width: 577px) 100vw, 577px\" \/><\/p>\n<div class=\"xdj266r x14z9mp xat24cr x1lziwak x1vvkbs x126k92a\">\n<div dir=\"auto\">venerd\u00ec 12 dicembre in sala Aletti, La Casa delle Artiste presenta un artista milanese straordinario.<\/div>\n<div dir=\"auto\">Walter Di Gemma racconter\u00e0 la sua vita tra palcoscenico, arte nata dalla strada, canzoni, teatro e cabaret. I retroscena hanno il profumo dei locali storici e l\u2019eco delle grandi tradizioni milanesi. Sar\u00e0 un viaggio che parla di emozioni, ironia, arte e dell\u2019uomo dietro l\u2019artista: le battaglie, la poesia. LA SUA MILANO.<\/div>\n<div dir=\"auto\">Un appuntamento da non perdere per chi ama la musica, la citt\u00e0, le storie vere e il teatro che sa far sorridere e pensare.<\/div>\n<div dir=\"auto\">Una serata che vi far\u00e0 sentire parte di un palcoscenico pi\u00f9 grande: quello della vita raccontata con autenticit\u00e0.<\/div>\n<div dir=\"auto\">In dialogo con l&#8217;artista: Donatella Lavizzari.<\/div>\n<div dir=\"auto\"><\/div>\n<\/div>\n<div class=\"x14z9mp xat24cr x1lziwak x1vvkbs xtlvy1s x126k92a\">\n<div dir=\"auto\">Ingresso libero \u2698\ufe0f<\/div>\n<\/div>\n","protected":false},"excerpt":{"rendered":"<p>venerd\u00ec 12 dicembre in sala Aletti, La Casa delle Artiste presenta un artista milanese straordinario. Walter Di Gemma racconter\u00e0 la sua vita tra palcoscenico, arte nata dalla strada, canzoni, teatro e cabaret. I retroscena hanno il profumo dei locali storici e l\u2019eco delle grandi tradizioni milanesi. Sar\u00e0 un viaggio che parla di emozioni, ironia, arte [&hellip;]<\/p>\n","protected":false},"author":1,"featured_media":6358,"comment_status":"open","ping_status":"open","sticky":false,"template":"","format":"standard","meta":[],"categories":[45],"tags":[55],"_links":{"self":[{"href":"https:\/\/lacasadelleartiste.it\/index.php?rest_route=\/wp\/v2\/posts\/6357"}],"collection":[{"href":"https:\/\/lacasadelleartiste.it\/index.php?rest_route=\/wp\/v2\/posts"}],"about":[{"href":"https:\/\/lacasadelleartiste.it\/index.php?rest_route=\/wp\/v2\/types\/post"}],"author":[{"embeddable":true,"href":"https:\/\/lacasadelleartiste.it\/index.php?rest_route=\/wp\/v2\/users\/1"}],"replies":[{"embeddable":true,"href":"https:\/\/lacasadelleartiste.it\/index.php?rest_route=%2Fwp%2Fv2%2Fcomments&post=6357"}],"version-history":[{"count":1,"href":"https:\/\/lacasadelleartiste.it\/index.php?rest_route=\/wp\/v2\/posts\/6357\/revisions"}],"predecessor-version":[{"id":6359,"href":"https:\/\/lacasadelleartiste.it\/index.php?rest_route=\/wp\/v2\/posts\/6357\/revisions\/6359"}],"wp:featuredmedia":[{"embeddable":true,"href":"https:\/\/lacasadelleartiste.it\/index.php?rest_route=\/wp\/v2\/media\/6358"}],"wp:attachment":[{"href":"https:\/\/lacasadelleartiste.it\/index.php?rest_route=%2Fwp%2Fv2%2Fmedia&parent=6357"}],"wp:term":[{"taxonomy":"category","embeddable":true,"href":"https:\/\/lacasadelleartiste.it\/index.php?rest_route=%2Fwp%2Fv2%2Fcategories&post=6357"},{"taxonomy":"post_tag","embeddable":true,"href":"https:\/\/lacasadelleartiste.it\/index.php?rest_route=%2Fwp%2Fv2%2Ftags&post=6357"}],"curies":[{"name":"wp","href":"https:\/\/api.w.org\/{rel}","templated":true}]}}