{"id":6335,"date":"2025-10-21T14:58:48","date_gmt":"2025-10-21T14:58:48","guid":{"rendered":"https:\/\/lacasadelleartiste.it\/?p=6335"},"modified":"2025-10-21T16:53:43","modified_gmt":"2025-10-21T16:53:43","slug":"28-11-25-laura-anfuso-presenta-il-libro-di-poesie-dentro","status":"publish","type":"post","link":"https:\/\/lacasadelleartiste.it\/?p=6335","title":{"rendered":"28\/11\/25 Laura Anfuso presenta il libro di poesie &#8220;Dentro&#8221;"},"content":{"rendered":"<p><img loading=\"lazy\" class=\"alignnone  wp-image-6336\" src=\"https:\/\/lacasadelleartiste.it\/wp-content\/uploads\/2025\/10\/Milano-loc-anfuso-724x1024.jpg\" alt=\"\" width=\"491\" height=\"694\" srcset=\"https:\/\/lacasadelleartiste.it\/wp-content\/uploads\/2025\/10\/Milano-loc-anfuso-724x1024.jpg 724w, https:\/\/lacasadelleartiste.it\/wp-content\/uploads\/2025\/10\/Milano-loc-anfuso-212x300.jpg 212w, https:\/\/lacasadelleartiste.it\/wp-content\/uploads\/2025\/10\/Milano-loc-anfuso-768x1086.jpg 768w, https:\/\/lacasadelleartiste.it\/wp-content\/uploads\/2025\/10\/Milano-loc-anfuso-1086x1536.jpg 1086w, https:\/\/lacasadelleartiste.it\/wp-content\/uploads\/2025\/10\/Milano-loc-anfuso-1448x2048.jpg 1448w, https:\/\/lacasadelleartiste.it\/wp-content\/uploads\/2025\/10\/Milano-loc-anfuso-scaled.jpg 1810w\" sizes=\"(max-width: 491px) 100vw, 491px\" \/><\/p>\n<p>28 novembre 2025 &#8211; ore 18.30<\/p>\n<p>Casa delle Donne &#8211; Via Marsala 10 &#8211; Milano<\/p>\n<p><strong>LAURA ANFUSO<\/strong><\/p>\n<p>presenta il libro di poesie &#8220;Dentro&#8221;<\/p>\n<p>(La Vita Felice)<\/p>\n<p>In dialogo con l&#8217;autrice:\u00a0 Diego Ferrante e Diana Battaggia<\/p>\n<p>***<\/p>\n<p>scheda volume https:\/\/www.lavitafelice.it\/scheda-libro\/laura-anfuso\/dentro-9788893469197-618994.html<\/p>\n<p>&nbsp;<\/p>\n<p>Laura Anfuso indaga la pienezza della parola che emerge per sintesi e sottrazione.<br \/>\nLa sua scrittura si muove tra la necessit\u00e0 di dire liberamente, senza \u201ccostringere\u201d le parole a volersi piegare a un si-<br \/>\ngnificato rigido, imposto come tema, e una continua lettura critica della realt\u00e0, con la costante volont\u00e0 di accogliere il dolore e la fragilit\u00e0 umana e di sollecitare una condivisione pi\u00f9 che sollevare una troppo facile e mortificante denuncia. In questo senso, la parola poetica \u00e8 nido di un sentire autentico che custodisce una molteplicit\u00e0 di livelli e trame sensibili e gode di una luce singolare anche nello spazio originale del libro d\u2019artista. Sono infatti numerose le collaborazioni artistiche, tra cui quella con Alfonso Filieri (Edizioni Orolontano), con Luciano Ragozzino (Edizioni Il ragazzo innocuo: <em>Orthoptera e Raggio<\/em>), con Lucio Passerini (Edizioni Il Buon Tempo: <em>1 2 3 4 5 6 7 8 9 Acrostici di Laura Anfuso<\/em>), con Daniele Catalli (DFRG PRESS: <em>Di Ferite Stelle \u2212 Daniele Catalli, \u201cDi Ferite Stelle\u201d<\/em> &#8211; The MCBA <em>Prize<\/em>).<br \/>\nLa sua silloge poetica, <em>Anima<\/em>, \u00e8 stata pubblicata con una nota di Stefano Iori nella Collana \u201cquindici per quindici\u201d delle Edizioni Terra d\u2019ulivi.<\/p>\n","protected":false},"excerpt":{"rendered":"<p>28 novembre 2025 &#8211; ore 18.30 Casa delle Donne &#8211; Via Marsala 10 &#8211; Milano LAURA ANFUSO presenta il libro di poesie &#8220;Dentro&#8221; (La Vita Felice) In dialogo con l&#8217;autrice:\u00a0 Diego Ferrante e Diana Battaggia *** scheda volume https:\/\/www.lavitafelice.it\/scheda-libro\/laura-anfuso\/dentro-9788893469197-618994.html &nbsp; Laura Anfuso indaga la pienezza della parola che emerge per sintesi e sottrazione. La sua [&hellip;]<\/p>\n","protected":false},"author":1,"featured_media":6336,"comment_status":"open","ping_status":"open","sticky":false,"template":"","format":"standard","meta":[],"categories":[7,46],"tags":[55],"_links":{"self":[{"href":"https:\/\/lacasadelleartiste.it\/index.php?rest_route=\/wp\/v2\/posts\/6335"}],"collection":[{"href":"https:\/\/lacasadelleartiste.it\/index.php?rest_route=\/wp\/v2\/posts"}],"about":[{"href":"https:\/\/lacasadelleartiste.it\/index.php?rest_route=\/wp\/v2\/types\/post"}],"author":[{"embeddable":true,"href":"https:\/\/lacasadelleartiste.it\/index.php?rest_route=\/wp\/v2\/users\/1"}],"replies":[{"embeddable":true,"href":"https:\/\/lacasadelleartiste.it\/index.php?rest_route=%2Fwp%2Fv2%2Fcomments&post=6335"}],"version-history":[{"count":1,"href":"https:\/\/lacasadelleartiste.it\/index.php?rest_route=\/wp\/v2\/posts\/6335\/revisions"}],"predecessor-version":[{"id":6337,"href":"https:\/\/lacasadelleartiste.it\/index.php?rest_route=\/wp\/v2\/posts\/6335\/revisions\/6337"}],"wp:featuredmedia":[{"embeddable":true,"href":"https:\/\/lacasadelleartiste.it\/index.php?rest_route=\/wp\/v2\/media\/6336"}],"wp:attachment":[{"href":"https:\/\/lacasadelleartiste.it\/index.php?rest_route=%2Fwp%2Fv2%2Fmedia&parent=6335"}],"wp:term":[{"taxonomy":"category","embeddable":true,"href":"https:\/\/lacasadelleartiste.it\/index.php?rest_route=%2Fwp%2Fv2%2Fcategories&post=6335"},{"taxonomy":"post_tag","embeddable":true,"href":"https:\/\/lacasadelleartiste.it\/index.php?rest_route=%2Fwp%2Fv2%2Ftags&post=6335"}],"curies":[{"name":"wp","href":"https:\/\/api.w.org\/{rel}","templated":true}]}}