{"id":6297,"date":"2025-09-24T13:14:37","date_gmt":"2025-09-24T13:14:37","guid":{"rendered":"https:\/\/lacasadelleartiste.it\/?p=6297"},"modified":"2025-10-20T12:48:19","modified_gmt":"2025-10-20T12:48:19","slug":"25-10-25-presentazione-di-cristallo-blindato-poesie-di-caterina-zammuto","status":"publish","type":"post","link":"https:\/\/lacasadelleartiste.it\/?p=6297","title":{"rendered":"25\/10\/25 Presentazione di \u00abCristallo blindato\u00bb (poesie) di Caterina Zammuto"},"content":{"rendered":"<p><img loading=\"lazy\" class=\"alignnone wp-image-6298\" src=\"https:\/\/lacasadelleartiste.it\/wp-content\/uploads\/2025\/09\/zammuto_loc_MI-724x1024.jpg\" alt=\"\" width=\"460\" height=\"651\" srcset=\"https:\/\/lacasadelleartiste.it\/wp-content\/uploads\/2025\/09\/zammuto_loc_MI-724x1024.jpg 724w, https:\/\/lacasadelleartiste.it\/wp-content\/uploads\/2025\/09\/zammuto_loc_MI-212x300.jpg 212w, https:\/\/lacasadelleartiste.it\/wp-content\/uploads\/2025\/09\/zammuto_loc_MI-768x1086.jpg 768w, https:\/\/lacasadelleartiste.it\/wp-content\/uploads\/2025\/09\/zammuto_loc_MI-1086x1536.jpg 1086w, https:\/\/lacasadelleartiste.it\/wp-content\/uploads\/2025\/09\/zammuto_loc_MI-1448x2048.jpg 1448w, https:\/\/lacasadelleartiste.it\/wp-content\/uploads\/2025\/09\/zammuto_loc_MI-scaled.jpg 1810w\" sizes=\"(max-width: 460px) 100vw, 460px\" \/><\/p>\n<p>25 ottobre 25 &#8211; ore 18.00<\/p>\n<p>Casa delle Donne &#8211; via Marsala, 10 &#8211; MILANO<\/p>\n<p>La Casa delle Artiste \u00e8 lieta di promuovere la presentazione del libro di poesie di<\/p>\n<p>CATERINA ZAMMUTO<\/p>\n<p>&#8220;Cristallo blindato&#8221;<\/p>\n<p>(La Vita Felice, 2025)<\/p>\n<p>in dialogo con Diana Battaggia<\/p>\n<p>&nbsp;<\/p>\n<p>Ingresso libero<\/p>\n<p>&nbsp;<\/p>\n<p>Scheda volume: https:\/\/www.lavitafelice.it\/scheda-libro\/caterina-zammuto\/cristallo-blindato-9788893468978-618983.html<\/p>\n<p>La raccolta <em>Cristallo blindato<\/em> parla di un dolore familiare, intimo; \u00e8 una storia narrata a pi\u00f9 voci e per frammenti privati, eppure uno dei motivi per richiederne la sua pubblicazione \u00e8 stato il desiderio di dare voce a qualcosa di pi\u00f9 grande, di pubblico. Nei testi compare, senza essere nominato espressamente, se non nella sezione <em>La chiave<\/em>, il Prof. Enrico Madon, che \u00e8 stato ordinario di pediatria oncoematologica, fondatore del Centro di Oncoematologia Pediatrica dell\u2019Ospedale Infantile Regina Margherita di Torino e co-fondatore dell\u2019AIEOP, l\u2019Associazione Italiana di Ematologia e Oncologia Pediatrica. Pubblicare questi versi, dunque, \u00e8 un modo per diffondere la narrazione di una realt\u00e0 importante e virtuosa, di una vicenda poco conosciuta, eppure saldamente incastonata nella storia di Torino, la mia citt\u00e0.<\/p>\n<p><em>l\u2019Autrice<\/em><\/p>\n<p>***<\/p>\n<p>Un uomo in camice bianco<br \/>\nla madre di Cristo nel nome<\/p>\n<p>Signora, si sieda<br \/>\nsedetevi entrambi<br \/>\nche i colpi che tocca assestare<br \/>\nin questo mestiere<br \/>\nnon lasciano in piedi<br \/>\nnessuno.<\/p>\n<p>Un uomo in camice bianco<br \/>\nla madre di Cristo nel nome<\/p>\n<p>Sedete, vi spiego il dolore<br \/>\nvi apro le carni<br \/>\ncercando parole<br \/>\nadeguate<br \/>\nun fiotto di sillabe scelte<br \/>\npesate<br \/>\nun flusso continuo<br \/>\nma lento<\/p>\n<p>(bisogna che abbiano il tempo<br \/>\nbisogna che il colpo<br \/>\nche toglie i respiri<br \/>\nli lasci pur vivi<br \/>\nquel tanto che serve<br \/>\nquel tanto che basta<br \/>\na me per spiegare<br \/>\na me per trovare<br \/>\nla forza<br \/>\ndi farlo di nuovo<br \/>\ndi fare con loro<br \/>\nin questo momento<br \/>\nlo stesso di ieri<br \/>\nlo stesso che pure domani,<br \/>\ncon altri).<\/p>\n<p>Un uomo in camice bianco<br \/>\nla madre di Cristo nel nome<\/p>\n<p>Sedete, vi spiego l\u2019orrore<br \/>\nvi spiego<br \/>\nche il sangue di un figlio<br \/>\npu\u00f2 anche impazzire<br \/>\nprodurre<br \/>\ncorpuscoli bianchi che fanno&#8230;<\/p>\n<p>(non dire<br \/>\nnon dire<br \/>\nnon dire:<br \/>\nquel verbo)<\/p>\n<p>che fanno&#8230; ammalare<\/p>\n<p>(adesso \u00e8 il momento<br \/>\ncontinua a parlare<br \/>\nrimani pacato \u2013 composto<br \/>\nse taci<br \/>\nil silenzio potrebbe ammazzarli<br \/>\nsul posto)<\/p>\n<p>Sappiate \u2013 comunque \u2013 sappiate:<br \/>\npossiamo curare.<\/p>\n<p>Un uomo in camice bianco<br \/>\nil calice \u00e8 nero<br \/>\ne lui non lo pu\u00f2 allontanare<\/p>\n<p>la madre di Cristo nel nome<br \/>\nnel nome del padre, del figlio<br \/>\ne di Enrico:<\/p>\n<p>Possiamo curare,<br \/>\nvi dico.<\/p>\n","protected":false},"excerpt":{"rendered":"<p>25 ottobre 25 &#8211; ore 18.00 Casa delle Donne &#8211; via Marsala, 10 &#8211; MILANO La Casa delle Artiste \u00e8 lieta di promuovere la presentazione del libro di poesie di CATERINA ZAMMUTO &#8220;Cristallo blindato&#8221; (La Vita Felice, 2025) in dialogo con Diana Battaggia &nbsp; Ingresso libero &nbsp; Scheda volume: https:\/\/www.lavitafelice.it\/scheda-libro\/caterina-zammuto\/cristallo-blindato-9788893468978-618983.html La raccolta Cristallo blindato parla [&hellip;]<\/p>\n","protected":false},"author":1,"featured_media":6298,"comment_status":"open","ping_status":"open","sticky":false,"template":"","format":"standard","meta":[],"categories":[46,20],"tags":[55],"_links":{"self":[{"href":"https:\/\/lacasadelleartiste.it\/index.php?rest_route=\/wp\/v2\/posts\/6297"}],"collection":[{"href":"https:\/\/lacasadelleartiste.it\/index.php?rest_route=\/wp\/v2\/posts"}],"about":[{"href":"https:\/\/lacasadelleartiste.it\/index.php?rest_route=\/wp\/v2\/types\/post"}],"author":[{"embeddable":true,"href":"https:\/\/lacasadelleartiste.it\/index.php?rest_route=\/wp\/v2\/users\/1"}],"replies":[{"embeddable":true,"href":"https:\/\/lacasadelleartiste.it\/index.php?rest_route=%2Fwp%2Fv2%2Fcomments&post=6297"}],"version-history":[{"count":2,"href":"https:\/\/lacasadelleartiste.it\/index.php?rest_route=\/wp\/v2\/posts\/6297\/revisions"}],"predecessor-version":[{"id":6301,"href":"https:\/\/lacasadelleartiste.it\/index.php?rest_route=\/wp\/v2\/posts\/6297\/revisions\/6301"}],"wp:featuredmedia":[{"embeddable":true,"href":"https:\/\/lacasadelleartiste.it\/index.php?rest_route=\/wp\/v2\/media\/6298"}],"wp:attachment":[{"href":"https:\/\/lacasadelleartiste.it\/index.php?rest_route=%2Fwp%2Fv2%2Fmedia&parent=6297"}],"wp:term":[{"taxonomy":"category","embeddable":true,"href":"https:\/\/lacasadelleartiste.it\/index.php?rest_route=%2Fwp%2Fv2%2Fcategories&post=6297"},{"taxonomy":"post_tag","embeddable":true,"href":"https:\/\/lacasadelleartiste.it\/index.php?rest_route=%2Fwp%2Fv2%2Ftags&post=6297"}],"curies":[{"name":"wp","href":"https:\/\/api.w.org\/{rel}","templated":true}]}}