{"id":629,"date":"2017-01-09T12:54:15","date_gmt":"2017-01-09T11:54:15","guid":{"rendered":"http:\/\/spazioaldamerini.org\/?p=629"},"modified":"2017-01-09T12:54:15","modified_gmt":"2017-01-09T11:54:15","slug":"19-1-17-luisa-puttini-hall-poesia","status":"publish","type":"post","link":"https:\/\/lacasadelleartiste.it\/?p=629","title":{"rendered":"19 1 17 Luisa Puttini Hall (poesia)"},"content":{"rendered":"<p><a href=\"https:\/\/spazioaldamerinidotorg.files.wordpress.com\/2017\/01\/puttini-hall-19-1-17_sm.jpg\"><img loading=\"lazy\" class=\"alignnone  wp-image-766\" src=\"https:\/\/spazioaldamerinidotorg.files.wordpress.com\/2017\/01\/puttini-hall-19-1-17_sm.jpg?w=212\" alt=\"puttini-hall-19-1-17_sm\" width=\"322\" height=\"456\" \/><\/a><\/p>\n<p>Luisa Puttini Hall presenta \u00abNon \u00e8 tempo di pettirossi\u00bb (la Vita Felice 2016) con prefazione di Lodovico Gierut <a href=\"http:\/\/poesia.lavitafelice.it\/scheda-libro\/luisa-puttini-hall\/non-e-tempo-di-pettirossi-9788893460217-369200.html\" target=\"_blank\" rel=\"noopener\">(scheda libro)<\/a><\/p>\n<p>Con la partecipazione della prof. Silvia Riva,\u00a0 docente di letteratura francese all&#8217;Universit\u00e0 di Milano<\/p>\n<p>Intermezzi musicali di Giordano Dall&#8217;Armellina<\/p>\n<p>Diana Battaggia conduce l&#8217;incontro.<\/p>\n<p>Ingresso libero<\/p>\n<p>&nbsp;<\/p>\n<p class=\"p1\"><strong>il <em>viaggio<\/em> \u00e8 nell\u2019insieme la caratteristica di questa ennesima raccolta di Luisa Puttini Hall, un percorso assai simile a un fiume, che ha un preciso <em>letto<\/em>, senza il quale si avrebbe un avanzare decisamente caotico dell\u2019acqua. <em>Letto<\/em> che, con i propri argini, \u00e8 una vera <em>traccia<\/em> con l\u2019<em>acqua<\/em>\/pensiero\/azione che scorre qualificando il fiume della creativit\u00e0, specificata negli argini dello stesso. L\u2019<em>acqua<\/em> altro non \u00e8 che la poesia di Luisa Puttini Hall, autonoma, riflettente un pensiero libero che racconta e si racconta \u201cdipingendo\u201d senza reticenze ed esitazioni.<\/strong><\/p>\n<p class=\"p2\"><strong>\u00a0<\/strong><\/p>\n<p class=\"p3\"><strong><em>dalla prefazione di Lodovico Gierut<\/em><\/strong><\/p>\n<p class=\"p1\">Luisa Puttini Hall \u00e8 nata a Milano, ma vive a Firenze, dove si \u00e8 svolta la sua attivit\u00e0 di insegnante e ha avuto inizio la sua produzione letteraria. Legata al mondo britannico per professione e matrimonio, ha sviluppato una grande passione per il paesaggio del Nord Europa, meta di viaggi e lunghi soggiorni. Sia lo sfondo naturale sia quello culturale dei Paesi anglosassoni trovano eco nella sua poesia e nel suo romanzo.<\/p>\n<p class=\"p1\"><em>Non \u00e8 tempo di pettirossi <\/em>\u00e8 la terza raccolta poetica dopo <em>Giorni d\u2019inedia e d\u2019abbondanza <\/em>(Masso delle Fate, 2007) e <em>Isole e Terre <\/em>(Mobydick, 2011) ed \u00e8 preceduta dal romanzo, di carattere ecologico fantascientifico, <em>Allergia <\/em>(Mobydick, 2013): pubblicazioni che hanno ottenuto premi e riconoscimenti, dal \u201cMarisa Priori\u201d 2008 al \u201cPortone letterario di Pisa\u201d 2011, al \u201cBuonarroti\u201d di Massa 2014. Le sue poesie e i suoi racconti, vincitori in vari concorsi, sono presenti anche in riviste e antologie.<\/p>\n<p>&nbsp;<\/p>\n","protected":false},"excerpt":{"rendered":"<p>Luisa Puttini Hall presenta \u00abNon \u00e8 tempo di pettirossi\u00bb (la Vita Felice 2016) con prefazione di Lodovico Gierut (scheda libro) Con la partecipazione della prof. Silvia Riva,\u00a0 docente di letteratura francese all&#8217;Universit\u00e0 di Milano Intermezzi musicali di Giordano Dall&#8217;Armellina Diana Battaggia conduce l&#8217;incontro. Ingresso libero &nbsp; il viaggio \u00e8 nell\u2019insieme la caratteristica di questa ennesima [&hellip;]<\/p>\n","protected":false},"author":1,"featured_media":766,"comment_status":"open","ping_status":"open","sticky":false,"template":"","format":"standard","meta":[],"categories":[20],"tags":[28],"_links":{"self":[{"href":"https:\/\/lacasadelleartiste.it\/index.php?rest_route=\/wp\/v2\/posts\/629"}],"collection":[{"href":"https:\/\/lacasadelleartiste.it\/index.php?rest_route=\/wp\/v2\/posts"}],"about":[{"href":"https:\/\/lacasadelleartiste.it\/index.php?rest_route=\/wp\/v2\/types\/post"}],"author":[{"embeddable":true,"href":"https:\/\/lacasadelleartiste.it\/index.php?rest_route=\/wp\/v2\/users\/1"}],"replies":[{"embeddable":true,"href":"https:\/\/lacasadelleartiste.it\/index.php?rest_route=%2Fwp%2Fv2%2Fcomments&post=629"}],"version-history":[{"count":0,"href":"https:\/\/lacasadelleartiste.it\/index.php?rest_route=\/wp\/v2\/posts\/629\/revisions"}],"wp:featuredmedia":[{"embeddable":true,"href":"https:\/\/lacasadelleartiste.it\/index.php?rest_route=\/wp\/v2\/media\/766"}],"wp:attachment":[{"href":"https:\/\/lacasadelleartiste.it\/index.php?rest_route=%2Fwp%2Fv2%2Fmedia&parent=629"}],"wp:term":[{"taxonomy":"category","embeddable":true,"href":"https:\/\/lacasadelleartiste.it\/index.php?rest_route=%2Fwp%2Fv2%2Fcategories&post=629"},{"taxonomy":"post_tag","embeddable":true,"href":"https:\/\/lacasadelleartiste.it\/index.php?rest_route=%2Fwp%2Fv2%2Ftags&post=629"}],"curies":[{"name":"wp","href":"https:\/\/api.w.org\/{rel}","templated":true}]}}