{"id":619,"date":"2016-12-22T00:24:34","date_gmt":"2016-12-21T23:24:34","guid":{"rendered":"http:\/\/spazioaldamerini.org\/?p=619"},"modified":"2016-12-22T00:24:34","modified_gmt":"2016-12-21T23:24:34","slug":"natale-2016-giorni-di-chiusura","status":"publish","type":"post","link":"https:\/\/lacasadelleartiste.it\/?p=619","title":{"rendered":"Natale 2016: giorni di chiusura"},"content":{"rendered":"<p>La Casa delle Arti &#8211; Spazio Alda Merini rester\u00e0 chiusa nei giorni:<\/p>\n<p>24 -25 -26 dicembre 2016 e 1 gennaio 2017.<\/p>\n<p>Il 31 dicembre sar\u00e0 aperta dalle 10.00 alle 13.00.<\/p>\n<p>Il 6 gennaio sar\u00e0 aperta regolarmente con un pomeriggio dedicato a una tombola poetica\u00a0 (<a href=\"https:\/\/spazioaldamerini.org\/2016\/12\/22\/6-1-17-tombola-per-te-con-te-e-poesia\/\" target=\"_blank\" rel=\"noopener\">vedi qui dettagli<\/a>)<\/p>\n<p><img loading=\"lazy\" class=\"alignnone size-full wp-image-627\" src=\"https:\/\/spazioaldamerinidotorg.files.wordpress.com\/2016\/12\/img_0386.jpg\" alt=\"img_0386\" width=\"2027\" height=\"1377\" \/><\/p>\n","protected":false},"excerpt":{"rendered":"<p>La Casa delle Arti &#8211; Spazio Alda Merini rester\u00e0 chiusa nei giorni: 24 -25 -26 dicembre 2016 e 1 gennaio 2017. Il 31 dicembre sar\u00e0 aperta dalle 10.00 alle 13.00. Il 6 gennaio sar\u00e0 aperta regolarmente con un pomeriggio dedicato a una tombola poetica\u00a0 (vedi qui dettagli)<\/p>\n","protected":false},"author":1,"featured_media":0,"comment_status":"open","ping_status":"open","sticky":false,"template":"","format":"standard","meta":[],"categories":[21],"tags":[],"_links":{"self":[{"href":"https:\/\/lacasadelleartiste.it\/index.php?rest_route=\/wp\/v2\/posts\/619"}],"collection":[{"href":"https:\/\/lacasadelleartiste.it\/index.php?rest_route=\/wp\/v2\/posts"}],"about":[{"href":"https:\/\/lacasadelleartiste.it\/index.php?rest_route=\/wp\/v2\/types\/post"}],"author":[{"embeddable":true,"href":"https:\/\/lacasadelleartiste.it\/index.php?rest_route=\/wp\/v2\/users\/1"}],"replies":[{"embeddable":true,"href":"https:\/\/lacasadelleartiste.it\/index.php?rest_route=%2Fwp%2Fv2%2Fcomments&post=619"}],"version-history":[{"count":0,"href":"https:\/\/lacasadelleartiste.it\/index.php?rest_route=\/wp\/v2\/posts\/619\/revisions"}],"wp:attachment":[{"href":"https:\/\/lacasadelleartiste.it\/index.php?rest_route=%2Fwp%2Fv2%2Fmedia&parent=619"}],"wp:term":[{"taxonomy":"category","embeddable":true,"href":"https:\/\/lacasadelleartiste.it\/index.php?rest_route=%2Fwp%2Fv2%2Fcategories&post=619"},{"taxonomy":"post_tag","embeddable":true,"href":"https:\/\/lacasadelleartiste.it\/index.php?rest_route=%2Fwp%2Fv2%2Ftags&post=619"}],"curies":[{"name":"wp","href":"https:\/\/api.w.org\/{rel}","templated":true}]}}