{"id":6167,"date":"2024-10-23T11:13:02","date_gmt":"2024-10-23T11:13:02","guid":{"rendered":"https:\/\/lacasadelleartiste.it\/?p=6167"},"modified":"2024-10-24T09:26:53","modified_gmt":"2024-10-24T09:26:53","slug":"17-11-24-bcm24-sette-stanze-e-un-epilogo-opera-poetica-musicale-e-pittorica","status":"publish","type":"post","link":"https:\/\/lacasadelleartiste.it\/?p=6167","title":{"rendered":"17\/11\/24 BCM24 &#8211; Sette stanze e un epilogo \u2013 opera poetica, musicale e pittorica"},"content":{"rendered":"<p><img loading=\"lazy\" class=\"alignnone  wp-image-6168\" src=\"https:\/\/lacasadelleartiste.it\/wp-content\/uploads\/2024\/10\/7stanze-loc-BCM-24-724x1024.jpg\" alt=\"\" width=\"618\" height=\"874\" srcset=\"https:\/\/lacasadelleartiste.it\/wp-content\/uploads\/2024\/10\/7stanze-loc-BCM-24-724x1024.jpg 724w, https:\/\/lacasadelleartiste.it\/wp-content\/uploads\/2024\/10\/7stanze-loc-BCM-24-212x300.jpg 212w, https:\/\/lacasadelleartiste.it\/wp-content\/uploads\/2024\/10\/7stanze-loc-BCM-24-768x1086.jpg 768w, https:\/\/lacasadelleartiste.it\/wp-content\/uploads\/2024\/10\/7stanze-loc-BCM-24-1086x1536.jpg 1086w, https:\/\/lacasadelleartiste.it\/wp-content\/uploads\/2024\/10\/7stanze-loc-BCM-24.jpg 1414w\" sizes=\"(max-width: 618px) 100vw, 618px\" \/><\/p>\n<p>17 novembre 2024 &#8211; ore 18.00<\/p>\n<p>SALA ALETTI (Villaggio Barona) &#8211; via Ettore POnti 21 &#8211; Milano<\/p>\n<h5>Sette stanze e un epilogo \u2013 opera poetica, musicale e pittorica<\/h5>\n<p>realizzata dai poeti <a href=\"http:\/\/Antonio Laneve (Cant\u00f9, CO, 1965) risiede a Cermenate (CO) ma \u00e8 milanese di adozione. \u00c8 operaio in un\u2019industria alimentare. In poesia ha pubblicato con Barbara Rabita: Convergenze (Centro Tipografico Livornese); Calembourgh (Libeccio CTL); Lezione Frontale (La Vita Felice). \u00c8 presente in riviste e antologie e sue poesie sono comparse sui quotidiani \u201cLa Repubblica\u201d, ne \u201cLa Bottega di Poesia\u201d e \u201cLa Provincia di Como\u201d. Barbara Rabita (Milano 1967) risiede a Milano. Laureata in Lingue e Letterature Straniere Moderne, insegna in una scuola secondaria di primo grado. Ha pubblicato con Antonio Laneve, Convergenze (Edizioni CTL) e Poliedri (ivi). \u00c8 presente in una plaquette di Autori vari a cura di F. Bernini e M. Pelliccioli, Edizioni Stampa 2009 (2022), ed \u00e8 inclusa in riviste e antologie. Sue poesie sono comparse sui quotidiani \u201cLa Repubblica\u201d (inserto di Milano), ne \u201cLa Bottega di Poesia\u201d e \u201cLa Provincia di Como\u201d.\"><strong>Barbara Rabita<\/strong> e <strong>Antonio Laneve<\/strong><\/a> insieme al Maestro compositore <a href=\"http:\/\/www.umbertobombardelli.info\/ita\/bio_ita.php\"><strong>Umberto Bombardelli<\/strong> <\/a>e al pittore <a href=\"https:\/\/www.artribune.com\/attualita\/2015\/05\/anche-giotto-ha-fatto-lillustratore-parla-vittorio-sedini\/\"><strong>Vittorio Sedini<\/strong><\/a><\/p>\n<p>&nbsp;<\/p>\n<p>Un sodalizio artistico che amalgama parole, note e segni per un messaggio di bellezza universale.<\/p>\n<p>&nbsp;<\/p>\n<p><strong>@bookcitymilano<\/strong><\/p>\n<p><strong>#BCM24 #BookCityMilano<\/strong><\/p>\n<p>&nbsp;<\/p>\n","protected":false},"excerpt":{"rendered":"<p>17 novembre 2024 &#8211; ore 18.00 SALA ALETTI (Villaggio Barona) &#8211; via Ettore POnti 21 &#8211; Milano Sette stanze e un epilogo \u2013 opera poetica, musicale e pittorica realizzata dai poeti Barbara Rabita e Antonio Laneve insieme al Maestro compositore Umberto Bombardelli e al pittore Vittorio Sedini &nbsp; Un sodalizio artistico che amalgama parole, note [&hellip;]<\/p>\n","protected":false},"author":1,"featured_media":6168,"comment_status":"open","ping_status":"open","sticky":false,"template":"","format":"standard","meta":[],"categories":[54],"tags":[52],"_links":{"self":[{"href":"https:\/\/lacasadelleartiste.it\/index.php?rest_route=\/wp\/v2\/posts\/6167"}],"collection":[{"href":"https:\/\/lacasadelleartiste.it\/index.php?rest_route=\/wp\/v2\/posts"}],"about":[{"href":"https:\/\/lacasadelleartiste.it\/index.php?rest_route=\/wp\/v2\/types\/post"}],"author":[{"embeddable":true,"href":"https:\/\/lacasadelleartiste.it\/index.php?rest_route=\/wp\/v2\/users\/1"}],"replies":[{"embeddable":true,"href":"https:\/\/lacasadelleartiste.it\/index.php?rest_route=%2Fwp%2Fv2%2Fcomments&post=6167"}],"version-history":[{"count":1,"href":"https:\/\/lacasadelleartiste.it\/index.php?rest_route=\/wp\/v2\/posts\/6167\/revisions"}],"predecessor-version":[{"id":6169,"href":"https:\/\/lacasadelleartiste.it\/index.php?rest_route=\/wp\/v2\/posts\/6167\/revisions\/6169"}],"wp:featuredmedia":[{"embeddable":true,"href":"https:\/\/lacasadelleartiste.it\/index.php?rest_route=\/wp\/v2\/media\/6168"}],"wp:attachment":[{"href":"https:\/\/lacasadelleartiste.it\/index.php?rest_route=%2Fwp%2Fv2%2Fmedia&parent=6167"}],"wp:term":[{"taxonomy":"category","embeddable":true,"href":"https:\/\/lacasadelleartiste.it\/index.php?rest_route=%2Fwp%2Fv2%2Fcategories&post=6167"},{"taxonomy":"post_tag","embeddable":true,"href":"https:\/\/lacasadelleartiste.it\/index.php?rest_route=%2Fwp%2Fv2%2Ftags&post=6167"}],"curies":[{"name":"wp","href":"https:\/\/api.w.org\/{rel}","templated":true}]}}