{"id":6124,"date":"2024-09-18T21:05:27","date_gmt":"2024-09-18T21:05:27","guid":{"rendered":"https:\/\/lacasadelleartiste.it\/?p=6124"},"modified":"2024-09-19T16:38:05","modified_gmt":"2024-09-19T16:38:05","slug":"19-10-24-antonio-ricci-con-farfalle-nel-tempio","status":"publish","type":"post","link":"https:\/\/lacasadelleartiste.it\/?p=6124","title":{"rendered":"19\/10\/24 ANTONIO RICCI con \u00abFarfalle nel tempio\u00bb"},"content":{"rendered":"<p><img loading=\"lazy\" class=\"alignnone size-full wp-image-6133\" src=\"https:\/\/lacasadelleartiste.it\/wp-content\/uploads\/2024\/09\/loc-RICCI-ANTONIOx-IG-1.jpg\" alt=\"\" width=\"945\" height=\"945\" srcset=\"https:\/\/lacasadelleartiste.it\/wp-content\/uploads\/2024\/09\/loc-RICCI-ANTONIOx-IG-1.jpg 945w, https:\/\/lacasadelleartiste.it\/wp-content\/uploads\/2024\/09\/loc-RICCI-ANTONIOx-IG-1-300x300.jpg 300w, https:\/\/lacasadelleartiste.it\/wp-content\/uploads\/2024\/09\/loc-RICCI-ANTONIOx-IG-1-150x150.jpg 150w, https:\/\/lacasadelleartiste.it\/wp-content\/uploads\/2024\/09\/loc-RICCI-ANTONIOx-IG-1-768x768.jpg 768w, https:\/\/lacasadelleartiste.it\/wp-content\/uploads\/2024\/09\/loc-RICCI-ANTONIOx-IG-1-365x365.jpg 365w, https:\/\/lacasadelleartiste.it\/wp-content\/uploads\/2024\/09\/loc-RICCI-ANTONIOx-IG-1-500x500.jpg 500w\" sizes=\"(max-width: 945px) 100vw, 945px\" \/><\/p>\n<p><strong>19 ottobre 2024 &#8211; ore 18.00<\/strong><\/p>\n<p>SALA ALETTI (Villaggio Barona) &#8211; via Ettore Ponti, 21 &#8211; Milano<\/p>\n<h5>ANTONIO RICCI presenta la recente raccolta poetica &#8220;FARFALLE NEL TEMPIO&#8221; (La Vita Felice)<\/h5>\n<p>in dialogo con l&#8217;autore GIOVANNI RIBALDONE (prefatore della raccolta)<\/p>\n<p>Intermezzi musicali dell&#8217;autore con Maurizio Maniglia<\/p>\n<div>****<\/div>\n<div><\/div>\n<div>Antonio Ricci ci presenta un percorso che va dalle emozioni umane \u2013 che ci si presentano in certi istanti della nostra vita, attraversano il sentimento di solidariet\u00e0 che proviamo di fronte a tragedie collettive \u2013 fino ad arrivare al ricordo e alla commemorazione con testi dedicati a singole persone che hanno rappresentato, con il loro esempio e sacrificio, figure importanti per noi.<\/div>\n<div>Il volume \u00e8 arricchito da immagini che alcuni artisti hanno voluto comporre per dare pi\u00f9 forza ai significati dei testi. \u00c8 un tentativo originale di rappresentare e comunicare a due voci: la parola poetica, con tutta la sua capacit\u00e0 evocativa, che si coniuga con l\u2019immagine artistica, che contiene tutta la forza visiva che le \u00e8 propria.<\/div>\n<p><em>dalla prefazione di Giovanni Ribaldone<\/em><\/p>\n<p>***<\/p>\n<p><strong>Ali danzanti<\/strong><br \/>\n<em><br \/>\n<\/em>Funamboli di parole soggiacciono<br \/>\nal volo di farfalle in un campo di grano.<br \/>\nI colori intorno annodano lo sguardo<br \/>\nnel divino fluttuare dell\u2019amore.<br \/>\nFolate di vento propagano<br \/>\nprofumi appena dischiusi.<br \/>\nSi aggruma il pensiero nella<br \/>\nmemoria profonda, affannato<br \/>\nsoliloquio del disadorno cielo, dove<br \/>\ni nostri spasmi debordano per<br \/>\nessere braccia aperte alla virt\u00f9<br \/>\nceleste.<br \/>\nAl buio delle stelle, i suoni<br \/>\nascoltano il silenzio della luna.<br \/>\n<em><br \/>\n<\/em><\/p>\n<p><a href=\"https:\/\/www.lavitafelice.it\/scheda-libro\/antonio-ricci\/farfalle-nel-tempio-9788893468121-618877.html\">Scheda volume qui<\/a><\/p>\n<p>&nbsp;<\/p>\n<p><img loading=\"lazy\" class=\"alignnone wp-image-5689\" src=\"https:\/\/lacasadelleartiste.it\/wp-content\/uploads\/2022\/10\/mappa-sala-Aletti.jpg\" alt=\"\" width=\"621\" height=\"538\" srcset=\"https:\/\/lacasadelleartiste.it\/wp-content\/uploads\/2022\/10\/mappa-sala-Aletti.jpg 827w, https:\/\/lacasadelleartiste.it\/wp-content\/uploads\/2022\/10\/mappa-sala-Aletti-300x260.jpg 300w, https:\/\/lacasadelleartiste.it\/wp-content\/uploads\/2022\/10\/mappa-sala-Aletti-768x665.jpg 768w\" sizes=\"(max-width: 621px) 100vw, 621px\" \/><\/p>\n<p>&nbsp;<\/p>\n","protected":false},"excerpt":{"rendered":"<p>19 ottobre 2024 &#8211; ore 18.00 SALA ALETTI (Villaggio Barona) &#8211; via Ettore Ponti, 21 &#8211; Milano ANTONIO RICCI presenta la recente raccolta poetica &#8220;FARFALLE NEL TEMPIO&#8221; (La Vita Felice) in dialogo con l&#8217;autore GIOVANNI RIBALDONE (prefatore della raccolta) Intermezzi musicali dell&#8217;autore con Maurizio Maniglia **** Antonio Ricci ci presenta un percorso che va dalle [&hellip;]<\/p>\n","protected":false},"author":1,"featured_media":6133,"comment_status":"open","ping_status":"open","sticky":false,"template":"","format":"standard","meta":[],"categories":[20,44],"tags":[52],"_links":{"self":[{"href":"https:\/\/lacasadelleartiste.it\/index.php?rest_route=\/wp\/v2\/posts\/6124"}],"collection":[{"href":"https:\/\/lacasadelleartiste.it\/index.php?rest_route=\/wp\/v2\/posts"}],"about":[{"href":"https:\/\/lacasadelleartiste.it\/index.php?rest_route=\/wp\/v2\/types\/post"}],"author":[{"embeddable":true,"href":"https:\/\/lacasadelleartiste.it\/index.php?rest_route=\/wp\/v2\/users\/1"}],"replies":[{"embeddable":true,"href":"https:\/\/lacasadelleartiste.it\/index.php?rest_route=%2Fwp%2Fv2%2Fcomments&post=6124"}],"version-history":[{"count":4,"href":"https:\/\/lacasadelleartiste.it\/index.php?rest_route=\/wp\/v2\/posts\/6124\/revisions"}],"predecessor-version":[{"id":6134,"href":"https:\/\/lacasadelleartiste.it\/index.php?rest_route=\/wp\/v2\/posts\/6124\/revisions\/6134"}],"wp:featuredmedia":[{"embeddable":true,"href":"https:\/\/lacasadelleartiste.it\/index.php?rest_route=\/wp\/v2\/media\/6133"}],"wp:attachment":[{"href":"https:\/\/lacasadelleartiste.it\/index.php?rest_route=%2Fwp%2Fv2%2Fmedia&parent=6124"}],"wp:term":[{"taxonomy":"category","embeddable":true,"href":"https:\/\/lacasadelleartiste.it\/index.php?rest_route=%2Fwp%2Fv2%2Fcategories&post=6124"},{"taxonomy":"post_tag","embeddable":true,"href":"https:\/\/lacasadelleartiste.it\/index.php?rest_route=%2Fwp%2Fv2%2Ftags&post=6124"}],"curies":[{"name":"wp","href":"https:\/\/api.w.org\/{rel}","templated":true}]}}