{"id":6115,"date":"2024-08-31T15:44:17","date_gmt":"2024-08-31T15:44:17","guid":{"rendered":"https:\/\/lacasadelleartiste.it\/?p=6115"},"modified":"2024-09-12T11:10:26","modified_gmt":"2024-09-12T11:10:26","slug":"13-9-24-azzurra-sorbi-con-il-mio-nome-e-eva-una-bambina-curda-in-italia","status":"publish","type":"post","link":"https:\/\/lacasadelleartiste.it\/?p=6115","title":{"rendered":"13\/9\/24 ANNULLATO &#8211; Azzurra Sorbi con \u00abIl mio nome \u00e8 Eva: una bambina curda in Italia\u00bb"},"content":{"rendered":"<p><img loading=\"lazy\" class=\"alignnone wp-image-6119\" src=\"https:\/\/lacasadelleartiste.it\/wp-content\/uploads\/2024\/08\/Azzurra-Sorbi_ig_POSTICIPATO.jpg\" alt=\"\" width=\"727\" height=\"727\" srcset=\"https:\/\/lacasadelleartiste.it\/wp-content\/uploads\/2024\/08\/Azzurra-Sorbi_ig_POSTICIPATO.jpg 942w, https:\/\/lacasadelleartiste.it\/wp-content\/uploads\/2024\/08\/Azzurra-Sorbi_ig_POSTICIPATO-300x300.jpg 300w, https:\/\/lacasadelleartiste.it\/wp-content\/uploads\/2024\/08\/Azzurra-Sorbi_ig_POSTICIPATO-150x150.jpg 150w, https:\/\/lacasadelleartiste.it\/wp-content\/uploads\/2024\/08\/Azzurra-Sorbi_ig_POSTICIPATO-768x768.jpg 768w, https:\/\/lacasadelleartiste.it\/wp-content\/uploads\/2024\/08\/Azzurra-Sorbi_ig_POSTICIPATO-365x365.jpg 365w, https:\/\/lacasadelleartiste.it\/wp-content\/uploads\/2024\/08\/Azzurra-Sorbi_ig_POSTICIPATO-500x500.jpg 500w\" sizes=\"(max-width: 727px) 100vw, 727px\" \/><\/p>\n<p><img loading=\"lazy\" class=\"alignnone wp-image-6116\" src=\"https:\/\/lacasadelleartiste.it\/wp-content\/uploads\/2024\/08\/Azzurra-Sorbi_ig.jpg\" alt=\"\" width=\"789\" height=\"789\" srcset=\"https:\/\/lacasadelleartiste.it\/wp-content\/uploads\/2024\/08\/Azzurra-Sorbi_ig.jpg 942w, https:\/\/lacasadelleartiste.it\/wp-content\/uploads\/2024\/08\/Azzurra-Sorbi_ig-300x300.jpg 300w, https:\/\/lacasadelleartiste.it\/wp-content\/uploads\/2024\/08\/Azzurra-Sorbi_ig-150x150.jpg 150w, https:\/\/lacasadelleartiste.it\/wp-content\/uploads\/2024\/08\/Azzurra-Sorbi_ig-768x768.jpg 768w, https:\/\/lacasadelleartiste.it\/wp-content\/uploads\/2024\/08\/Azzurra-Sorbi_ig-365x365.jpg 365w, https:\/\/lacasadelleartiste.it\/wp-content\/uploads\/2024\/08\/Azzurra-Sorbi_ig-500x500.jpg 500w\" sizes=\"(max-width: 789px) 100vw, 789px\" \/><\/p>\n<p>Venerd\u00ec 13 settembre 2024 &#8211; ore 18.00<\/p>\n<p>Sala Aletti (Villaggio Barona) &#8211; Via Ettore Ponti 21 &#8211; Milano<\/p>\n<p>Presentazione del libro di <strong>AZZURRA SORBI<\/strong><\/p>\n<h5><em><strong>Il mio nome \u00e8 Eva &#8211; una bambina curda in italia<\/strong> <\/em><\/h5>\n<p>In dialogo con l&#8217;autrice <strong>Alberto Sanna<\/strong> (ass.ne DARE ong)<\/p>\n<p>&nbsp;<\/p>\n<p><strong>Il tema dell\u2019immigrazione senza teorie, ma vissuto e visto dagli occhi e raccontato dalle parole di una bambina. Una fiaba per grandi e piccini dedicata al Kurdistan e alla sfida dell\u2019immigrazione.<\/strong><\/p>\n<p>&#8220;Eva la abbracci\u00f2, la respir\u00f2 per un&#8217;ultima volta, voleva che il suo odore rimanesse pi\u00f9 impresso possibile nella sua memoria. Era l\u2019odore del suo popolo, l\u2019odore della montagna, un misto di fiori e legna bruciata dal fuoco, quella stessa legna che scalda e arde in ogni casa curda.&#8221;Questo \u00e8 il primo libro di Dare Voce, il progetto nato in seno all&#8217;associazione Dare.ngo con l&#8217;obiettivo di diffondere le storie di chi ha dovuto affrontare la difficile sfida dell\u2019immigrazione. Ogniracconto porta alla luce le emozioni, i pensieri, e i vissuti dei migranti che abitano in Corvetto, uno dei quartieri del Municipio 4 di Milano. Leggere le storie dei protagonisti raccontati da chi ne traduce la storia in parole, permette di stabilire un intimo ed educativo punto di contatto.I lettori verranno accompagnati da Eva a riflettere sul nostro senso di cittadinanza e di giustizia, stimolando la nostra ricerca di conoscenza verso il popolo curdo e ogni altro popolo silenzioso in cerca di libert\u00e0.L&#8217;intero ricavato verr\u00e0 devoluto all&#8217;Associazione Dare.ngo impegnata in molteplici progetti locali e internazionali, molti dei quali a sostegno di ragazzi come Eva.<\/p>\n<p>Come raggiungerci:<\/p>\n<p><img loading=\"lazy\" class=\"alignnone size-full wp-image-5689\" src=\"https:\/\/lacasadelleartiste.it\/wp-content\/uploads\/2022\/10\/mappa-sala-Aletti.jpg\" alt=\"\" width=\"827\" height=\"716\" srcset=\"https:\/\/lacasadelleartiste.it\/wp-content\/uploads\/2022\/10\/mappa-sala-Aletti.jpg 827w, https:\/\/lacasadelleartiste.it\/wp-content\/uploads\/2022\/10\/mappa-sala-Aletti-300x260.jpg 300w, https:\/\/lacasadelleartiste.it\/wp-content\/uploads\/2022\/10\/mappa-sala-Aletti-768x665.jpg 768w\" sizes=\"(max-width: 827px) 100vw, 827px\" \/><\/p>\n","protected":false},"excerpt":{"rendered":"<p>Venerd\u00ec 13 settembre 2024 &#8211; ore 18.00 Sala Aletti (Villaggio Barona) &#8211; Via Ettore Ponti 21 &#8211; Milano Presentazione del libro di AZZURRA SORBI Il mio nome \u00e8 Eva &#8211; una bambina curda in italia In dialogo con l&#8217;autrice Alberto Sanna (ass.ne DARE ong) &nbsp; Il tema dell\u2019immigrazione senza teorie, ma vissuto e visto dagli [&hellip;]<\/p>\n","protected":false},"author":1,"featured_media":6116,"comment_status":"open","ping_status":"open","sticky":false,"template":"","format":"standard","meta":[],"categories":[20],"tags":[52],"_links":{"self":[{"href":"https:\/\/lacasadelleartiste.it\/index.php?rest_route=\/wp\/v2\/posts\/6115"}],"collection":[{"href":"https:\/\/lacasadelleartiste.it\/index.php?rest_route=\/wp\/v2\/posts"}],"about":[{"href":"https:\/\/lacasadelleartiste.it\/index.php?rest_route=\/wp\/v2\/types\/post"}],"author":[{"embeddable":true,"href":"https:\/\/lacasadelleartiste.it\/index.php?rest_route=\/wp\/v2\/users\/1"}],"replies":[{"embeddable":true,"href":"https:\/\/lacasadelleartiste.it\/index.php?rest_route=%2Fwp%2Fv2%2Fcomments&post=6115"}],"version-history":[{"count":2,"href":"https:\/\/lacasadelleartiste.it\/index.php?rest_route=\/wp\/v2\/posts\/6115\/revisions"}],"predecessor-version":[{"id":6120,"href":"https:\/\/lacasadelleartiste.it\/index.php?rest_route=\/wp\/v2\/posts\/6115\/revisions\/6120"}],"wp:featuredmedia":[{"embeddable":true,"href":"https:\/\/lacasadelleartiste.it\/index.php?rest_route=\/wp\/v2\/media\/6116"}],"wp:attachment":[{"href":"https:\/\/lacasadelleartiste.it\/index.php?rest_route=%2Fwp%2Fv2%2Fmedia&parent=6115"}],"wp:term":[{"taxonomy":"category","embeddable":true,"href":"https:\/\/lacasadelleartiste.it\/index.php?rest_route=%2Fwp%2Fv2%2Fcategories&post=6115"},{"taxonomy":"post_tag","embeddable":true,"href":"https:\/\/lacasadelleartiste.it\/index.php?rest_route=%2Fwp%2Fv2%2Ftags&post=6115"}],"curies":[{"name":"wp","href":"https:\/\/api.w.org\/{rel}","templated":true}]}}