{"id":6021,"date":"2024-01-07T13:40:15","date_gmt":"2024-01-07T13:40:15","guid":{"rendered":"https:\/\/lacasadelleartiste.it\/?p=6021"},"modified":"2024-02-05T17:18:32","modified_gmt":"2024-02-05T17:18:32","slug":"lecce-9-2-18-2-24-esposizione-artistica-italo-polacca-per-wislawa-szymborska-e-reading","status":"publish","type":"post","link":"https:\/\/lacasadelleartiste.it\/?p=6021","title":{"rendered":"Lecce 9\/2-18\/2\/24 Esposizione artistica italo polacca per Wis\u0142awa Szymborska e reading"},"content":{"rendered":"<p><img loading=\"lazy\" class=\"alignnone size-large wp-image-6024\" src=\"https:\/\/lacasadelleartiste.it\/wp-content\/uploads\/2024\/01\/poster-Compleanno-LECCE-JPG-1-feb-002-724x1024.jpg\" alt=\"\" width=\"724\" height=\"1024\" srcset=\"https:\/\/lacasadelleartiste.it\/wp-content\/uploads\/2024\/01\/poster-Compleanno-LECCE-JPG-1-feb-002-724x1024.jpg 724w, https:\/\/lacasadelleartiste.it\/wp-content\/uploads\/2024\/01\/poster-Compleanno-LECCE-JPG-1-feb-002-212x300.jpg 212w, https:\/\/lacasadelleartiste.it\/wp-content\/uploads\/2024\/01\/poster-Compleanno-LECCE-JPG-1-feb-002-768x1086.jpg 768w, https:\/\/lacasadelleartiste.it\/wp-content\/uploads\/2024\/01\/poster-Compleanno-LECCE-JPG-1-feb-002-1086x1536.jpg 1086w, https:\/\/lacasadelleartiste.it\/wp-content\/uploads\/2024\/01\/poster-Compleanno-LECCE-JPG-1-feb-002.jpg 1414w\" sizes=\"(max-width: 724px) 100vw, 724px\" \/><\/p>\n<p>VISITA LA MOSTRA QUI https:\/\/art.kunstmatrix.com\/apps\/artspaces\/?external=true&amp;uid=22808&amp;exhibition=12739146<\/p>\n<p>&nbsp;<\/p>\n<p><strong>COMPLEANNO \u201ctanto mondo a un tratto da tutto il mondo\u201d<\/strong><\/p>\n<p>Mostra d\u2019arte contemporanea italo polacca nel centenario della nascita di<\/p>\n<p><strong>Wis\u0142awa Szymborska<\/strong><\/p>\n<p>presso Fondazione Palmieri &#8211; Vicolo dei Sotterranei &#8211; LECCE<\/p>\n<p>dal 9 al 18 febbraio 2024<\/p>\n<p><strong>VERNISSAGE il 9 febbraio -. ore 18.00<br \/>\n<\/strong><\/p>\n<p>con la partecipazione del Console onorario di Polonia a Brindisi\u00a0 <strong>Giuseppe Acierno<\/strong><\/p>\n<p><strong>Fabiana Cicirillo<\/strong>, Assessora alla Cultura di Lecce<\/p>\n<p><strong>l\u2019editore Stefano Donno <\/strong>(I Quaderni del Bardo Edizioni)<\/p>\n<p>&nbsp;<\/p>\n<p><strong>Espongono<\/strong> : per la Polonia\u00a0 <strong>Jacek Balicki<\/strong><strong>,\u00a0 <\/strong><strong>Aleksandra\u00a0 Zuba-Benn, Magdalena Cywicka, <\/strong><strong>\u00a0<\/strong><strong>Dariusz Stanis\u0142aw Grabowski, Jerzy Plucha,<\/strong><strong>\u00a0 <\/strong><strong>Marek Pokrywka, Maria Luiza Pyrlik, Antonina Janus-Szybist<\/strong><strong> , <\/strong><strong>Anna \u015aliwi\u0144ska ,Jolanta Wi\u0119c\u0142aw, Grzegorz Wn\u0119k,<\/strong> <strong>Joanna Zemanek, e Teresa M. \u017bebrowska.<\/strong><\/p>\n<p>Per l&#8217;Italia: <strong>Alessandra Bisi. Enzo Briscese,\u00a0 Andia Asfar Keshmiri, Cinzia Fantozzi, Cristina Gentile, Daniela Gilardoni, Giulia Lungo, Gabriella Maldifassi, Raffaella Pinna, Paola Scialpi, Maria Luisa Simone De Grada, Vittorio Tonon, Paola Valori, Monica Mastelloni<\/strong><\/p>\n<p>&nbsp;<\/p>\n<p>Approfondimenti poetici con<\/p>\n<p><strong>Annelisa Addolorato, Lidia Caputo, Simona Cleopazzo, Marilena Cataldini, Maria Grazia Palazzo, Daniele Palmieri, Stefania Ruggieri, Stefania Zecca<\/strong><\/p>\n<p>&nbsp;<\/p>\n<p>curatori:<br \/>\n<strong>Daniela Gilardoni<\/strong> de La casa delle Artiste<br \/>\ne <strong>Leszek \u017bebrowski<\/strong> della Galeria Labyrint di Cracovia<\/p>\n<p>La mostra esplora il rapporto tra la poesia di Wis\u0142awa Szymborska e l&#8217;arte contemporanea. La poetessa polacca, premio Nobel per la letteratura nel 1996, \u00e8 stata una figura di spicco della letteratura mondiale del XX secolo. La sua poesia, caratterizzata da un&#8217;ironia sottile e da una profonda sensibilit\u00e0, esplora temi universali come l&#8217;amore, la morte, la natura e la condizione umana. L\u2019esposizione d\u2019arte\u00a0 si propone dunque, di creare un dialogo tra l&#8217;opera di Szymborska e le opere di artisti contemporanei polacchi e italiani, un vero e proprio dialogo tra due mondi, tra due forme espressive apparentemente distanti possano dialogare e arricchirsi reciprocamente.<\/p>\n<p>La prima tappa \u00e8 stata a Milano (ottobre 23), a Lecce (febbraio 24) la seconda e la terza si terr\u00e0 in Polonia a a D\u0119bica\u00a0 in maggio 24.<\/p>\n<p>&nbsp;<\/p>\n<p>***<\/p>\n<p><strong>* Simona Cleopazzo<\/strong> ha pubblicato \u201cBikaloro, la scelta consapevole\u201d, \u201cDonne di Pace\u201d (2007), \u201cLa parola alle Donne\u201d (2008); \u201cL\u2019essenziale \u00e8 invisibile agli occhi\u201d (2008) e altri instant book a tema femminista. Poi i romanzi \u201cTre noci moscate nella dote della sposa, Lupo editore\u201d (2012), &#8220;Irene e Frida, Musicaos editore&#8221; (2016), &#8220;Questi giorni, Sensibili alle foglie&#8221; (2020). Laureata in Filosofia si occupa dei progetti: laboratori di scrittura Parole, segni, svolazzi, percorso di lettura sul femminismo Dal Pianto al Canto, laboratorio di scrittura c\/o casa circondariale Borgo San Nicola Lecce, curatrice collana Prose Minime Collettiva Edizioni Lecce curatrice rassegna libri c\/o Nasca, il teatro Lecce, addetta\/biblioteca Ogni Bene Lecce<\/p>\n<p>&nbsp;<\/p>\n<p><strong>Stefania Ruggieri<\/strong> (1963), meridionale di Puglia. Ha pubblicato i libri di poesia Rosso di fragola (Congedo, 1994), Sotto un sole che mai muore (MilellaSpaziovivo, 2013), L\u2019anima (pulcino-elefante, 2017), La luce non \u00e8 spenta il varco non \u00e8 attivo (Lietocolle, 2019), Ogni possibile preghiera (Collettiva, 2020). Alcune poesie sono apparse su Nuovi argomenti.<\/p>\n<p>&nbsp;<\/p>\n<p><strong>Stefania Zecca<\/strong>, 1978. Nata a Lecce dove vive. Pubblicista giornalista. Dal 2022 cura, insieme a Simona Cleopazzo, la collana di poesia \u201cProse minime\u201d e l\u2019ufficio stampa della casa editrice Collettiva Edizioni.<\/p>\n<p>&nbsp;<\/p>\n<p><strong>Maria Grazia Palazzo<\/strong> \u00e8 nata nel 68, a Martina Franca (Ta), vive a Monopoli (Ba) dal 2006, dove si sono rotte le acque della poesia. Ha esercitato la professione di avvocato, per oltre vent\u2019anni. Con l\u2019arrivo di Amit dall\u2019India nel 2014 \u00e8 diventata mamma adottiva e nel 2015, con la seconda laurea in Scienze Religiose, \u00e8 entrata nel mondo del super precariato della scuola.<\/p>\n<p>Pubblicazioni in poesia:<\/p>\n<p>Azimuth (LietoColle, 2012); In punta di piedi (Terra d\u2019ulivi, 2017); Pi Greco, piccolo e-book, (Stefano Donno, 2017); Andromeda (I Quaderni del Bardo Edizioni di Stefano Donno, 2018). Altre poesie sono uscite in collettanea per altre case editrici e su siti web.<\/p>\n<p>&nbsp;<\/p>\n<p><strong>Annelisa Addolorato<\/strong>, Alias ANNE, nata in Italia e cresciuta in Spagna. Artista internazionale, titolare del marchio italiano Navigli Poetry Slam. Lingue principali: italiano, spagnolo, inglese. Benessere umano, sociale, globale, chang; pratica di scrittura, poesia, t\u2019ai ch\u2019i, shao lin. Poesia e Ch\u2019i, scrittura, meditazione in movimento, scrittura e luce (v. fotografia), metodologia a apprendimento ludico per infanzia &amp; et\u00e0 adulta; sostenibilit\u00e0 ambientale, ecologia, condivisione pacifica di saperi, valori culturali e umani, coesistenza ecosistemica, educazione alla pace e alla cultura nazionale e internazionale. Ch\u2019i Kung. Sue poesie, audiolibri, scritti di narrativa e sull\u2019arte sono presenti anche on line e tradotti in molte lingue. Scrive post di attualit\u00e0 e poesia PAESAGGI DELL\u2019ANIMA. PAESAGGI DEL SUD (nella rivista on line Il pensiero mediterraneo); scrive i post mensili della sua rubrica LA SPAGNA IN LETTERE (blog LPLS). Istruttrice Esperta e praticante di Kung Fu Chang (Acsi). Phd in Letteratura spagnola (Universit\u00e0 di Complutense, Madrid).<\/p>\n<p>&nbsp;<\/p>\n<p><strong>Lidia Caputo<\/strong>, laureata cum laude sia in Lettere Classiche che in Lingue e Letterature Straniere, all\u2019Universit\u00e0 degli Studi di Lecce, ha ricoperto la cattedra di ruolo di Materie Letterarie e Latino in vari Licei del Salento. Dopo aver conseguito il Dottorato in \u201cEtica e Antropologia. Storia e Fondazione\u201d all\u2019\u2019Universit\u00e0 degli Studi del Salento, ha collaborato con la Cattedra di Filosofia Morale e in seguito con la Cattedra di Filosofia Teoretica presso la stessa sede universitaria. Attualmente \u00e8 docente di analisi testuale nei seminari di Letteratura Italiana della Facolt\u00e0 di Lingue e letterature Straniere dell\u2019Universit\u00e0 \u201cAldo Moro\u201d di Bari.<\/p>\n<p>Molteplici sono i suoi interessi, nell\u2019ambito della cultura classica, delle letterature comparate, della drammaturgia ha pubblicato: Il Mito e la donna in Bertolt Brecht e Cesare Pavese, La Mongolfiera, Cosenza, 2001; Gerusalemme \u2013 il giardino di Miriam e Salman, La Mongolfiera, Cosenza, 2003; La rappresentazione mitologica del \u201c doppio\u201d e del \u201c molteplice\u201d nei \u201cDialoghi con Leuc\u00f2\u201d di Cesare Pavese, in Atti del Convegno internazionale delle Universit\u00e0 Croate, Dubrovnik, 8-11 sett. 2004.<\/p>\n<p>&nbsp;<\/p>\n<p>In ambito filosofico si \u00e8 dedicata alla ricerca fenomenologica, in primis sul tema dell\u2019intersoggettivit\u00e0, tra le pubblicazioni: Coscienza e intersoggettivit\u00e0 nella fenomenologia di Edmund Husserl, saggio filosofico. Casa Editrice Pensamultimedia, Lecce-Brescia, 2012; Aspetti Intersoggettivi nelle \u201c Meditazioni Cartesiane\u201d di Husserl, in: Atti del Convegno \u201cLibert\u00e0 e Responsabilit\u00e0 del Vivere\u201d, Edizioni del Messaggero di Padova, 2011; Intersoggettivit\u00e0 e comunicazione nei primi scritti husserliani (1890-1908), in \u201cIdee\u201d nuova serie, anno II n. 3, Lecce, 2012; \u201cLa lirica d\u2019amore nella produzione poetica di Erminio Giulio Caputo\u201d all\u2019interno del Convegno nazionale A.N.PO.S.DI. , Gallipoli, 20-24 ottobre, 2022. Collabora con la rivista on line \u201cIl Pensiero mediterraneo\u201d dove ha pubblicato L\u2019attualit\u00e0 dell\u2019amore nelle opere di Max Scheler. Per i tipi di Albatros ha pubblicato la silloge Come Fanciulla, 2021<\/p>\n<p>&nbsp;<\/p>\n<p><strong>Daniela Palmieri<\/strong> \u00e8 proprietaria dell\u2019omonima libreria, una delle pi\u00f9 antiche di Lecce. Ha scritto \u201cLa Cerva\u201d per Besa Editrice \u201cParole in prestito\u201de \u201cCon tutto il cielo in gola\u201d\u00a0 per i Quaderni del Bardo Edizioni di Stefano Donno edizioni.<\/p>\n<p>&nbsp;<\/p>\n<p><strong>Marilena Cataldini<\/strong> &#8211; \u00e8 nata a Gallipoli dove vive. Ha curato la pubblicazione delle riviste \u00abQuaderni del laboratorio Grafico\u00bb (Gallipoli, 1981 \u2013 1982); \u00abSpa-zi-di-versi\u00bb (Gallipoli-Parabita, 1983\/85); \u00abProgetto Umanistico\u00bb (Casarano, 1987\/88); \u00abTempo di marea\u00bb (Cenadi, 1991\/97). Del 1983 \u00e8 il quaderno di poesia visiva Esercizi poetici (pubblicazione in proprio). Nel 1984 \u00e8 fra gli organizzatori del convegno \u201cPoesia Sommersa\u201d (Bari, 24\/25 sett. 1984, libr. Villari). Ha partecipato alla II\u00b0 Biennale Internazionale di poesia visiva tenutasi in Messico nel 1987. Nel successivo 1988, nuova partecipazione ad una rassegna collettiva di poesia visiva internazionale, tenutasi a San Diego, California. Interventi pubblicati su \u00abL\u2019Immaginazione\u00bb, \u00abIl Bosco delle Noci\u00bb, \u00abL\u2019Incantiere\u00bb. Pubblicazione antologica Amore, amore\u2026 (Ed. Alta Marea, Manduria, 1998. Mostra di poesia visiva a Foggia nel marzo 1993. Performances: \u201cL\u2019ombra\u201d (Arci, Lecce, 1990); \u201cBiglietti e bagagli\u201d (Teatro Salesiani, Lecce, dic. 1994; \u201cLa trama del the\u201d (Foggia, 1998); Convegno \u201cScienza e poesia\u201d (Hotel Tiziano, Lecce, 29\/30 nov. 1997). Corso di scrittura creativa sul tema del Diario (Informadonna, Lecce, 2001) ed altri due corsi a Lecce e a Maglie. Performance \u201cIl Giardino\u201d (Casarano-Le, 2004). Intervento: \u201cLa scrittura e la sua ombra\u201d in AA VV Dissociazione e Creativit\u00e0, a cura di V. Ampolo e L. Carretta\u00a0 (Ed. Campanotto, 2005). Mostra collettiva: Taccuini d\u2019Artista, Genova, febb. 2007.\u00a0 Libro VERSO SUD \u2013 Salento d\u2019acqua e di terra rossa, fotografie di Caterina Gerardi, testi di Marilena Cataldini e Marina Pizzarelli (AnimaMundi Edizioni, Lecce, 2008). Intervento ERGO SUM \u2013 Notte Bianca della Letteratura e delle Arti (Galatina, sett. 2008). Mostra collettiva NETVILLE RELOAD \u2013 Easybit Open Space (Torino, Giugno\/ Settembre 2009). Pubblicazione antologica La versione di Giuseppe \u2013 Poeti per don Tonino Bello (Ed. Accademia di Terra d\u2019Otranto, Alessano, 2011); Auguri scomodi \u2013 Poeti per don Tonino Bello (e-book n. 5, dicembre 2011 \u2013 sul sito www.neobar.wordpress.com ); V.Ampolo e M. Cataldini, In Tondo (Ed. iQdB, Lecce, 2017); Intervento al seminario\u201dLa parola intermediale: un itinerario pugliese\u201d (Cavallino, Biblioteca Gino Rizzo, 25-26 maggio 2017). \u00c8 redattrice della rivista di poesia \u00abL\u2019Incantiere\u00bb, quadrimestrale del Laboratorio di Poesia di Lecce e del trimestrale \u00abA Levante\u00bb, spazi per la ricerca, l\u2019arte, la memoria, il territorio, con sede in Galatone (LE).<\/p>\n","protected":false},"excerpt":{"rendered":"<p>VISITA LA MOSTRA QUI https:\/\/art.kunstmatrix.com\/apps\/artspaces\/?external=true&amp;uid=22808&amp;exhibition=12739146 &nbsp; COMPLEANNO \u201ctanto mondo a un tratto da tutto il mondo\u201d Mostra d\u2019arte contemporanea italo polacca nel centenario della nascita di Wis\u0142awa Szymborska presso Fondazione Palmieri &#8211; Vicolo dei Sotterranei &#8211; LECCE dal 9 al 18 febbraio 2024 VERNISSAGE il 9 febbraio -. ore 18.00 con la partecipazione del Console [&hellip;]<\/p>\n","protected":false},"author":1,"featured_media":6024,"comment_status":"open","ping_status":"open","sticky":false,"template":"","format":"standard","meta":[],"categories":[16],"tags":[],"_links":{"self":[{"href":"https:\/\/lacasadelleartiste.it\/index.php?rest_route=\/wp\/v2\/posts\/6021"}],"collection":[{"href":"https:\/\/lacasadelleartiste.it\/index.php?rest_route=\/wp\/v2\/posts"}],"about":[{"href":"https:\/\/lacasadelleartiste.it\/index.php?rest_route=\/wp\/v2\/types\/post"}],"author":[{"embeddable":true,"href":"https:\/\/lacasadelleartiste.it\/index.php?rest_route=\/wp\/v2\/users\/1"}],"replies":[{"embeddable":true,"href":"https:\/\/lacasadelleartiste.it\/index.php?rest_route=%2Fwp%2Fv2%2Fcomments&post=6021"}],"version-history":[{"count":4,"href":"https:\/\/lacasadelleartiste.it\/index.php?rest_route=\/wp\/v2\/posts\/6021\/revisions"}],"predecessor-version":[{"id":6027,"href":"https:\/\/lacasadelleartiste.it\/index.php?rest_route=\/wp\/v2\/posts\/6021\/revisions\/6027"}],"wp:featuredmedia":[{"embeddable":true,"href":"https:\/\/lacasadelleartiste.it\/index.php?rest_route=\/wp\/v2\/media\/6024"}],"wp:attachment":[{"href":"https:\/\/lacasadelleartiste.it\/index.php?rest_route=%2Fwp%2Fv2%2Fmedia&parent=6021"}],"wp:term":[{"taxonomy":"category","embeddable":true,"href":"https:\/\/lacasadelleartiste.it\/index.php?rest_route=%2Fwp%2Fv2%2Fcategories&post=6021"},{"taxonomy":"post_tag","embeddable":true,"href":"https:\/\/lacasadelleartiste.it\/index.php?rest_route=%2Fwp%2Fv2%2Ftags&post=6021"}],"curies":[{"name":"wp","href":"https:\/\/api.w.org\/{rel}","templated":true}]}}