{"id":6017,"date":"2024-01-23T18:48:22","date_gmt":"2024-01-23T18:48:22","guid":{"rendered":"https:\/\/lacasadelleartiste.it\/?p=6017"},"modified":"2024-01-23T18:48:22","modified_gmt":"2024-01-23T18:48:22","slug":"14-3-24-presentazione-antologia-la-voz-de-las-mujeres-en-la-poesia-italiana-de-hoy","status":"publish","type":"post","link":"https:\/\/lacasadelleartiste.it\/?p=6017","title":{"rendered":"14\/3\/24 &#8211; Presentazione antologia \u00abLa voz de las mujeres en la poesia italiana de hoy\u00bb"},"content":{"rendered":"<p>&nbsp;<\/p>\n<p><img loading=\"lazy\" class=\"alignnone  wp-image-6018\" src=\"https:\/\/lacasadelleartiste.it\/wp-content\/uploads\/2024\/01\/14-marzo-Casa-Donne_IG.jpg\" alt=\"\" width=\"730\" height=\"730\" srcset=\"https:\/\/lacasadelleartiste.it\/wp-content\/uploads\/2024\/01\/14-marzo-Casa-Donne_IG.jpg 876w, https:\/\/lacasadelleartiste.it\/wp-content\/uploads\/2024\/01\/14-marzo-Casa-Donne_IG-300x300.jpg 300w, https:\/\/lacasadelleartiste.it\/wp-content\/uploads\/2024\/01\/14-marzo-Casa-Donne_IG-150x150.jpg 150w, https:\/\/lacasadelleartiste.it\/wp-content\/uploads\/2024\/01\/14-marzo-Casa-Donne_IG-768x768.jpg 768w, https:\/\/lacasadelleartiste.it\/wp-content\/uploads\/2024\/01\/14-marzo-Casa-Donne_IG-365x365.jpg 365w, https:\/\/lacasadelleartiste.it\/wp-content\/uploads\/2024\/01\/14-marzo-Casa-Donne_IG-500x500.jpg 500w\" sizes=\"(max-width: 730px) 100vw, 730px\" \/><\/p>\n<p><strong>14 marzo 2024 &#8211; ore 18.00<\/strong><\/p>\n<p>Casa delle Donne &#8211; via Marsala 10 &#8211; Milano<\/p>\n<p>Presentazione dell&#8217;antologia poetica<\/p>\n<h5>\u00abLa voz de las mujeres en la poesia italiana de hoy\u00bb<\/h5>\n<p>L&#8217;antologia (tutta al femminile) <em>La voz de\u00a0las mujeres en la poesia\u00a0italiana de hoy\u00a0<\/em>, tradotta in spagnolo e curata da Emilio Coco, \u00e8 pubblicata da Universidad\u00a0Aut\u00f3noma de Nuevo\u00a0Leon (Mexico)<\/p>\n<p>Le autrici incluse sono 12, tutte di spessore:<\/p>\n<p><strong>Antonella Anedda, Elisa Donzelli, Giovanna Frene, Laura Garavaglia, Paola Loreto, Annalisa Manstretta, Eleonora Rimolo, Giovanna Rosadini, Antonella Sbuelz, Anna Segre, Francesca Serragnoli, Gabriella Sica.<\/strong><\/p>\n<p>Saranno presenti numerose fra di esse.<\/p>\n<p>Il curatore <strong>Emilio Coco<\/strong> sar\u00e0 presente e potr\u00e0 argomentare cosa significhi tradurre voci femminili, quale \u201cabito\u201d \u2013 oltre a quello del linguista \u2013 bisogna essere in grado di indossare, sorprese e criticit\u00e0 oltre a relazionare sul senso di questa antologia che, nella nota introduttiva, cos\u00ec condensa: La scrittura poetica italiana delle donne risulta fra le pi\u00f9 accattivanti della fine del XX secolo e della prima decade del XXI. Mentre i poeti utilizzano forme ripetitive e obsolete, le poetesse sono portatrici di una parola poetica colma di eccezionale vitalit\u00e0.<\/p>\n<p><strong>Diana Battaggia<\/strong> conduce l\u2019evento.<\/p>\n<p>&nbsp;<\/p>\n<p>Ingresso libero<\/p>\n<p><strong>\u00a0<\/strong><\/p>\n","protected":false},"excerpt":{"rendered":"<p>&nbsp; 14 marzo 2024 &#8211; ore 18.00 Casa delle Donne &#8211; via Marsala 10 &#8211; Milano Presentazione dell&#8217;antologia poetica \u00abLa voz de las mujeres en la poesia italiana de hoy\u00bb L&#8217;antologia (tutta al femminile) La voz de\u00a0las mujeres en la poesia\u00a0italiana de hoy\u00a0, tradotta in spagnolo e curata da Emilio Coco, \u00e8 pubblicata da Universidad\u00a0Aut\u00f3noma [&hellip;]<\/p>\n","protected":false},"author":1,"featured_media":6018,"comment_status":"open","ping_status":"open","sticky":false,"template":"","format":"standard","meta":[],"categories":[20],"tags":[52],"_links":{"self":[{"href":"https:\/\/lacasadelleartiste.it\/index.php?rest_route=\/wp\/v2\/posts\/6017"}],"collection":[{"href":"https:\/\/lacasadelleartiste.it\/index.php?rest_route=\/wp\/v2\/posts"}],"about":[{"href":"https:\/\/lacasadelleartiste.it\/index.php?rest_route=\/wp\/v2\/types\/post"}],"author":[{"embeddable":true,"href":"https:\/\/lacasadelleartiste.it\/index.php?rest_route=\/wp\/v2\/users\/1"}],"replies":[{"embeddable":true,"href":"https:\/\/lacasadelleartiste.it\/index.php?rest_route=%2Fwp%2Fv2%2Fcomments&post=6017"}],"version-history":[{"count":1,"href":"https:\/\/lacasadelleartiste.it\/index.php?rest_route=\/wp\/v2\/posts\/6017\/revisions"}],"predecessor-version":[{"id":6019,"href":"https:\/\/lacasadelleartiste.it\/index.php?rest_route=\/wp\/v2\/posts\/6017\/revisions\/6019"}],"wp:featuredmedia":[{"embeddable":true,"href":"https:\/\/lacasadelleartiste.it\/index.php?rest_route=\/wp\/v2\/media\/6018"}],"wp:attachment":[{"href":"https:\/\/lacasadelleartiste.it\/index.php?rest_route=%2Fwp%2Fv2%2Fmedia&parent=6017"}],"wp:term":[{"taxonomy":"category","embeddable":true,"href":"https:\/\/lacasadelleartiste.it\/index.php?rest_route=%2Fwp%2Fv2%2Fcategories&post=6017"},{"taxonomy":"post_tag","embeddable":true,"href":"https:\/\/lacasadelleartiste.it\/index.php?rest_route=%2Fwp%2Fv2%2Ftags&post=6017"}],"curies":[{"name":"wp","href":"https:\/\/api.w.org\/{rel}","templated":true}]}}