{"id":6012,"date":"2024-01-15T14:51:11","date_gmt":"2024-01-15T14:51:11","guid":{"rendered":"https:\/\/lacasadelleartiste.it\/?p=6012"},"modified":"2024-01-15T14:51:11","modified_gmt":"2024-01-15T14:51:11","slug":"20-2-2024-rossana-bacchella-presenta-il-grammofono-del-tempo","status":"publish","type":"post","link":"https:\/\/lacasadelleartiste.it\/?p=6012","title":{"rendered":"20\/2\/2024 Rossana Bacchella presenta \u00abIl grammofono del tempo\u00bb"},"content":{"rendered":"<p><img loading=\"lazy\" class=\"alignnone size-full wp-image-6013\" src=\"https:\/\/lacasadelleartiste.it\/wp-content\/uploads\/2024\/01\/Bacchella-MI-20224-web.jpg\" alt=\"\" width=\"595\" height=\"842\" srcset=\"https:\/\/lacasadelleartiste.it\/wp-content\/uploads\/2024\/01\/Bacchella-MI-20224-web.jpg 595w, https:\/\/lacasadelleartiste.it\/wp-content\/uploads\/2024\/01\/Bacchella-MI-20224-web-212x300.jpg 212w\" sizes=\"(max-width: 595px) 100vw, 595px\" \/><\/p>\n<p>20 febbraio 2024 &#8211; ore 18.30<\/p>\n<p>Casa delle Donne &#8211; via Marsala 10 &#8211; Milano<\/p>\n<p>Presentazione del libro di poesie di<\/p>\n<p>ROSSANA ORIELE BACCHELLA<\/p>\n<p>&#8220;Il grammofono del tempo&#8221; (La Vita Felice, 2023)<\/p>\n<p>in dialogo con Vittoria Longoni e Diana Battaggia<\/p>\n<p>&nbsp;<\/p>\n<p>***<\/p>\n<p>Scheda volume: <a href=\"https:\/\/www.lavitafelice.it\/scheda-libro\/rossana-oriele-bacchella\/il-grammofono-del-tempo-9788893467643-618786.html\">https:\/\/www.lavitafelice.it\/scheda-libro\/rossana-oriele-bacchella\/il-grammofono-del-tempo-9788893467643-618786.html<\/a><\/p>\n<p>&nbsp;<\/p>\n<p><strong><em>Dalla prefazione di Marvi del Pozzo:<\/em><\/strong><\/p>\n<p>Il libro ha il potere di sorprendere, di spiazzare il lettore perch\u00e9, come in un prodigioso caleidoscopio, non finisce di stupire lo scaturire sempre nuovo di corrispondenze passato-presente, di riferimenti atavici, mitici e mitologici che rampollano da una architettura originale eppure metodologicamente, esegeticamente precisa, cosa che ha impegnato l\u2019autrice in un lavoro rigoroso e appassionato dal 2016 a oggi.<br \/>\nPerpetuamente permanenti, i miti dell\u2019antichit\u00e0 devono confrontarsi con il presente, porsi soprattutto come forma di presa di coscienza per ribaltare abiezioni e delitti che hanno colpito nella storia dell\u2019arte e della mitologia, ma anche nella vita pratica, in particolare il mondo femminile, come ancora oggi purtroppo succede quotidianamente intorno a noi.<\/p>\n<p>&nbsp;<\/p>\n<p><strong><em>Dalla nota dell\u2019autrice: <\/em><\/strong><\/p>\n<p>I miti greci, si sa, sono un groviglio di stratificazioni e versioni differenti, spesso contrastanti; ogni volta cambiano e si evolvono, perch\u00e9 si modellano sulla sensibilit\u00e0 degli artisti; mutano con il mutare di epoche, societ\u00e0, istanze. Perch\u00e9 il mito si nutre del racconto presente in ognuno di noi. Al tempo stesso ci mostra l\u2019immortalit\u00e0 radicata nei sentimenti primi degli umani, il loro divenire nel tempo.<br \/>\nIn questo mio lavoro, per ogni figura femminile, c\u2019\u00e8 la reinterpretazione nel racconto delle donne che ancora oggi reincarnano storie, sentimenti e il tragico, a volte ineluttabile destino, a cui il patriarcato ci ha condannate. E a cui forse ci condannano anche quegli istinti primari che abbiamo tentato di razionalizzare e civilizzare.<\/p>\n<p>&nbsp;<\/p>\n<p><strong><em>Biografia: <\/em><\/strong><\/p>\n<p>Rossana Oriele Bacchella nasce a Milano dove tutt\u2019ora vive.<br \/>\n\u00c8 vincitrice di alcuni premi di poesia e presente sulla scena letteraria con vari interventi e letture poetiche. Ha pubblicato la silloge <em>Indizi dalle periferie<\/em> (Kanaga ed., 2019) e suoi testi sono presenti in antologie poetiche tra cui: <em>Corpo&amp;Anima<\/em> (Apanet, 2012), <em>Terza e quarta Raccolta Pubblica di Poesia<\/em> (Tempi diVersi, 2015 e 2016), <em>Veglia 24 agosto 2016<\/em> (2016, Antologia Autori per l\u2019Italia a sostegno dei terremotati), <em>Poesia (urgente) per Giulio Regeni<\/em> (Rayuela, 2018), <em>Nella carne e nel sangue rugge una madre<\/em> (La Vita Felice, 2019).<br \/>\n\u00c8 tra le ideatrici di \u201cNavigliInVersi\u201d, un collettivo poetico che periodicamente promuove l\u2019omonimo evento ed \u00e8 consigliera nel Direttivo de La Casa delle Artiste.<\/p>\n","protected":false},"excerpt":{"rendered":"<p>20 febbraio 2024 &#8211; ore 18.30 Casa delle Donne &#8211; via Marsala 10 &#8211; Milano Presentazione del libro di poesie di ROSSANA ORIELE BACCHELLA &#8220;Il grammofono del tempo&#8221; (La Vita Felice, 2023) in dialogo con Vittoria Longoni e Diana Battaggia &nbsp; *** Scheda volume: https:\/\/www.lavitafelice.it\/scheda-libro\/rossana-oriele-bacchella\/il-grammofono-del-tempo-9788893467643-618786.html &nbsp; Dalla prefazione di Marvi del Pozzo: Il libro ha [&hellip;]<\/p>\n","protected":false},"author":1,"featured_media":6013,"comment_status":"open","ping_status":"open","sticky":false,"template":"","format":"standard","meta":[],"categories":[20],"tags":[52],"_links":{"self":[{"href":"https:\/\/lacasadelleartiste.it\/index.php?rest_route=\/wp\/v2\/posts\/6012"}],"collection":[{"href":"https:\/\/lacasadelleartiste.it\/index.php?rest_route=\/wp\/v2\/posts"}],"about":[{"href":"https:\/\/lacasadelleartiste.it\/index.php?rest_route=\/wp\/v2\/types\/post"}],"author":[{"embeddable":true,"href":"https:\/\/lacasadelleartiste.it\/index.php?rest_route=\/wp\/v2\/users\/1"}],"replies":[{"embeddable":true,"href":"https:\/\/lacasadelleartiste.it\/index.php?rest_route=%2Fwp%2Fv2%2Fcomments&post=6012"}],"version-history":[{"count":1,"href":"https:\/\/lacasadelleartiste.it\/index.php?rest_route=\/wp\/v2\/posts\/6012\/revisions"}],"predecessor-version":[{"id":6014,"href":"https:\/\/lacasadelleartiste.it\/index.php?rest_route=\/wp\/v2\/posts\/6012\/revisions\/6014"}],"wp:featuredmedia":[{"embeddable":true,"href":"https:\/\/lacasadelleartiste.it\/index.php?rest_route=\/wp\/v2\/media\/6013"}],"wp:attachment":[{"href":"https:\/\/lacasadelleartiste.it\/index.php?rest_route=%2Fwp%2Fv2%2Fmedia&parent=6012"}],"wp:term":[{"taxonomy":"category","embeddable":true,"href":"https:\/\/lacasadelleartiste.it\/index.php?rest_route=%2Fwp%2Fv2%2Fcategories&post=6012"},{"taxonomy":"post_tag","embeddable":true,"href":"https:\/\/lacasadelleartiste.it\/index.php?rest_route=%2Fwp%2Fv2%2Ftags&post=6012"}],"curies":[{"name":"wp","href":"https:\/\/api.w.org\/{rel}","templated":true}]}}