{"id":599,"date":"2016-12-15T23:32:33","date_gmt":"2016-12-15T22:32:33","guid":{"rendered":"http:\/\/spazioaldamerini.org\/?p=599"},"modified":"2016-12-15T23:32:33","modified_gmt":"2016-12-15T22:32:33","slug":"messaggio-della-nuova-presidente","status":"publish","type":"post","link":"https:\/\/lacasadelleartiste.it\/?p=599","title":{"rendered":"Messaggio della nuova Presidente"},"content":{"rendered":"<p><img loading=\"lazy\" class=\"alignnone size-full wp-image-600\" src=\"https:\/\/spazioaldamerinidotorg.files.wordpress.com\/2016\/12\/vincenza-pezzuto.jpg\" alt=\"vincenza-pezzuto\" width=\"605\" height=\"605\" \/><\/p>\n<p>Care socie, soci, amiche ed amici,<\/p>\n<p>in qualit\u00e0 di nuova Presidente mi \u00e8 gradito il compito di rivolgere un saluto cordiale, caloroso e amichevole a tutte\/i voi e un ringraziamento a coloro che hanno posto la loro fiducia verso la mia persona per un rilancio e la necessaria crescita della nostra Associazione.<\/p>\n<p>La carica di cui sono stata insignita il 14.12.16 mi gratifica sul piano personale e professionale, pur nella consapevolezza che gli oneri che derivano da questo impegno saranno gravosi, lasciando presagire un utilizzo oculato delle risorse disponibili e una attenta pianificazione temporale per una gestione efficiente e responsabile: cercher\u00f2 di non deludervi e dedicher\u00f2 ogni mio sforzo per favorire lo sviluppo artistico e culturale dell\u2019Associazione.<\/p>\n<p>Nell\u2019imminenza delle festivit\u00e0 natalizie, sono molto lieta di porgervi i miei pi\u00f9 cari auguri. Auguri che vogliono essere un modo per rinsaldare rapporti, un segno di riconciliazione per ricucire qualche strappo, guardare oltre le difficolt\u00e0 e le fatiche del momento, protendersi oltre la cortina di nubi che in questo ultimo anno ha oscurato l\u2019orizzonte di prospettive di tante di noi.<\/p>\n<p>Il Natale \u00e8 la festa della luce nel periodo pi\u00f9 buio dell\u2019anno, di una Nascita che d\u00e0 un nuovo corso alla storia dell\u2019Uomo, del miracolo della vita nella stagione in cui la natura \u00e8 immobile e assopita. Tutto questo deve accendere in noi un sentimento di speranza che pu\u00f2 farci solo bene, nella convinzione che il 2017 sar\u00e0 un anno di risultati e conquiste per la nostra Associazione.<\/p>\n<p>A tutte\/i gli auguri di un Natale capace di regalare momenti di gioia e serenit\u00e0 e un Anno Nuovo generoso di quello che per ognuno di noi davvero conta.<\/p>\n<p>Vincenza Pezzuto<\/p>\n<p>&nbsp;<\/p>\n","protected":false},"excerpt":{"rendered":"<p>Care socie, soci, amiche ed amici, in qualit\u00e0 di nuova Presidente mi \u00e8 gradito il compito di rivolgere un saluto cordiale, caloroso e amichevole a tutte\/i voi e un ringraziamento a coloro che hanno posto la loro fiducia verso la mia persona per un rilancio e la necessaria crescita della nostra Associazione. La carica di [&hellip;]<\/p>\n","protected":false},"author":1,"featured_media":600,"comment_status":"open","ping_status":"open","sticky":false,"template":"","format":"standard","meta":[],"categories":[14],"tags":[27],"_links":{"self":[{"href":"https:\/\/lacasadelleartiste.it\/index.php?rest_route=\/wp\/v2\/posts\/599"}],"collection":[{"href":"https:\/\/lacasadelleartiste.it\/index.php?rest_route=\/wp\/v2\/posts"}],"about":[{"href":"https:\/\/lacasadelleartiste.it\/index.php?rest_route=\/wp\/v2\/types\/post"}],"author":[{"embeddable":true,"href":"https:\/\/lacasadelleartiste.it\/index.php?rest_route=\/wp\/v2\/users\/1"}],"replies":[{"embeddable":true,"href":"https:\/\/lacasadelleartiste.it\/index.php?rest_route=%2Fwp%2Fv2%2Fcomments&post=599"}],"version-history":[{"count":0,"href":"https:\/\/lacasadelleartiste.it\/index.php?rest_route=\/wp\/v2\/posts\/599\/revisions"}],"wp:featuredmedia":[{"embeddable":true,"href":"https:\/\/lacasadelleartiste.it\/index.php?rest_route=\/wp\/v2\/media\/600"}],"wp:attachment":[{"href":"https:\/\/lacasadelleartiste.it\/index.php?rest_route=%2Fwp%2Fv2%2Fmedia&parent=599"}],"wp:term":[{"taxonomy":"category","embeddable":true,"href":"https:\/\/lacasadelleartiste.it\/index.php?rest_route=%2Fwp%2Fv2%2Fcategories&post=599"},{"taxonomy":"post_tag","embeddable":true,"href":"https:\/\/lacasadelleartiste.it\/index.php?rest_route=%2Fwp%2Fv2%2Ftags&post=599"}],"curies":[{"name":"wp","href":"https:\/\/api.w.org\/{rel}","templated":true}]}}