{"id":5971,"date":"2023-11-11T10:30:13","date_gmt":"2023-11-11T10:30:13","guid":{"rendered":"https:\/\/lacasadelleartiste.it\/?p=5971"},"modified":"2024-02-25T10:04:12","modified_gmt":"2024-02-25T10:04:12","slug":"progetto-art-against-violence-21-11-23-melegnano-inaugurazione-esposizione-artistica-world-with-woman","status":"publish","type":"post","link":"https:\/\/lacasadelleartiste.it\/?p=5971","title":{"rendered":"Progetto &#8220;Art Against Violence&#8221; &#8211; 21\/11\/23 Melegnano &#8211; Inaugurazione esposizione artistica &#8220;World with woman&#8221;"},"content":{"rendered":"<p><img loading=\"lazy\" class=\"alignnone size-full wp-image-5972\" src=\"https:\/\/lacasadelleartiste.it\/wp-content\/uploads\/2023\/11\/loc-mostra-web.jpg\" alt=\"\" width=\"589\" height=\"842\" srcset=\"https:\/\/lacasadelleartiste.it\/wp-content\/uploads\/2023\/11\/loc-mostra-web.jpg 589w, https:\/\/lacasadelleartiste.it\/wp-content\/uploads\/2023\/11\/loc-mostra-web-210x300.jpg 210w\" sizes=\"(max-width: 589px) 100vw, 589px\" \/><\/p>\n<h2><a href=\"https:\/\/www.facebook.com\/media\/set\/?vanity=vitaukritalia&amp;set=a.670821155173918&amp;__cft__[0]=AZVcYnd19GNZC5G6bq_gSohpO80SkVENjTgeZWSN8eDKH7hm_ajYKhiaP5jWzyAoCqIFEMFjB5yDwHqWLDA4QOk8yCvNaDVSGwdSXR_l_0kugjIwwar9yQFV-gEJLA-7fTFJJjfqK7r9o7mK9gDkn4vRaxp2uxeKy8MWrgRoNZYp9xPCJ9q3XpXBdUCzalxR08g&amp;__tn__=-R\">ALBUM FOTOGRAFICO dell&#8217;inaugurazione<\/a><\/h2>\n<p>WORLD WITH WOMEN.<br \/>\nART AGAINST VIOLENCE VITAWORLD 2023.<\/p>\n<p><strong>21-29 novembre al Castello di Melegnano, Sala imperatore<\/strong><\/p>\n<p>VITAWORLD e La Casa Delle Artiste in collaborazione con l&#8217;assessorato alle Pari Opportunit\u00e0 della Citt\u00e0 Metropolitana di Melegnano e con il supporto di Fondazione Cariplo, in occasione della Giornata internazionale della lotta contro la Violenza contro le Donne presentano<\/p>\n<h2>WORLD WITH WOMEN.<br \/>\nUna mostra indispensabile.<\/h2>\n<p><strong>L&#8217;inaugurazione avr\u00e0 luogo 21 novembre alle ore 18.30<\/strong> con l&#8217;intervento di un ospite speciale in collegamento : Sasha Romantsova direttrice esecutiva del Centro delle Libert\u00e0 Civili di Kyiv laureata Nobel per la Pace 2023, con i saluti istituzionali interverranno Vito Bellomo, Sindaco della Citt\u00e0 di Melegnano e Jessica Granata, assessore alle Parti opportunit\u00e0 Citt\u00e0 metropolitana di Melegnano e la visita guidata del curatore critico e storico d&#8217;arte Giorgio Grasso.<\/p>\n<p>MOOD DEL FORMAT<br \/>\nNel momento in cui la violenza di genere dovrebbe essere parte del passato, ogni nuovo caso diventa<br \/>\nparticolarmente sentito e fa crescere la voglia di agire per far s\u00ec che diventi anche l&#8217;ultimo. Quando la<br \/>\nviolenza ci invade come un&#8217;onda delle proporzioni inimmaginabili, come \u00e8 accaduto negli ultimi anni,<br \/>\nmesi e giorni nei paesi dove \u00e8 scoppiata la guerra o &#8220;esplosa&#8221; la stretta del regime, ci si ritrova inorriditi e<br \/>\na volte inermi. Il ruolo dell\u2019arte contemporanea, in quanto portavoce onesta e tempestiva, diventa<br \/>\nimportantissimo. Gli argomenti, sui problemi legati alla violenza, che non possono essere spiegati a<br \/>\nparole senza banalizzare il concetto, trovano la loro giusta espressione nell\u2019utilizzo del linguaggio e con i<br \/>\nmezzi artistici. L\u2019inevitabile necessit\u00e0 di cambiamenti attraversa e penetra rapidamente sia la mente sia il<br \/>\ncuore dello spettatore. Se non ci fossero artisti impegnati nel diffondere un messaggio forte e innegabile<br \/>\ndella personale responsabilit\u00e0 di ogni individuo per la vita di tutti noi e per i nostri figli, sarebbe stato<br \/>\nnecessario molto pi\u00f9 tempo e servirebbero molte pi\u00f9 risorse e impegno per trasmettere l\u2019emergenza dei<br \/>\nproblemi gravi di attualit\u00e0: violenza fisica, femmini\u0441idi, violenza psicologica, violenza economica, family<br \/>\nkidnapping. Mai come ora la liberazione dalla violenza dipende dalle nostre azioni. Le future generazioni<br \/>\npossano prendere coscienza se questa generazione non cambia e non evolve nella nuova specie umana:<br \/>\nHOMOANTIVIOLENCE, quella che avr\u00e0 a cuore tutto il genere umano, quella che in modo attivo<br \/>\nparteciper\u00e0 al suo risanamento.<\/p>\n","protected":false},"excerpt":{"rendered":"<p>ALBUM FOTOGRAFICO dell&#8217;inaugurazione WORLD WITH WOMEN. ART AGAINST VIOLENCE VITAWORLD 2023. 21-29 novembre al Castello di Melegnano, Sala imperatore VITAWORLD e La Casa Delle Artiste in collaborazione con l&#8217;assessorato alle Pari Opportunit\u00e0 della Citt\u00e0 Metropolitana di Melegnano e con il supporto di Fondazione Cariplo, in occasione della Giornata internazionale della lotta contro la Violenza contro [&hellip;]<\/p>\n","protected":false},"author":1,"featured_media":5972,"comment_status":"open","ping_status":"open","sticky":false,"template":"","format":"standard","meta":[],"categories":[53,51],"tags":[48],"_links":{"self":[{"href":"https:\/\/lacasadelleartiste.it\/index.php?rest_route=\/wp\/v2\/posts\/5971"}],"collection":[{"href":"https:\/\/lacasadelleartiste.it\/index.php?rest_route=\/wp\/v2\/posts"}],"about":[{"href":"https:\/\/lacasadelleartiste.it\/index.php?rest_route=\/wp\/v2\/types\/post"}],"author":[{"embeddable":true,"href":"https:\/\/lacasadelleartiste.it\/index.php?rest_route=\/wp\/v2\/users\/1"}],"replies":[{"embeddable":true,"href":"https:\/\/lacasadelleartiste.it\/index.php?rest_route=%2Fwp%2Fv2%2Fcomments&post=5971"}],"version-history":[{"count":2,"href":"https:\/\/lacasadelleartiste.it\/index.php?rest_route=\/wp\/v2\/posts\/5971\/revisions"}],"predecessor-version":[{"id":6002,"href":"https:\/\/lacasadelleartiste.it\/index.php?rest_route=\/wp\/v2\/posts\/5971\/revisions\/6002"}],"wp:featuredmedia":[{"embeddable":true,"href":"https:\/\/lacasadelleartiste.it\/index.php?rest_route=\/wp\/v2\/media\/5972"}],"wp:attachment":[{"href":"https:\/\/lacasadelleartiste.it\/index.php?rest_route=%2Fwp%2Fv2%2Fmedia&parent=5971"}],"wp:term":[{"taxonomy":"category","embeddable":true,"href":"https:\/\/lacasadelleartiste.it\/index.php?rest_route=%2Fwp%2Fv2%2Fcategories&post=5971"},{"taxonomy":"post_tag","embeddable":true,"href":"https:\/\/lacasadelleartiste.it\/index.php?rest_route=%2Fwp%2Fv2%2Ftags&post=5971"}],"curies":[{"name":"wp","href":"https:\/\/api.w.org\/{rel}","templated":true}]}}