{"id":5954,"date":"2023-10-25T10:10:54","date_gmt":"2023-10-25T10:10:54","guid":{"rendered":"https:\/\/lacasadelleartiste.it\/?p=5954"},"modified":"2023-10-25T10:10:54","modified_gmt":"2023-10-25T10:10:54","slug":"bcm23-18-11-23-milano-maneggiare-con-cura-fragile-con-rosaria-munafo-e-roberta-de-tomi","status":"publish","type":"post","link":"https:\/\/lacasadelleartiste.it\/?p=5954","title":{"rendered":"#BCM23 \u2013 18\/11\/23 Milano \u00abManeggiare con cura: fragile\u00bb con Rosaria Munaf\u00f2 e Roberta De Tomi"},"content":{"rendered":"<p><img loading=\"lazy\" class=\"alignnone size-full wp-image-5955\" src=\"https:\/\/lacasadelleartiste.it\/wp-content\/uploads\/2023\/10\/munafo-loc-ok_web.jpg\" alt=\"\" width=\"595\" height=\"842\" srcset=\"https:\/\/lacasadelleartiste.it\/wp-content\/uploads\/2023\/10\/munafo-loc-ok_web.jpg 595w, https:\/\/lacasadelleartiste.it\/wp-content\/uploads\/2023\/10\/munafo-loc-ok_web-212x300.jpg 212w\" sizes=\"(max-width: 595px) 100vw, 595px\" \/><\/p>\n<p><strong>17 novembre 2023 &#8211; ore 16.30<\/strong><\/p>\n<p>Sala Aletti (villaggio Barona) &#8211; via Ettore Ponti 21 &#8211; Milano<\/p>\n<p>Nell&#8217;ambito di BookCity Milano 2023<\/p>\n<h2>MANEGGIARE CON CURA &#8211; FRAGILE<\/h2>\n<h3>performance di <strong>Rosaria Munaf\u00f2<\/strong><\/h3>\n<h3>Presentazione del romanzo di Roberta De Tomi<\/h3>\n<h2><strong>TRAPPOLE D&#8217;ARDESIA<\/strong> (Saga Edizioni)<\/h2>\n<p>La battaglia contro la violenza, con particolare riferi-<br \/>\nmento alle donne e agli individui fragili, e contro l\u2019odio che sembrano sempre<br \/>\npi\u00f9 imperversare, \u00e8 al centro del libro in presentazione.<\/p>\n<p>Rosaria si sofferma sulla fiducia che \u00e8 una chiave di volta; cos\u00ec come pu\u00f2 es-<br \/>\nserlo l&#8217;amore. Ma non \u00e8 l&#8217;amore che crea dipendenza; l&#8217;amore malato che ci fa<br \/>\npassare da una condizione a una peggiore. Amarsi \u00e8 la prima chiave; amarsi<br \/>\nnon nel senso narcisistico che danneggia ma nel senso di riuscire ad apprezza-<br \/>\nre il proprio essere, tra pregi e difetti, limiti e orizzonti da scoprire.<br \/>\nUna performance che nasce da una storia personale e che si apre a significati<br \/>\ncollettivi e universali.<\/p>\n","protected":false},"excerpt":{"rendered":"<p>17 novembre 2023 &#8211; ore 16.30 Sala Aletti (villaggio Barona) &#8211; via Ettore Ponti 21 &#8211; Milano Nell&#8217;ambito di BookCity Milano 2023 MANEGGIARE CON CURA &#8211; FRAGILE performance di Rosaria Munaf\u00f2 Presentazione del romanzo di Roberta De Tomi TRAPPOLE D&#8217;ARDESIA (Saga Edizioni) La battaglia contro la violenza, con particolare riferi- mento alle donne e agli [&hellip;]<\/p>\n","protected":false},"author":1,"featured_media":5955,"comment_status":"open","ping_status":"open","sticky":false,"template":"","format":"standard","meta":[],"categories":[50],"tags":[48],"_links":{"self":[{"href":"https:\/\/lacasadelleartiste.it\/index.php?rest_route=\/wp\/v2\/posts\/5954"}],"collection":[{"href":"https:\/\/lacasadelleartiste.it\/index.php?rest_route=\/wp\/v2\/posts"}],"about":[{"href":"https:\/\/lacasadelleartiste.it\/index.php?rest_route=\/wp\/v2\/types\/post"}],"author":[{"embeddable":true,"href":"https:\/\/lacasadelleartiste.it\/index.php?rest_route=\/wp\/v2\/users\/1"}],"replies":[{"embeddable":true,"href":"https:\/\/lacasadelleartiste.it\/index.php?rest_route=%2Fwp%2Fv2%2Fcomments&post=5954"}],"version-history":[{"count":1,"href":"https:\/\/lacasadelleartiste.it\/index.php?rest_route=\/wp\/v2\/posts\/5954\/revisions"}],"predecessor-version":[{"id":5956,"href":"https:\/\/lacasadelleartiste.it\/index.php?rest_route=\/wp\/v2\/posts\/5954\/revisions\/5956"}],"wp:featuredmedia":[{"embeddable":true,"href":"https:\/\/lacasadelleartiste.it\/index.php?rest_route=\/wp\/v2\/media\/5955"}],"wp:attachment":[{"href":"https:\/\/lacasadelleartiste.it\/index.php?rest_route=%2Fwp%2Fv2%2Fmedia&parent=5954"}],"wp:term":[{"taxonomy":"category","embeddable":true,"href":"https:\/\/lacasadelleartiste.it\/index.php?rest_route=%2Fwp%2Fv2%2Fcategories&post=5954"},{"taxonomy":"post_tag","embeddable":true,"href":"https:\/\/lacasadelleartiste.it\/index.php?rest_route=%2Fwp%2Fv2%2Ftags&post=5954"}],"curies":[{"name":"wp","href":"https:\/\/api.w.org\/{rel}","templated":true}]}}