{"id":5944,"date":"2023-10-25T09:47:21","date_gmt":"2023-10-25T09:47:21","guid":{"rendered":"https:\/\/lacasadelleartiste.it\/?p=5944"},"modified":"2023-11-14T12:13:32","modified_gmt":"2023-11-14T12:13:32","slug":"bcm23-17-11-23-milano-contrasti-radioattivi-di-paolo-laddomada","status":"publish","type":"post","link":"https:\/\/lacasadelleartiste.it\/?p=5944","title":{"rendered":"#BCM23 &#8211; 17\/11\/23 Milano \u00abContrasti radioattivi\u00bb di Paolo Laddomada"},"content":{"rendered":"<p><img loading=\"lazy\" class=\"alignnone size-full wp-image-5947\" src=\"https:\/\/lacasadelleartiste.it\/wp-content\/uploads\/2023\/10\/CONTRASTI-RADIOATTIVI_LOC_web.jpg\" alt=\"\" width=\"595\" height=\"842\" srcset=\"https:\/\/lacasadelleartiste.it\/wp-content\/uploads\/2023\/10\/CONTRASTI-RADIOATTIVI_LOC_web.jpg 595w, https:\/\/lacasadelleartiste.it\/wp-content\/uploads\/2023\/10\/CONTRASTI-RADIOATTIVI_LOC_web-212x300.jpg 212w\" sizes=\"(max-width: 595px) 100vw, 595px\" \/><\/p>\n<p><strong>Comune di Milano, Book City Milano 2023<\/strong><\/p>\n<p><strong>in collaborazione con<\/strong><\/p>\n<p><strong>\u00a0La Casa delle Artiste APS<\/strong><\/p>\n<p><strong>presentano<\/strong><\/p>\n<p><strong>\u00a0<\/strong><\/p>\n<p><strong>CONTRASTI RADIOATTIVI di Paolo Laddomada<\/strong><\/p>\n<p><strong>(mostra fotografica, presentazione del catalogo e reading)<\/strong><\/p>\n<p>&nbsp;<\/p>\n<p><strong>17 novembre 2023 ore 18 per BOOK CITY alla Casa delle Artiste APS presso \u00a0Villaggio Barona &#8211; Sala Aletti (via Ettore Ponti 21 \u2013 Milano) CONTRASTI RADIOATTIVI con Paolo Laddomada (autore dell&#8217;omonimo catalogo edito da I Quaderni del bardo Edizioni di Stefano Donno e delle foto che saranno esposte per l&#8217;occasione)<\/strong>. <strong>Presenta<\/strong> <strong>Laura Garavaglia (Presidente della Casa della Poesia di Como APS). Reading con i poeti Stefano Donno, Lorenzo Allegrini, Elena Gerasi, Riccardo Giuseppe Mereu, Ottavio Rossani, Valeria Dal Bo, Elisa Longo, Laura Recanati, Emanuele Bottazzi Grifoni<\/strong>.<\/p>\n<p>&nbsp;<\/p>\n<p><strong>Coordina l\u2019appuntamento Diana Battaggia<\/strong><\/p>\n<p>&nbsp;<\/p>\n<p>La guerra in Ucraina e le tensioni geopolitiche tra Russia e Occidente hanno riportato alla ribalta la paura di una catastrofe nucleare. Questa paura \u00e8 comprensibile, in quanto un attacco nucleare avrebbe conseguenze devastanti per l&#8217;umanit\u00e0. Un attacco nucleare causerebbe un&#8217;immediata devastazione su vasta scala. Le esplosioni nucleari sprigionerebbero un calore intenso, onde d&#8217;urto e radiazioni che ucciderebbero e ferirebbe migliaia di persone. Le radiazioni nucleari causerebbero anche danni a lungo termine alla salute, come il cancro e malformazioni congenite. Un sondaggio condotto dall&#8217;Istituto Pew nel 2022 ha rilevato che il 53% degli americani \u00e8 preoccupato per la possibilit\u00e0 di una guerra nucleare. In Italia, un sondaggio condotto da YouGov nel 2023 ha rilevato che il 62% degli italiani \u00e8 preoccupato per la possibilit\u00e0 di una guerra nucleare.<\/p>\n<p><strong>L&#8217;appuntamento del 17 novembre 2023 ore 18 per BOOK CITY alla Casa delle Artiste APS presso \u00a0Villaggio Barona &#8211; Sala Aletti (via Ettore Ponti 21 \u2013 Milano) CONTRASTI RADIOATTIVI con Paolo Laddomada (autore dell&#8217;omonimo catalogo edito da I Quaderni del bardo Edizioni di Stefano Donno e delle foto che saranno esposte per l&#8217;occasione)<\/strong>. Presenta Laura Garavaglia (Presidente della Casa della Poesia di Como APS). Reading con i poeti Stefano Donno, Lorenzo Allegrini, Elena Gerasi, Riccardo Giuseppe Mereu, Ottavio Rossani, Valeria Dal Bo, Elisa Longo, Laura Recanati, Emanuele Bottazzi Grifoni. Coordina l\u2019appuntamento Diana Battaggia.<\/p>\n<p>&nbsp;<\/p>\n<p>VUOLE ESSERE UN CANTO CORALE DI LOTTA CONTRO QUALSIASI APOCALISSE NUCLEARE E NON.<\/p>\n<p>&nbsp;<\/p>\n<p><strong>Sono trascorsi 36 anni da quell\u2019incidente al reattore 4 della centrale \u201cLenin\u201d a 100 chilometri da Kiev. Furono necessari diversi giorni per scoprire che nell\u2019Unione sovietica era accaduto il pi\u00f9 grave disastro atomico della storia.\u00a0<\/strong><\/p>\n<p>26 aprile 1986 \u2013 Alle ore 1:23:45 locali, durante un test sulla sicurezza nella centrale nucleare di Chernobyl, precisamente sul reattore n. 4 sito in Pripyat, per un (presunto) errore del personale al lavoro in quel momento, accade l\u2019irreparabile. Il test doveva essere condotto di giorno, da personale appositamente preparato ma, a causa di un parallelo calo nella rete che forniva l\u2019energia alla vicina Kiev, il via libera per ridurre la potenza del reattore di Chernobyl senza rischiare deficit di fornitura, venne dato solo di notte, quando era in servizio il personale del turno successivo, completamente all\u2019oscuro delle procedure di emergenza. L\u2019esplosione e il conseguente incendio del reattore n. 4 provocano, a tutt\u2019oggi, il pi\u00f9 grave disastro nucleare della storia.\u00a0\u00a0Si tratta fondamentalmente della storia vera del disastro che ha sconvolto e scosso il mondo, un racconto per immagini fotografiche affascinante, intrigante ed esaustivo che ha il ritmo incalzante di una narrazione che solo un romanzo pu\u00f2 dare. L\u2019autore con le sue foto \u00e8 come se fosse riuscito a collegare una serie di tasselli indispensabili per un viaggio nel luogo, e nei luoghi, nel tempo e nei tempi, n cui tutto ebbe inizio e tutto cambi\u00f2. Tra le pagine di questo libro edito da I Quaderni del Bardo Edizioni di Stefano Donno e queste foto in esposizione, pertanto, rivivono per immagini testi, contesti, visionari e fantasmatici di un multiverso comunque appartenente alla nostra pi\u00f9 recente storia contemporanea<\/p>\n<p><strong>Paolo Laddomada<\/strong> \u00e8 nato a Napoli nel 1963, vive a Pesaro dal 2004. Successivamente al brevetto subacqueo, inizia a ritrarre l\u2019ambiente marino. Partecipa anche come operatore videofotografico alla realizzazione di alcune puntate di \u201cLinea Blu \u201d (Capri, isola di Ponza, Sorrento) per la RAI e di \u201cScherzi a parte\u201d per Mediaset. La sua formazione artistica passa per numerosi corsi di perfezionamento e workshop che gli consentono di individuare il genere a lui pi\u00f9 congeniale: il reportage. Nel 2009 espone le sue opere in una personale nella citt\u00e0 di Pesaro: \u201d Shisong nel cuore\u201d, alla quale far\u00e0 seguito una seconda mostra a Fano. Nel 2012 \u00e8 il fotografo ufficiale del documentario itinerante \u201cIn viaggio per un sorriso \u2013 Tour Spagna\u201d, di Andrea Lodovichetti e Nicola Nicoletti. Con uno degli scatti realizzati in questa circostanza, nel 2013 partecipa al concorso nazionale di Canon Italia, risultando vincitore per la categoria foto a colori. Nel 2015 pubblica su \u201cWitness Journal\u201d un reportage dal titolo \u201cRwanda\u201d e nel 2016 collabora con il portale di \u201cVirgilio\u201d nella sezione \u201cSi Viaggia\u201d dove pubblica \u201cNomadi\u201d reportage realizzato in Camerun. \u00c8 socio fondatore della ONLUS \u201cSPORT AROUND THE WORLD\u201d, Associazione benefica che opera nel continente Africano. Nel 2014, in occasione di un viaggiomissione, firma la parte fotografica per il documentario \u201cSport Around the World \u2013 Missione Rwanda\u201d, documentario che si aggiudica la \u201cMenzione D\u2019Onore Sport &amp; Society\u201d allo Sport Movie e TV\u2013Milano International FICTS Fest nel 2014 e il \u201cPremio Pindaro\u201d all\u2019 Overtime Sport Film Festival nel 2015, anche questo porta la regia di Andrea Lodovichetti e Nicola Nicoletti. Nel 2018, in occasione del Festival Bielorusso in Italia \u00e8 ospite con il reportage \u201cContrasti Radioattivi\u201d dedicato alle conseguenze che la tragedia di Chernobyl ha portato in Bielorussia. Lo stesso reportage \u00e8 esposto nella citt\u00e0 di Lecce nel maggio del 2019. Dal 20 di giugno \u00e8 ospite presso la galleria \u201cIL MURO\u201d della citt\u00e0 di Vitebsk in Bielorussia con la mostra \u201cMama Africa\u201d nella quale sono esposte foto tratte dal reportage effettuato in vari stati africani che raccontano la vita giornaliera di trib\u00f9 africane e il territorio in cui vivono. Nello stesso periodo si svolge il \u201cFotokrock, quarto festival internazionale di fotografia di Vitebsk \u201d nel quale viene ospitato sempre con le opere del reportage \u201cMama Africa\u201d. Da giugno 2021 fino a settembre 2021 la stessa mostra viene allestita al Museo dell\u2019arte popolare di Raubichi in Minsk.<\/p>\n<p>&nbsp;<\/p>\n<p>&nbsp;<\/p>\n","protected":false},"excerpt":{"rendered":"<p>Comune di Milano, Book City Milano 2023 in collaborazione con \u00a0La Casa delle Artiste APS presentano \u00a0 CONTRASTI RADIOATTIVI di Paolo Laddomada (mostra fotografica, presentazione del catalogo e reading) &nbsp; 17 novembre 2023 ore 18 per BOOK CITY alla Casa delle Artiste APS presso \u00a0Villaggio Barona &#8211; Sala Aletti (via Ettore Ponti 21 \u2013 Milano) [&hellip;]<\/p>\n","protected":false},"author":1,"featured_media":5947,"comment_status":"open","ping_status":"open","sticky":false,"template":"","format":"standard","meta":[],"categories":[50],"tags":[48],"_links":{"self":[{"href":"https:\/\/lacasadelleartiste.it\/index.php?rest_route=\/wp\/v2\/posts\/5944"}],"collection":[{"href":"https:\/\/lacasadelleartiste.it\/index.php?rest_route=\/wp\/v2\/posts"}],"about":[{"href":"https:\/\/lacasadelleartiste.it\/index.php?rest_route=\/wp\/v2\/types\/post"}],"author":[{"embeddable":true,"href":"https:\/\/lacasadelleartiste.it\/index.php?rest_route=\/wp\/v2\/users\/1"}],"replies":[{"embeddable":true,"href":"https:\/\/lacasadelleartiste.it\/index.php?rest_route=%2Fwp%2Fv2%2Fcomments&post=5944"}],"version-history":[{"count":4,"href":"https:\/\/lacasadelleartiste.it\/index.php?rest_route=\/wp\/v2\/posts\/5944\/revisions"}],"predecessor-version":[{"id":5986,"href":"https:\/\/lacasadelleartiste.it\/index.php?rest_route=\/wp\/v2\/posts\/5944\/revisions\/5986"}],"wp:featuredmedia":[{"embeddable":true,"href":"https:\/\/lacasadelleartiste.it\/index.php?rest_route=\/wp\/v2\/media\/5947"}],"wp:attachment":[{"href":"https:\/\/lacasadelleartiste.it\/index.php?rest_route=%2Fwp%2Fv2%2Fmedia&parent=5944"}],"wp:term":[{"taxonomy":"category","embeddable":true,"href":"https:\/\/lacasadelleartiste.it\/index.php?rest_route=%2Fwp%2Fv2%2Fcategories&post=5944"},{"taxonomy":"post_tag","embeddable":true,"href":"https:\/\/lacasadelleartiste.it\/index.php?rest_route=%2Fwp%2Fv2%2Ftags&post=5944"}],"curies":[{"name":"wp","href":"https:\/\/api.w.org\/{rel}","templated":true}]}}