{"id":5903,"date":"2023-09-02T20:56:14","date_gmt":"2023-09-02T20:56:14","guid":{"rendered":"https:\/\/lacasadelleartiste.it\/?p=5903"},"modified":"2023-09-17T15:54:12","modified_gmt":"2023-09-17T15:54:12","slug":"16-28-9-23-milano-polifonie-esposizione-personale-di-giuliana-cioffi","status":"publish","type":"post","link":"https:\/\/lacasadelleartiste.it\/?p=5903","title":{"rendered":"16-28\/9\/23 Milano &#8211; POLIFONIE &#8211; esposizione personale di Giuliana Cioffi"},"content":{"rendered":"<p><img loading=\"lazy\" class=\"alignnone size-full wp-image-5907\" src=\"https:\/\/lacasadelleartiste.it\/wp-content\/uploads\/2023\/09\/Locandina-ultima-corretta-2-web.jpg\" alt=\"\" width=\"595\" height=\"842\" srcset=\"https:\/\/lacasadelleartiste.it\/wp-content\/uploads\/2023\/09\/Locandina-ultima-corretta-2-web.jpg 595w, https:\/\/lacasadelleartiste.it\/wp-content\/uploads\/2023\/09\/Locandina-ultima-corretta-2-web-212x300.jpg 212w\" sizes=\"(max-width: 595px) 100vw, 595px\" \/><\/p>\n<p>VIDEO DELLA MOSTRA<\/p>\n<p><iframe loading=\"lazy\" src=\"\/\/www.youtube.com\/embed\/6LjIHsL1_cc\" width=\"560\" height=\"314\" allowfullscreen=\"allowfullscreen\"><\/iframe><\/p>\n<p>&nbsp;<\/p>\n<p>La Casa delle Artiste \u00e8 lieta di presentare\u00a0 l\u2019esposizione personale di <strong>Giuliana Cioffi<\/strong>, dal titolo <strong>POLIFONIE<\/strong>, che si terr\u00e0 presso lo Spazio Seicentro, via Savona 99 &#8211; Milano, con il patrocinio del Municipio 6, dal 16 al 28 settembre 2023.<\/p>\n<p><strong>La mostra POLIFONIE<\/strong> prevede l\u2019utilizzo delle tre stanze del Seicentro e ognuna ospiter\u00e0 lavori di diverso tema: 1) dipinti su Milano; 2) astratti; 3) ceramiche Raku su appositi supporti.Il titolo assegnato all\u2019esposizione deriva proprio della versatilit\u00e0 dell\u2019artista che propone la sua arte utilizzando un ampio ventaglio di materiali e di idee, scevre da convenzioni e modulate comunque su una positivit\u00e0 di fondo pur nella consapevolezza delle criticit\u00e0 della societ\u00e0 in cui viviamo.<\/p>\n<h3>VERNISSAGE sabato 16 settembre ore 18.00<\/h3>\n<p>Orari apertura esposizione: dal luned\u00ec al venerdi dalle 16.00 alle 19.30; sabato e domenica dalle 10.30 alle 12.00 e dalle 16.00 alle 19.30<\/p>\n<p>&nbsp;<\/p>\n<p><strong>Biografia di Giuliana Cioffi:<\/strong><\/p>\n<p>Giuliana Cioffi, ex insegnante di educazione tecnica, dopo un\u2019esperienza nell\u2019ambito della pittura figurativa, ha scoperto la sua vocazione artistica in una particolare dimensione astratta, che vira verso l\u2019informale e, nelle sue opere, oltre a studiare un armonia cromatica, utilizza tecniche e materiali diversi.<br \/>\nI temi prediletti dell\u2019 artista sono : la natura, il sogno, la libert\u00e0, il viaggio, il paesaggio, l\u2019 emozione.<br \/>\nUltimamente ha riscoperto l\u2019 immagine, realizzando delle visioni urbane personali dove elabora fotografie, intervenendo con materiali utilizzati anche nel periodo informale.<br \/>\nHa frequentato diversi corsi ad indirizzo artistico: Corso di nudo all\u2019 accademia di Brera \u2013 Corso di Ambientazione ed Antiquariato presso l\u2019 Accademia di Attivit\u00e0 Artistiche di Milano \u2013 Corso per Vetrinisti presso il Politecnico del Commercio di Milano \u2013 Corso di Tecniche pittoriche della scuola \u201d Arte e Arti \u201d del maestro Franco Migliaccio di Trezzano S\/Naviglio \u2013 corso di Ceramica Raku presso lo studio di Elisabetta Ferrario Milano.<\/p>\n<p>Partecipa come membro artista agli eventi del Museo della PERMANENTE di Milano.<\/p>\n<p>Fa parte della mostra permanente \u201cArtisti in cielo e in terra\u201d nella Storica Libreria Bocca Milano<\/p>\n<p>Dal 1991 ad oggi ha partecipato a numerose manifestazioni artistiche con mostre personali e collettive.<\/p>\n<p>&nbsp;<\/p>\n<p><strong>Hanno scritto di lei:<\/strong><\/p>\n<p>&nbsp;<\/p>\n<p>\u201cSpesso, vedendo la prepotenza di certi quadri informalmaterici, verrebbe da ricordare agli autori che<\/p>\n<p>quando Dio volle parlare al profeta lo faceva non con bufere e terremoti, ma mediante un lieve venticello.<\/p>\n<p>Tuttavia \u00e8 chiaro che questa artista lombarda sa infondere (magari qua e l\u00e0 morlottianamente) al suo fare naturistico un bel vigore lievitante e partecipante grazie al quale il colore non diventa materia smorta o morta ma piuttosto poesia burrascosa\u201d<\/p>\n<p><em>Enzo Fabiani \u201cNuova Arte\u201d Mondadori<\/em><\/p>\n<p>&nbsp;<\/p>\n<p>\u201cE ci \u00e8 piaciuta l\u2019energia vitale a tratti violenta, sempre decisa, e spesso fortemente espressiva, rapida, immediata ed efficace che promana dalla pittura di Giuliana Cioffi\u201d<\/p>\n<p><em>Virgilio Patarini<\/em><\/p>\n<p>&nbsp;<\/p>\n<p>\u201cLe opere dell\u2019artista si presentano ricche di suggestioni e ci coinvolgono intensamente tanto per la loro forza di persuasione formale che per la loro naturale energia e carica espressiva\u201d.<\/p>\n<p><em>Franco Migliaccio<\/em><\/p>\n<p>&nbsp;<\/p>\n<p>\u201cI suoi lavori partono dal pi\u00f9 semplice oggetto per diventare, elaborati dalla sua personale sensibilit\u00e0, in <em>soggetti sublimi, degni della sua pittura\u201d<\/em><\/p>\n<p><em>Franco Montaldo<\/em><\/p>\n<p>&nbsp;<\/p>\n<p>\u201c\u2026 la messa in opera del tema prediletto: la natura, la libert\u00e0, il viaggio, l\u2019emozione e dove tutto, tutto si distende, si addensa e si coinvolge, si intriga in una sorte di sinest\u00e8si modulata di vita\u2026<\/p>\n<p>L\u2019arte di Giuliana Cioffi si concretizza per un impatto carico di forte emozionalit\u00e0\u201d<\/p>\n<p><em>Carlo Roccazzella \u201cCARO<\/em>\u201d<\/p>\n<p>&nbsp;<\/p>\n<p>\u201cLa grandezza delle tele esprime la libert\u00e0 di poter esprimere la vitalit\u00e0 dell\u2019essere attraverso la propria passione che si traduce in un\u2019azione evolutiva tesa a rappresentare la bellezza. La sensibilit\u00e0 verso la materia cromatica viene incorniciata da una tecnica ludica che amalgama materiali diversi cesellando trama ed ordito con mano di abile ricamatrice di passioni\u201d<\/p>\n<p><em>Giuseppe Favasuli<\/em><\/p>\n<p>&nbsp;<\/p>\n","protected":false},"excerpt":{"rendered":"<p>VIDEO DELLA MOSTRA &nbsp; La Casa delle Artiste \u00e8 lieta di presentare\u00a0 l\u2019esposizione personale di Giuliana Cioffi, dal titolo POLIFONIE, che si terr\u00e0 presso lo Spazio Seicentro, via Savona 99 &#8211; Milano, con il patrocinio del Municipio 6, dal 16 al 28 settembre 2023. La mostra POLIFONIE prevede l\u2019utilizzo delle tre stanze del Seicentro e [&hellip;]<\/p>\n","protected":false},"author":1,"featured_media":5907,"comment_status":"open","ping_status":"open","sticky":false,"template":"","format":"standard","meta":[],"categories":[16],"tags":[48],"_links":{"self":[{"href":"https:\/\/lacasadelleartiste.it\/index.php?rest_route=\/wp\/v2\/posts\/5903"}],"collection":[{"href":"https:\/\/lacasadelleartiste.it\/index.php?rest_route=\/wp\/v2\/posts"}],"about":[{"href":"https:\/\/lacasadelleartiste.it\/index.php?rest_route=\/wp\/v2\/types\/post"}],"author":[{"embeddable":true,"href":"https:\/\/lacasadelleartiste.it\/index.php?rest_route=\/wp\/v2\/users\/1"}],"replies":[{"embeddable":true,"href":"https:\/\/lacasadelleartiste.it\/index.php?rest_route=%2Fwp%2Fv2%2Fcomments&post=5903"}],"version-history":[{"count":5,"href":"https:\/\/lacasadelleartiste.it\/index.php?rest_route=\/wp\/v2\/posts\/5903\/revisions"}],"predecessor-version":[{"id":5911,"href":"https:\/\/lacasadelleartiste.it\/index.php?rest_route=\/wp\/v2\/posts\/5903\/revisions\/5911"}],"wp:featuredmedia":[{"embeddable":true,"href":"https:\/\/lacasadelleartiste.it\/index.php?rest_route=\/wp\/v2\/media\/5907"}],"wp:attachment":[{"href":"https:\/\/lacasadelleartiste.it\/index.php?rest_route=%2Fwp%2Fv2%2Fmedia&parent=5903"}],"wp:term":[{"taxonomy":"category","embeddable":true,"href":"https:\/\/lacasadelleartiste.it\/index.php?rest_route=%2Fwp%2Fv2%2Fcategories&post=5903"},{"taxonomy":"post_tag","embeddable":true,"href":"https:\/\/lacasadelleartiste.it\/index.php?rest_route=%2Fwp%2Fv2%2Ftags&post=5903"}],"curies":[{"name":"wp","href":"https:\/\/api.w.org\/{rel}","templated":true}]}}