{"id":5858,"date":"2023-04-30T14:35:48","date_gmt":"2023-04-30T14:35:48","guid":{"rendered":"https:\/\/lacasadelleartiste.it\/?p=5858"},"modified":"2023-04-30T14:35:48","modified_gmt":"2023-04-30T14:35:48","slug":"28-5-23-il-corpo-del-reato-esposizione-fotografica-e-reading","status":"publish","type":"post","link":"https:\/\/lacasadelleartiste.it\/?p=5858","title":{"rendered":"28\/5\/23 IL CORPO DEL REATO &#8211; esposizione fotografica e reading"},"content":{"rendered":"<p><img loading=\"lazy\" class=\"alignnone  wp-image-5860\" src=\"https:\/\/lacasadelleartiste.it\/wp-content\/uploads\/2023\/04\/loc-corpo-reato-1-1024x1024.jpg\" alt=\"\" width=\"719\" height=\"719\" srcset=\"https:\/\/lacasadelleartiste.it\/wp-content\/uploads\/2023\/04\/loc-corpo-reato-1-1024x1024.jpg 1024w, https:\/\/lacasadelleartiste.it\/wp-content\/uploads\/2023\/04\/loc-corpo-reato-1-300x300.jpg 300w, https:\/\/lacasadelleartiste.it\/wp-content\/uploads\/2023\/04\/loc-corpo-reato-1-150x150.jpg 150w, https:\/\/lacasadelleartiste.it\/wp-content\/uploads\/2023\/04\/loc-corpo-reato-1-768x768.jpg 768w, https:\/\/lacasadelleartiste.it\/wp-content\/uploads\/2023\/04\/loc-corpo-reato-1-1536x1536.jpg 1536w, https:\/\/lacasadelleartiste.it\/wp-content\/uploads\/2023\/04\/loc-corpo-reato-1-365x365.jpg 365w, https:\/\/lacasadelleartiste.it\/wp-content\/uploads\/2023\/04\/loc-corpo-reato-1-500x500.jpg 500w, https:\/\/lacasadelleartiste.it\/wp-content\/uploads\/2023\/04\/loc-corpo-reato-1.jpg 2008w\" sizes=\"(max-width: 719px) 100vw, 719px\" \/><\/p>\n<p>domenica 28 maggio 2023 &#8211; ore 17.30<\/p>\n<p>casa delle donne &#8211; via Marsala 8\/10 &#8211; Milano<\/p>\n<h3>IL CORPO DEL REATO<\/h3>\n<p>Mostra fotografica a cura del gruppo Io Sono Lilith<br \/>\n( IIS ALESSANDRINI LOMBARDINI DI Abbiategrasso) e del fotografo Ahmed Elnahif.<\/p>\n<p>Il titolo e ogni singolo scatto nascono per sottolineare quanto ancora il corpo sia oggetto di accuse e pregiudizi o soggetto di un copione che si vuole scrivere come atto di affermazione.<br \/>\nOgni studente ha scelto di farsi fotografare in una istantanea che denuncia quanto ancora gli abiti possono essere sinonimo di gabbia, prigione o palcoscenico di affermazione.<br \/>\nPerch\u00e9 \u00e8 cos\u00ec! Ci si veste per essere oppure si \u00e8 vestiti da tessuti altrui. La stoffa \u00e8 il tessuto di una societ\u00e0 miope che ancora non accetta tutti i suoi colori, un tempo che vorrebbe uniformare piuttosto che accendere i colori.<\/p>\n<p>Anche perch\u00e9 , soprattutto per i giovani vestirsi in un determinato modo, significa appartenere , essere parte di un gruppo.<br \/>\nUna galleria di immagini per riflettere su come l&#8217; abito rappresenti una frontiera, un territorio di confine sul quale si muovono pedine e si schierano eserciti di pensieri.<br \/>\nIl corpo femminile perennemente sotto accusa perch\u00e9 il peccato non \u00e8 tanto nello sguardo dell&#8217;uomo ma nel corpo della donna che lo richiama tanto che nei processi reali o mediatici per stupro la colpa dello stupratore viene comminusarata all&#8217; abbigliamento della vittima.<br \/>\nIl corpo diventa un reato anche quando dichiara chi sei , la tua fede, il tuo credo, le tue origini. Perch\u00e9 non si \u00e8 liberi di essere quel che si \u00e8, allora ognuno porta un bagaglio a mano, una valigia di vestiti che rappresentano una carta d&#8217; identit\u00e0 che nessuno ignorare.<\/p>\n<p>Ogni foto \u00e8 un orlo scucito\u00a0di\u00a0pregiudizio.<\/p>\n","protected":false},"excerpt":{"rendered":"<p>domenica 28 maggio 2023 &#8211; ore 17.30 casa delle donne &#8211; via Marsala 8\/10 &#8211; Milano IL CORPO DEL REATO Mostra fotografica a cura del gruppo Io Sono Lilith ( IIS ALESSANDRINI LOMBARDINI DI Abbiategrasso) e del fotografo Ahmed Elnahif. Il titolo e ogni singolo scatto nascono per sottolineare quanto ancora il corpo sia oggetto [&hellip;]<\/p>\n","protected":false},"author":1,"featured_media":5860,"comment_status":"open","ping_status":"open","sticky":false,"template":"","format":"standard","meta":[],"categories":[7,46],"tags":[48],"_links":{"self":[{"href":"https:\/\/lacasadelleartiste.it\/index.php?rest_route=\/wp\/v2\/posts\/5858"}],"collection":[{"href":"https:\/\/lacasadelleartiste.it\/index.php?rest_route=\/wp\/v2\/posts"}],"about":[{"href":"https:\/\/lacasadelleartiste.it\/index.php?rest_route=\/wp\/v2\/types\/post"}],"author":[{"embeddable":true,"href":"https:\/\/lacasadelleartiste.it\/index.php?rest_route=\/wp\/v2\/users\/1"}],"replies":[{"embeddable":true,"href":"https:\/\/lacasadelleartiste.it\/index.php?rest_route=%2Fwp%2Fv2%2Fcomments&post=5858"}],"version-history":[{"count":1,"href":"https:\/\/lacasadelleartiste.it\/index.php?rest_route=\/wp\/v2\/posts\/5858\/revisions"}],"predecessor-version":[{"id":5861,"href":"https:\/\/lacasadelleartiste.it\/index.php?rest_route=\/wp\/v2\/posts\/5858\/revisions\/5861"}],"wp:featuredmedia":[{"embeddable":true,"href":"https:\/\/lacasadelleartiste.it\/index.php?rest_route=\/wp\/v2\/media\/5860"}],"wp:attachment":[{"href":"https:\/\/lacasadelleartiste.it\/index.php?rest_route=%2Fwp%2Fv2%2Fmedia&parent=5858"}],"wp:term":[{"taxonomy":"category","embeddable":true,"href":"https:\/\/lacasadelleartiste.it\/index.php?rest_route=%2Fwp%2Fv2%2Fcategories&post=5858"},{"taxonomy":"post_tag","embeddable":true,"href":"https:\/\/lacasadelleartiste.it\/index.php?rest_route=%2Fwp%2Fv2%2Ftags&post=5858"}],"curies":[{"name":"wp","href":"https:\/\/api.w.org\/{rel}","templated":true}]}}