{"id":5843,"date":"2023-04-19T20:36:33","date_gmt":"2023-04-19T20:36:33","guid":{"rendered":"https:\/\/lacasadelleartiste.it\/?p=5843"},"modified":"2023-05-18T07:21:20","modified_gmt":"2023-05-18T07:21:20","slug":"24-5-23-patachitra-laboratorio-didattico-bambini-e-visione-docufilm","status":"publish","type":"post","link":"https:\/\/lacasadelleartiste.it\/?p=5843","title":{"rendered":"24\/5\/23 PATACHITRA &#8211; evento rimandato a data da destinarsi"},"content":{"rendered":"<h1>EVENTO RIMANDATO A DATA DA DESTINARSI<\/h1>\n<p><img loading=\"lazy\" class=\"alignnone size-full wp-image-5850\" src=\"https:\/\/lacasadelleartiste.it\/wp-content\/uploads\/2023\/04\/loc-web-patachitra.jpg\" alt=\"\" width=\"595\" height=\"842\" srcset=\"https:\/\/lacasadelleartiste.it\/wp-content\/uploads\/2023\/04\/loc-web-patachitra.jpg 595w, https:\/\/lacasadelleartiste.it\/wp-content\/uploads\/2023\/04\/loc-web-patachitra-212x300.jpg 212w\" sizes=\"(max-width: 595px) 100vw, 595px\" \/><\/p>\n<p>ore 17.30 del 24 maggio 2023<\/p>\n<p>Sala Aletti (Villaggio Barona) &#8211; Via Ettore Ponti 21 &#8211; Milano<\/p>\n<h2>PATACHITRA -Strumento di integrazione culturale<\/h2>\n<p>a cura di Daniela Gilardoni<\/p>\n<p><strong>Laboratorio didattico per bambini<\/strong><\/p>\n<p>Ideato e realizzato dalla<br \/>\nProfessoressa Urmila Chakraborty<br \/>\n(Universit\u00e0 degli Studi di Milano)<\/p>\n<p><strong>Visione docufilm di Giuseppe Carrieri<br \/>\n<\/strong><\/p>\n<p>***<\/p>\n<p><strong>ore 18.00 Merenda &#8211; INGRESSO A OFFERTA LIBERA<\/strong><\/p>\n<p><strong>Si richiede ai bambini di portare matite colorate e pennarelli<\/strong><\/p>\n<p><strong>Info e prenotazioani 338 2170099<\/strong><\/p>\n<p>Si comincia a narrare ai bambini una storia tratta da una realt\u00e0 lontana, \u201cfavolosa\u201d e misteriosa, la giungla indiana. Anche in questo posto meraviglioso, attraverso il racconto di una tradizionale favola ambientata nel regno animale, emerge il pregiudizio e l\u2019emarginazione di chi \u00e8 percepito come diverso dal resto del gruppo. La favola ha una risoluzione positiva ed educativa: proprio in virt\u00f9 della sua diversit\u00e0, l\u2019emarginato potr\u00e0 aiutare ad uscire da una situazione difficile l\u2019animale che maggiormente lo aveva deriso ed escluso, cos\u00ec che quest\u2019ultimo ne riconoscer\u00e0 il valore e ne diverr\u00e0 infine amico.<\/p>\n<p>Ogni bambino viene invitato a disegnare e colorare su cartoncino una scena del racconto che lo ha particolarmente colpito e che ritiene importante. Le conduttrici del laboratorio &#8211;<strong> BARBARA BORGHESI e MIRELLA CAUMO,<\/strong> pur cercando di aiutare i pi\u00f9 piccoli nella realizzazione grafica, lasceranno loro completa autonomia nelle scelte e nell\u2019interpretazione affinch\u00e9 le loro emozioni vengano espresse liberamente.<\/p>\n<p>Un momento fondamentale di questa fase \u00e8 quello dell\u2019apposizione della firma: ai bambini viene insegnato a disegnare l\u2019iniziale del proprio nome in alfabeto hindi, mentre il resto del nome verr\u00e0 scritto dal bambino in italiano. L\u2019apposizione della \u201cfirma artistica\u201d, ovvero questo incontro grafico- visivo tra hindi e italiano, aiuta il bambino verso la scoperta che non solo esistono lingue, e quindi mondi, diversi dal proprio, ma che possono oltre che convivere e tollerarsi o al limite diventare \u201camici\u201d, creare assieme qualcosa di pi\u00f9 ricco e interessante.<\/p>\n<p>Una volta assemblati tutti questi disegni, con le loro firme \u201cmulticulturali\u201d, daranno vita alla costruzione collettiva di uno storyboard.<br \/>\nCon la composizione di questo lungo cartone con i disegni di tutti i bambini si giunger\u00e0 alla creazione di un\u2019opera originale e grazie alla fusione di due lingue, a un piccolo incontro di due culture.<br \/>\nL\u2019idea della firma artistica (l\u2019iniziale in hindi unita al resto del nome in italiano) doner\u00e0 al progetto un valore simbolico: pur non rinunciando a se stesso, a quell\u2019identit\u00e0 che sta iniziando a riconoscere, il bambino comincer\u00e0 a scoprire di non essere solo, ma di essere parte di un tutto, dove ogni singolo tassello \u00e8 indispensabile.<\/p>\n<p>&nbsp;<\/p>\n","protected":false},"excerpt":{"rendered":"<p>EVENTO RIMANDATO A DATA DA DESTINARSI ore 17.30 del 24 maggio 2023 Sala Aletti (Villaggio Barona) &#8211; Via Ettore Ponti 21 &#8211; Milano PATACHITRA -Strumento di integrazione culturale a cura di Daniela Gilardoni Laboratorio didattico per bambini Ideato e realizzato dalla Professoressa Urmila Chakraborty (Universit\u00e0 degli Studi di Milano) Visione docufilm di Giuseppe Carrieri *** [&hellip;]<\/p>\n","protected":false},"author":1,"featured_media":5850,"comment_status":"open","ping_status":"open","sticky":false,"template":"","format":"standard","meta":[],"categories":[7,44],"tags":[48],"_links":{"self":[{"href":"https:\/\/lacasadelleartiste.it\/index.php?rest_route=\/wp\/v2\/posts\/5843"}],"collection":[{"href":"https:\/\/lacasadelleartiste.it\/index.php?rest_route=\/wp\/v2\/posts"}],"about":[{"href":"https:\/\/lacasadelleartiste.it\/index.php?rest_route=\/wp\/v2\/types\/post"}],"author":[{"embeddable":true,"href":"https:\/\/lacasadelleartiste.it\/index.php?rest_route=\/wp\/v2\/users\/1"}],"replies":[{"embeddable":true,"href":"https:\/\/lacasadelleartiste.it\/index.php?rest_route=%2Fwp%2Fv2%2Fcomments&post=5843"}],"version-history":[{"count":5,"href":"https:\/\/lacasadelleartiste.it\/index.php?rest_route=\/wp\/v2\/posts\/5843\/revisions"}],"predecessor-version":[{"id":5869,"href":"https:\/\/lacasadelleartiste.it\/index.php?rest_route=\/wp\/v2\/posts\/5843\/revisions\/5869"}],"wp:featuredmedia":[{"embeddable":true,"href":"https:\/\/lacasadelleartiste.it\/index.php?rest_route=\/wp\/v2\/media\/5850"}],"wp:attachment":[{"href":"https:\/\/lacasadelleartiste.it\/index.php?rest_route=%2Fwp%2Fv2%2Fmedia&parent=5843"}],"wp:term":[{"taxonomy":"category","embeddable":true,"href":"https:\/\/lacasadelleartiste.it\/index.php?rest_route=%2Fwp%2Fv2%2Fcategories&post=5843"},{"taxonomy":"post_tag","embeddable":true,"href":"https:\/\/lacasadelleartiste.it\/index.php?rest_route=%2Fwp%2Fv2%2Ftags&post=5843"}],"curies":[{"name":"wp","href":"https:\/\/api.w.org\/{rel}","templated":true}]}}