{"id":579,"date":"2016-12-07T16:49:27","date_gmt":"2016-12-07T15:49:27","guid":{"rendered":"http:\/\/spazioaldamerini.org\/?p=579"},"modified":"2016-12-07T16:49:27","modified_gmt":"2016-12-07T15:49:27","slug":"inaugurazione-13-dicembre-ore-18-30-mostra-collettiva-i-colori-si-pensano-di-notte","status":"publish","type":"post","link":"https:\/\/lacasadelleartiste.it\/?p=579","title":{"rendered":"INAUGURAZIONE 13 DICEMBRE       ORE 18.30  Mostra Collettiva                 &#8220;I COLORI SI PENSANO DI NOTTE&#8221;"},"content":{"rendered":"<p><a href=\"http:\/\/spazioaldamerini.org\/2016\/12\/07\/inaugurazione-13-dicembre-ore-18-30-mostra-collettiva-i-colori-si-pensano-di-notte\/\">INAUGURAZIONE 13 DICEMBRE ORE 18.30 Mostra Collettiva \u201cI COLORI SI PENSANO DI NOTTE\u201d<\/a><\/p>\n<p>13 dicembre 2016 &#8211; 6 gennaio 2017<\/p>\n<p>orario per visitare la mostra:<\/p>\n<p>gioved\u00ec &#8211; venerd\u00ec &#8211; sabato e domenica 17-20<br \/>\nmarted\u00ec &#8211; mercoled\u00ec 10-13 \u00a0 \u00a0 \u00a0 \u00a0luned\u00ec 20 &#8211; 23<\/p>\n<p><img loading=\"lazy\" class=\"alignnone size-full wp-image-596\" src=\"https:\/\/spazioaldamerinidotorg.files.wordpress.com\/2016\/12\/collettiva-di-natale-i-colori-si-pensano-di-notte-2016.jpg\" alt=\"collettiva-di-natale-i-colori-si-pensano-di-notte-2016\" width=\"949\" height=\"1582\" \/><\/p>\n<p>&nbsp;<\/p>\n<p>&nbsp;<\/p>\n<p>&nbsp;<\/p>\n","protected":false},"excerpt":{"rendered":"<p>INAUGURAZIONE 13 DICEMBRE ORE 18.30 Mostra Collettiva \u201cI COLORI SI PENSANO DI NOTTE\u201d 13 dicembre 2016 &#8211; 6 gennaio 2017 orario per visitare la mostra: gioved\u00ec &#8211; venerd\u00ec &#8211; sabato e domenica 17-20 marted\u00ec &#8211; mercoled\u00ec 10-13 \u00a0 \u00a0 \u00a0 \u00a0luned\u00ec 20 &#8211; 23 &nbsp; &nbsp; &nbsp;<\/p>\n","protected":false},"author":1,"featured_media":0,"comment_status":"open","ping_status":"open","sticky":false,"template":"","format":"standard","meta":[],"categories":[16],"tags":[],"_links":{"self":[{"href":"https:\/\/lacasadelleartiste.it\/index.php?rest_route=\/wp\/v2\/posts\/579"}],"collection":[{"href":"https:\/\/lacasadelleartiste.it\/index.php?rest_route=\/wp\/v2\/posts"}],"about":[{"href":"https:\/\/lacasadelleartiste.it\/index.php?rest_route=\/wp\/v2\/types\/post"}],"author":[{"embeddable":true,"href":"https:\/\/lacasadelleartiste.it\/index.php?rest_route=\/wp\/v2\/users\/1"}],"replies":[{"embeddable":true,"href":"https:\/\/lacasadelleartiste.it\/index.php?rest_route=%2Fwp%2Fv2%2Fcomments&post=579"}],"version-history":[{"count":0,"href":"https:\/\/lacasadelleartiste.it\/index.php?rest_route=\/wp\/v2\/posts\/579\/revisions"}],"wp:attachment":[{"href":"https:\/\/lacasadelleartiste.it\/index.php?rest_route=%2Fwp%2Fv2%2Fmedia&parent=579"}],"wp:term":[{"taxonomy":"category","embeddable":true,"href":"https:\/\/lacasadelleartiste.it\/index.php?rest_route=%2Fwp%2Fv2%2Fcategories&post=579"},{"taxonomy":"post_tag","embeddable":true,"href":"https:\/\/lacasadelleartiste.it\/index.php?rest_route=%2Fwp%2Fv2%2Ftags&post=579"}],"curies":[{"name":"wp","href":"https:\/\/api.w.org\/{rel}","templated":true}]}}