{"id":5745,"date":"2023-02-17T07:17:12","date_gmt":"2023-02-17T07:17:12","guid":{"rendered":"https:\/\/lacasadelleartiste.it\/?p=5745"},"modified":"2023-03-15T10:19:13","modified_gmt":"2023-03-15T10:19:13","slug":"25-3-23-la-casa-delle-artiste-poetry-slam-al-femminile-con-lips","status":"publish","type":"post","link":"https:\/\/lacasadelleartiste.it\/?p=5745","title":{"rendered":"25\/3\/23 La Casa delle Artiste Poetry Slam al femminile &#8211; con LIPS"},"content":{"rendered":"<p><img loading=\"lazy\" class=\"alignnone wp-image-5747\" src=\"https:\/\/lacasadelleartiste.it\/wp-content\/uploads\/2023\/01\/COPERTINA-FB-2023-SM-WEB-1024x576.jpg\" alt=\"\" width=\"795\" height=\"447\" srcset=\"https:\/\/lacasadelleartiste.it\/wp-content\/uploads\/2023\/01\/COPERTINA-FB-2023-SM-WEB-1024x576.jpg 1024w, https:\/\/lacasadelleartiste.it\/wp-content\/uploads\/2023\/01\/COPERTINA-FB-2023-SM-WEB-300x169.jpg 300w, https:\/\/lacasadelleartiste.it\/wp-content\/uploads\/2023\/01\/COPERTINA-FB-2023-SM-WEB-768x432.jpg 768w, https:\/\/lacasadelleartiste.it\/wp-content\/uploads\/2023\/01\/COPERTINA-FB-2023-SM-WEB.jpg 1134w\" sizes=\"(max-width: 795px) 100vw, 795px\" \/><\/p>\n<p><img loading=\"lazy\" class=\"alignnone size-large wp-image-5789\" src=\"https:\/\/lacasadelleartiste.it\/wp-content\/uploads\/2023\/02\/WPD23_Milano_Marzo2023-719x1024.jpg\" alt=\"\" width=\"719\" height=\"1024\" srcset=\"https:\/\/lacasadelleartiste.it\/wp-content\/uploads\/2023\/02\/WPD23_Milano_Marzo2023-719x1024.jpg 719w, https:\/\/lacasadelleartiste.it\/wp-content\/uploads\/2023\/02\/WPD23_Milano_Marzo2023-211x300.jpg 211w, https:\/\/lacasadelleartiste.it\/wp-content\/uploads\/2023\/02\/WPD23_Milano_Marzo2023-768x1094.jpg 768w, https:\/\/lacasadelleartiste.it\/wp-content\/uploads\/2023\/02\/WPD23_Milano_Marzo2023.jpg 788w\" sizes=\"(max-width: 719px) 100vw, 719px\" \/><\/p>\n<p>25 marzo 2023 &#8211; ore 19.00<\/p>\n<p>Casa delle Donne di Milano &#8211; Via Marsala 8\/10 &#8211; MILANO<\/p>\n<p><strong>CASA DELLE ARTISTE POETRY SLAM\u00a0 al femminile<\/strong><\/p>\n<p>promosso da La Casa delle Artiste in collaborazione con LIPS &#8211; Lega Italiana Poetry SLam<\/p>\n<p>Mc: <strong>Paolo Agrati con Diana Battaggia<\/strong><\/p>\n<p>Sei voci poetiche partecipanti: <strong>Eleonora Davoli, Serena Rose Zerri, Zoe Aselli Pellegrini, Elena Gerasi, Elisa Longo, Rossana Bacchella, Anna Spissu.<br \/>\n<\/strong><\/p>\n<p><span style=\"color: #ff0000;\">N.B. Lo Slam \u00e8 valido per il Campionato Nazionale LIPS.<\/span><\/p>\n<p>Ingresso libero<\/p>\n<p>***<\/p>\n<p><em>COS&#8217;\u00c8 UN POETRY SLAM?<\/em><\/p>\n<p><em>Il Poetry Slam \u00e8 una sfida tra poeti che danno voce e corpo ai propri testi portandoli sul palco.<\/em><\/p>\n<p><em>Le regole del gioco sono semplici:<\/em><\/p>\n<p><em>\u2712<\/em><em>\ufe0eLo Slammer ha massimo 3 minuti per recitare il suo testo.<br \/>\n<\/em><em>\u2712<\/em><em>\ufe0eNon pu\u00f2 utilizzare musica, costumi o oggetti di scena.<br \/>\n<\/em><em>\u2712<\/em><em>\ufe0e\u00a0I testi devono essere originali, scritti dal poeta stesso.<\/em><\/p>\n<p><em>Una giuria presa a caso dal pubblico decider\u00e0 quale sar\u00e0 la poesia e la performance che preferisce<\/em><\/p>\n<p>&nbsp;<\/p>\n<p>L&#8217;evento \u00e8 inserito nelle iniziative per promuovere la Giornata Mondiale della Poesia patrocinata dall&#8217;UNESCO: un palinsesto comune lanciato dalla Citt\u00e0 di Granada con le Citt\u00e0 Creative della Letteratura, della quale fa parte anche Milano.<\/p>\n<p><img loading=\"lazy\" class=\"alignnone size-full wp-image-5769\" src=\"https:\/\/lacasadelleartiste.it\/wp-content\/uploads\/2023\/01\/logo-unesco-milano.png\" alt=\"\" width=\"462\" height=\"237\" srcset=\"https:\/\/lacasadelleartiste.it\/wp-content\/uploads\/2023\/01\/logo-unesco-milano.png 462w, https:\/\/lacasadelleartiste.it\/wp-content\/uploads\/2023\/01\/logo-unesco-milano-300x154.png 300w\" sizes=\"(max-width: 462px) 100vw, 462px\" \/><\/p>\n<p>&nbsp;<\/p>\n<p><strong>\u00a0<\/strong><\/p>\n<p><strong>Le Citt\u00e0 della Letteratura UNESCO celebrano la creativit\u00e0 e la solidariet\u00e0 nella Giornata Mondiale della Poesia<\/strong><\/p>\n<p><strong>\u00a0<\/strong><\/p>\n<p>Le Citt\u00e0 Creative della Letteratura UNESCO utilizzano la creativit\u00e0 e la cultura per promuovere lo sviluppo sociale, economico e culturale delle loro citt\u00e0. In questi tempi di incertezza globale, la rete continua a connettere le comunit\u00e0 letterarie di tutto il mondo, forgiando legami attraverso il potere dei libri, delle parole e delle idee.<\/p>\n<p>&nbsp;<\/p>\n<p><a href=\"https:\/\/granadaciudaddeliteratura.com\/en\/granada-city-of-literature\/\">Granada, Citt\u00e0 della Letteratura<\/a> spagnola, dirige ogni anno l&#8217;attivit\u00e0 della Giornata Mondiale della Poesia delle Citt\u00e0 della Letteratura, e nel 2023 ha scelto il tema \u2018Poetry for Life\u2019. Le celebrazioni di Granada prenderanno il via con una cerimonia di apertura presso la corte centrale del Municipio, con la presenza del Sindaco della citt\u00e0 e di altre autorit\u00e0 del mondo della cultura, nella quale tre poeti si esibiranno in una lettura di poesie. Seguiranno 90 poeti che leggeranno dalle 17.00 alle 21.00 nei giardini della Facolt\u00e0 di Giurisprudenza dell&#8217;Universit\u00e0 di Granada, 18 librerie cittadine e l&#8217;atteso Poetry Slam Granada, in cui 10 poeti si sfideranno per essere giudicati vincitori dal voto del pubblico.<\/p>\n<p>&nbsp;<\/p>\n<p>11 Citt\u00e0 della Letteratura, inclusa Granada, stanno organizzando le celebrazioni per la Giornata Mondiale della Poesia 2023: Dunedin, Durban, Granada, Heidelberg, Melbourne, Milano, Nanjing, Nottingham, Seattle, Tartu e Wonju. In tutto il mondo, queste attivit\u00e0 celebrano la poesia e il suo potere di parlare alla nostra comune umanit\u00e0 e ai nostri valori condivisi. Altre Citt\u00e0 della Letteratura in tutto il mondo condivideranno queste iniziative, invitando le loro comunit\u00e0 a partecipare e a celebrare la poesia in tutte le sue forme. La Giornata Mondiale della Poesia sar\u00e0 contraddistinta allo stesso modo in tutto il mondo, e le Citt\u00e0 della Letteratura sperano di aumentare la consapevolezza sul potere della letteratura e della poesia per costruire societ\u00e0 sostenibili e inclusive.<\/p>\n<p>&nbsp;<\/p>\n<p>&nbsp;<\/p>\n<p>DUNEDIN, NUOVA ZELANDA<\/p>\n<p>In occasione della Giornata Mondiale della Poesia 2023, Dunedin ha realizzato un video dell\u2019esibizione del poeta David Eggleton, Poet Laureate della Nuova Zelanda per il 2019-22, durante la lettura della sua poesia iconica &#8220;What the future holds&#8221;, per condividerla con i nostri amici in citt\u00e0, in tutto il Paese e nelle altre Citt\u00e0 UNESCO della Letteratura. Ci sentiremo tutti uniti e sentiremo la forza di questo momento poetico collettivo mentre ascolteremo, condivideremo e faremo considerazioni su cosa ci riserva il futuro.<\/p>\n<p>&nbsp;<\/p>\n<p>DURBAN, SUDAFRICA<\/p>\n<p>Durban celebrer\u00e0 questa Giornata Mondiale della Poesia 2023 con un audio-libro educativo a cartoni animati di durata inferior ai 5 minuti, realizzato e scritto da Qap&#8217;s Mngadi e ARTMATEM PROJECTS AND TRADINGS PTY LTD. Questo libro a cartoni animati si basa su problemi reali che riflettono il condizionamento e che educano i giovani ai pericoli della droga. Inoltre, mette in evidenza e insegna agli adolescenti (giovani) come le droghe influenzano i genitori e la comunit\u00e0 in generale. Questo audio-libro educativo a cartoni animati pu\u00f2 essere proiettato e una rappresentazione scenica di 15 minuti pu\u00f2 essere messa in scena per il pubblico. Parteciperanno 4 attori e 1 poeta nelle scuole, nelle stazioni dei taxi e nei centri di riabilitazione.<\/p>\n<p>&nbsp;<\/p>\n<p>HEIDELBERG, GERMANIA<\/p>\n<p>La Citt\u00e0 UNESCO della Letteratura di Heidelberg celebra la Giornata Mondiale della Poesia 2023 con una serie di eventi, tra cui letture, mostre di poesia e conferenze, organizzate da soggetti coinvolti quali il Forum di Heidelberg per le Arti, iniziative di privati e da scrittori provenienti dalla citt\u00e0 e dalla regione. Altri eventi sono la Giornata Mondiale della Poesia al Forum delle Arti di Heidelberg: (<a href=\"http:\/\/www.heidelberger-forum-fuer-kunst.de\/\">http:\/\/www.heidelberger-forum-fuer-kunst.de\/<\/a>); La letteratura scopre la Chiesa: Gli scrittori dell&#8217;Assemblea degli Autori di Heidelberg, Artes liberales universitas (<a href=\"http:\/\/universitas.artesliberales.name\/\">http:\/\/universitas.artesliberales.name\/<\/a>), Poesia e Natura: Desideri delle piante e amare l\u2019anima; costantemente dal vivo: Leggete le vostre poesie preferite!; I Romantici di Heidelberg: Poesia in musica; l&#8217;Offensiva letteraria: Come into the Open! invita a una lettura aperta di poesie e prose brevi inedite. L&#8217;autrice ed editrice indipendente Gabi Heiler presenta Poems in the Philosopher&#8217;s Garden, che tratta il tema dell&#8217;autostima. Per ulteriori informazioni: <a href=\"http:\/\/www.cityofliterature.de\">http:\/\/www.cityofliterature.de<\/a><\/p>\n<p><strong>\u00a0<\/strong><\/p>\n<p><strong>IOWA CITY, <\/strong><strong>U.S.A.<\/strong><\/p>\n<p>Due programmi dell&#8217;Universit\u00e0 dell&#8217;Iowa si uniscono per l&#8217;evento &#8220;War and Resistance: Una serata di poesia per promuovere la pace e la democrazia&#8221;. I Programmi internazionali dell&#8217;Universit\u00e0 dell&#8217;Iowa e il Centro per l&#8217;apprendimento della lingua e della cultura organizzeranno il 21 marzo l&#8217;evento nel campus dell&#8217;Universit\u00e0. Questa lettura di poesie multilingue si svolger\u00e0 nel corso di una mostra fotografica dei fotografi Fulbright che, allo stesso modo dei poeti, hanno catturato i momenti tragici ed eroici, devastanti e pieni di speranza della vita attuale in Ucraina. &#8220;Mentre gli ucraini continuano a resistere all&#8217;invasione russa nella loro terra, \u00e8 importante testimoniare, fare arte e leggere poesie di resistenza&#8221;, ha dichiarato Claire Frances, direttrice del Centro per l&#8217;apprendimento della lingua e della cultura.<\/p>\n<p>&nbsp;<\/p>\n<p>MELBOURNE, AUSTRALIA<\/p>\n<p>Serie di video online con 5 poeti provenienti dalle citt\u00e0 di Heidelberg e Melbourne, per celebrare il culmine dell&#8217;unica writers room online, Expedition Poetry. I partecipanti prenderanno parte a 5 video originali nei quali leggeranno una poesia di un loro coetaneo nella lingua madre del poeta e poi discuteranno del processo di lavoro comune. Prodotto e pubblicato dal Wheeler Centre.<\/p>\n<p>&nbsp;<\/p>\n<p>MILANO, ITALIA<\/p>\n<p>La citt\u00e0 di Milano aderisce alle celebrazioni della Giornata Mondiale della Poesia il 14, 19, 23 e 25 marzo con i seguenti eventi: &#8211; 14 e 19 marzo &#8211; Performance di poesia con poeti e partecipanti, presso Fondazione Mudima e Triennale Milano, link ai siti web. <a href=\"https:\/\/interrogantespettacolo.com\/ita\/\">https:\/\/interrogantespettacolo.com\/ita\/,<\/a> &#8211; <a href=\"https:\/\/www.bookcitymilano.it\/\">https:\/\/www.bookcitymilano.it\/<\/a><\/p>\n<p>&nbsp;<\/p>\n<p>23 marzo &#8211; Lettura di poesia con poeti e partecipanti presso il laboratorio Formentini, link al sito web: <a href=\"http:\/\/www.lacasadellapoesia.com\/\">http:\/\/www.lacasadellapoesia.com\/<\/a>, &#8211; 25 marzo, ore 19.00 &#8211; Poetry Slam promosso da Casa delle Artiste in collaborazione con Italian Poetry Slam League, presso Casa delle Donne. Link al sito web: <a href=\"https:\/\/lacasadelleartiste.it\/?p=5745\">https:\/\/lacasadelleartiste.it\/?p=5745<\/a><\/p>\n<p>&nbsp;<\/p>\n<p>NANJING, CINA<\/p>\n<p>Marted\u00ec 21 marzo, la Nanjing Literature Hall, sede della Citt\u00e0 della Letteratura di Nanchino, accoglier\u00e0 un gruppo di studenti in visita provenienti da istituti di educazione speciale, la Scuola per ciechi e la Scuola per sordi di Nanchino. Essi si uniranno ai volontari per condividere la lettura di poesie. I volontari sono per lo pi\u00f9 studenti delle scuole medie e rappresentano un background eterogeneo. Per l&#8217;evento, ogni partecipante legger\u00e0 e consiglier\u00e0 una poesia di sua scelta. Tutti i partecipanti potranno godere di una visita guidata accessibile alla Nanjing Literature Hall, facendo una passeggiata nel bellissimo giardino in fioritura.<\/p>\n<p>Sulla piattaforma di social media Sina Weibo, tutti sono invitati a partecipare attraverso l&#8217;hashtag TBD #\u6211\u4eec\u4e00\u8d77\u8bfb\u9996\u8bd7(&#8220;Leggiamo una poesia insieme&#8221;). Collegamento al sito web njliterature.org<\/p>\n<p>&nbsp;<\/p>\n<p>NOTTINGHAM, REGNO UNITO<\/p>\n<p>Nottingham Playhouse, Writing East Midlands e Nottingham Citt\u00e0 UNESCO della Letteratura uniscono i loro sforzi per il progetto &#8220;<em>Speak Easy for World Poetry Day<\/em>&#8220;, una serata a microfoni aperti per giovani scrittori. Questo progetto riunisce i giovani talenti emergenti della lingua parlata di Nottingham e ne promuove lo sviluppo offrendo loro opportunit\u00e0 di esibizione, masterclass e laboratori di scrittura creativa. Venerd\u00ec 17 marzo, Speak Easy ospiter\u00e0 la prossima serata a microfoni aperti alla Nottingham Playhouse dalle 18 alle 20, giusto in tempo per la Giornata mondiale della poesia! <a href=\"https:\/\/nottinghamplayhouse.co.uk\/project\/speak-easy-the-spoken-word-collective\/\">https:\/\/nottinghamplayhouse.co.uk\/project\/speak-easy-the-spoken-word-collective\/<\/a><\/p>\n<p>&nbsp;<\/p>\n<p>SEATTLE, U.S.A.<\/p>\n<p>Seattle City of Literature celebrer\u00e0 la Giornata Mondiale della Poesia 2023 ospitando letture bilingui in spagnolo e inglese sul tema &#8220;Poesia per la vita&#8221;.<\/p>\n<p>&nbsp;<\/p>\n<p>TARTU, ESTONIA<\/p>\n<p>Il 21 marzo Tartu Citt\u00e0 della Letteratura celebrer\u00e0 la Giornata Mondiale della Poesia con un ricco programma che coinvolge diverse sedi, gruppi di et\u00e0 e pubblico. Le celebrazioni iniziano con le performance poetiche di bambini e giovani presso la Casa della Letteratura di Tartu. Nel pomeriggio i membri del Tartu Poetry Theatre diffonderanno la cononoscenza della Giornata Mondiale della Poesia in tutta la citt\u00e0, realizzando eventi poetici in caff\u00e8 e ristoranti. La giornata si concluder\u00e0 con un programma di poesia e musica presso il club culturale Salong alla Tartu Literature House. Inoltre, Tartu prosegue la tradizione iniziata nel 2020: tutti possono inviare agli organizzatori video di poesie che saranno pubblicati sulla pagina Facebook dell&#8217;evento nel corso della giornata. Link ai siti web: tartu.kirjandus.ee<\/p>\n<p>&nbsp;<\/p>\n<p>WONJU, COREA DEL SUD<\/p>\n<p>La citt\u00e0 di Wonju celebrer\u00e0 la Giornata Mondiale della Poesia 2023 con la scrittura di poesie e con la promozione su Facebook della citt\u00e0 di Wonju. I partecipanti saranno i cittadini di Wonju. Ogni cittadino partecipante contribuir\u00e0 con una poesia di propria creazione che sar\u00e0 illustrata dalla Citt\u00e0 della Letteratura di Wonju e pubblicata al ritmo di una al giorno a partire dal 17 marzo fino al 21 marzo.<\/p>\n<p>&nbsp;<\/p>\n<p><strong>Per ulteriori informazioni<\/strong><\/p>\n<p><strong>Sulla Giornata Mondiale della Poesia<\/strong>: la Giornata Mondiale della Poesia si svolge il 21 marzo ed \u00e8 stata proclamata per la prima volta dall&#8217;UNESCO nel corso della 30a Conferenza Generale a Parigi nel 1999, con lo scopo di sostenere la diversit\u00e0 linguistica attraverso l&#8217;espressione poetica e di aumentare l&#8217;opportunit\u00e0 per le lingue in pericolo di essere ascoltate. Per maggiori informazioni sulla Giornata Mondiale della Poesia, visita:<\/p>\n<p><a href=\"https:\/\/en.unesco.org\/commemorations\/worldpoetryday\">https:\/\/en.unesco.org\/commemorations\/worldpoetryday<\/a><\/p>\n<p><strong>\u00a0<\/strong><\/p>\n<p><strong>La Rete delle Citt\u00e0 Creative UNESCO (UCCN)<\/strong>: creata nel 2004, la Rete delle Citt\u00e0 Creative UNESCO riunisce 295 citt\u00e0 di 90 Stati membri dell&#8217;UNESCO, che considerano la cultura e la creativit\u00e0 come fattori abilitanti strategici per il raggiungimento dell&#8217;Agenda 2030 per lo sviluppo sostenibile a livello locale. La rete copre sette campi creativi che sono l&#8217;artigianato e l&#8217;arte popolare, il design, il cinema, la gastronomia, la letteratura, le arti mediatiche e la musica. 42 Citt\u00e0 Creative UNESCO della Letteratura di 31 paesi sono attualmente membri della Rete e collaborano attivamente e strettamente per promuovere il potere della letteratura per realizzare societ\u00e0 sostenibili e inclusive.<\/p>\n<p>Per maggiori informazioni sull&#8217;UCCN, si prega di visitare: <a href=\"https:\/\/en.unesco.org\/creative-cities\/home\">https:\/\/en.unesco.org\/creative-cities\/home<\/a><\/p>\n<p>&nbsp;<\/p>\n<p><strong>Per saperne di pi\u00f9 sulla rete delle Citt\u00e0 della Letteratura dell&#8217;UNESCO<\/strong>:<\/p>\n<p><a href=\"https:\/\/www.citiesoflit.com\/\">https:\/\/www.citiesoflit.com\/<\/a><\/p>\n<p>&nbsp;<\/p>\n<p><strong>La cartella stampa delle Citt\u00e0 della Letteratura \u00e8 <\/strong><a href=\"https:\/\/www.citiesoflit.com\/_files\/ugd\/9ed5fa_71d9fdde014d47459cb99a7ef6faf952.pdf\">qui<\/a><u>.<\/u><\/p>\n<p><strong>\u00a0<\/strong><\/p>\n<p><strong>Eventuali domande a:<\/strong><\/p>\n<p><strong>Granada Team<\/strong><\/p>\n<p>Carmen Casares: <a href=\"mailto:carmen@granadaciudaddeliteratura.com\">carmen@granadaciudaddeliteratura.com<\/a> Jes\u00fas Ortega: <a href=\"mailto:granada@granadaciuaddeliteratura.com\">granada@granadaciuaddeliteratura.com<\/a><\/p>\n<p>&nbsp;<\/p>\n<p><strong>Responsabile della rete delle Citt\u00e0 UNESCO della Letteratura<\/strong><\/p>\n<p>John Kenyon: <a href=\"mailto:john-kenyon@iowacityofliterature.org\">john-kenyon@iowacityofliterature.org<\/a><\/p>\n<p>&nbsp;<\/p>\n<p><strong><em>Segui l&#8217;hashtag sui social media: #WorldPoetryDay<\/em><\/strong><\/p>\n<p>&nbsp;<\/p>\n","protected":false},"excerpt":{"rendered":"<p>25 marzo 2023 &#8211; ore 19.00 Casa delle Donne di Milano &#8211; Via Marsala 8\/10 &#8211; MILANO CASA DELLE ARTISTE POETRY SLAM\u00a0 al femminile promosso da La Casa delle Artiste in collaborazione con LIPS &#8211; Lega Italiana Poetry SLam Mc: Paolo Agrati con Diana Battaggia Sei voci poetiche partecipanti: Eleonora Davoli, Serena Rose Zerri, Zoe [&hellip;]<\/p>\n","protected":false},"author":1,"featured_media":5747,"comment_status":"open","ping_status":"open","sticky":false,"template":"","format":"standard","meta":[],"categories":[46],"tags":[48],"_links":{"self":[{"href":"https:\/\/lacasadelleartiste.it\/index.php?rest_route=\/wp\/v2\/posts\/5745"}],"collection":[{"href":"https:\/\/lacasadelleartiste.it\/index.php?rest_route=\/wp\/v2\/posts"}],"about":[{"href":"https:\/\/lacasadelleartiste.it\/index.php?rest_route=\/wp\/v2\/types\/post"}],"author":[{"embeddable":true,"href":"https:\/\/lacasadelleartiste.it\/index.php?rest_route=\/wp\/v2\/users\/1"}],"replies":[{"embeddable":true,"href":"https:\/\/lacasadelleartiste.it\/index.php?rest_route=%2Fwp%2Fv2%2Fcomments&post=5745"}],"version-history":[{"count":7,"href":"https:\/\/lacasadelleartiste.it\/index.php?rest_route=\/wp\/v2\/posts\/5745\/revisions"}],"predecessor-version":[{"id":5791,"href":"https:\/\/lacasadelleartiste.it\/index.php?rest_route=\/wp\/v2\/posts\/5745\/revisions\/5791"}],"wp:featuredmedia":[{"embeddable":true,"href":"https:\/\/lacasadelleartiste.it\/index.php?rest_route=\/wp\/v2\/media\/5747"}],"wp:attachment":[{"href":"https:\/\/lacasadelleartiste.it\/index.php?rest_route=%2Fwp%2Fv2%2Fmedia&parent=5745"}],"wp:term":[{"taxonomy":"category","embeddable":true,"href":"https:\/\/lacasadelleartiste.it\/index.php?rest_route=%2Fwp%2Fv2%2Fcategories&post=5745"},{"taxonomy":"post_tag","embeddable":true,"href":"https:\/\/lacasadelleartiste.it\/index.php?rest_route=%2Fwp%2Fv2%2Ftags&post=5745"}],"curies":[{"name":"wp","href":"https:\/\/api.w.org\/{rel}","templated":true}]}}