{"id":5699,"date":"2022-11-21T12:22:42","date_gmt":"2022-11-21T12:22:42","guid":{"rendered":"https:\/\/lacasadelleartiste.it\/?p=5699"},"modified":"2023-01-09T21:35:55","modified_gmt":"2023-01-09T21:35:55","slug":"16-12-22-la-sartoria-poetica-di-anna-spissu","status":"publish","type":"post","link":"https:\/\/lacasadelleartiste.it\/?p=5699","title":{"rendered":"19\/12\/22 La sartoria poetica di Anna Spissu"},"content":{"rendered":"<p><img loading=\"lazy\" class=\"alignnone size-full wp-image-5715\" src=\"https:\/\/lacasadelleartiste.it\/wp-content\/uploads\/2022\/11\/loc-Spissu-19-12-22W.jpg\" alt=\"\" width=\"595\" height=\"842\" srcset=\"https:\/\/lacasadelleartiste.it\/wp-content\/uploads\/2022\/11\/loc-Spissu-19-12-22W.jpg 595w, https:\/\/lacasadelleartiste.it\/wp-content\/uploads\/2022\/11\/loc-Spissu-19-12-22W-212x300.jpg 212w\" sizes=\"(max-width: 595px) 100vw, 595px\" \/><\/p>\n<p>A causa di scioperi previsti per la data del 16 dicembre, si postpone la data dell&#8217;evento al 19 dicembre &#8211; ore 18.30<\/p>\n<p>Sala Aletti (Villaggio Barona) &#8211; Via Ettore Ponti 21 &#8211; Milano<\/p>\n<h3>LA SARTORIA POETICA DI ANNA SPISSU<\/h3>\n<p>Incontro con la creativit\u00e0 poetica di Anna Spissu attraverso il percorso delle sue pubblicazioni<\/p>\n<p>In dialogo con l&#8217;autrice: <strong>Diana Battaggia<\/strong><\/p>\n<p>&nbsp;<\/p>\n<p><img loading=\"lazy\" class=\"alignnone size-full wp-image-5701\" src=\"https:\/\/lacasadelleartiste.it\/wp-content\/uploads\/2022\/11\/spissu.jpg\" alt=\"\" width=\"130\" height=\"130\" \/><\/p>\n<p>Sono nata a Chiavari, in Liguria, nel 1959.<br \/>\nMio padre era di Arbatax e anche se la Liguria \u00e8 una terra tanto amata dove ho vissuto moltissimi anni, pi\u00f9 passano gli anni pi\u00f9 sento crescere dentro di me anche la mia anima sarda.<br \/>\nOggi vivo e lavoro a Milano ma sono certa che un giorno torner\u00f2 a vivere al mare. Ho scritto la mia prima poesia a cinque anni, quando ho imparato a scrivere e da allora non ho pi\u00f9 smesso. La poesia ha accompagnato tutta la mia vita e credo che continueremo a farci compagnia, io e lei, per il resto dei miei giorni.<br \/>\nScrivere \u00e8 la mia grande passione. Ho tante storie da raccontare, per questo ho scritto anche molti racconti e li ho pubblicati su antologie e riviste.<br \/>\nE scrivendo scrivendo sono arrivata ai romanzi.<\/p>\n<p>&nbsp;<\/p>\n<p><img loading=\"lazy\" class=\"alignnone size-full wp-image-5689\" src=\"https:\/\/lacasadelleartiste.it\/wp-content\/uploads\/2022\/10\/mappa-sala-Aletti.jpg\" alt=\"\" width=\"827\" height=\"716\" srcset=\"https:\/\/lacasadelleartiste.it\/wp-content\/uploads\/2022\/10\/mappa-sala-Aletti.jpg 827w, https:\/\/lacasadelleartiste.it\/wp-content\/uploads\/2022\/10\/mappa-sala-Aletti-300x260.jpg 300w, https:\/\/lacasadelleartiste.it\/wp-content\/uploads\/2022\/10\/mappa-sala-Aletti-768x665.jpg 768w\" sizes=\"(max-width: 827px) 100vw, 827px\" \/><\/p>\n","protected":false},"excerpt":{"rendered":"<p>A causa di scioperi previsti per la data del 16 dicembre, si postpone la data dell&#8217;evento al 19 dicembre &#8211; ore 18.30 Sala Aletti (Villaggio Barona) &#8211; Via Ettore Ponti 21 &#8211; Milano LA SARTORIA POETICA DI ANNA SPISSU Incontro con la creativit\u00e0 poetica di Anna Spissu attraverso il percorso delle sue pubblicazioni In dialogo [&hellip;]<\/p>\n","protected":false},"author":1,"featured_media":5715,"comment_status":"open","ping_status":"open","sticky":false,"template":"","format":"standard","meta":[],"categories":[20,44],"tags":[43],"_links":{"self":[{"href":"https:\/\/lacasadelleartiste.it\/index.php?rest_route=\/wp\/v2\/posts\/5699"}],"collection":[{"href":"https:\/\/lacasadelleartiste.it\/index.php?rest_route=\/wp\/v2\/posts"}],"about":[{"href":"https:\/\/lacasadelleartiste.it\/index.php?rest_route=\/wp\/v2\/types\/post"}],"author":[{"embeddable":true,"href":"https:\/\/lacasadelleartiste.it\/index.php?rest_route=\/wp\/v2\/users\/1"}],"replies":[{"embeddable":true,"href":"https:\/\/lacasadelleartiste.it\/index.php?rest_route=%2Fwp%2Fv2%2Fcomments&post=5699"}],"version-history":[{"count":4,"href":"https:\/\/lacasadelleartiste.it\/index.php?rest_route=\/wp\/v2\/posts\/5699\/revisions"}],"predecessor-version":[{"id":5720,"href":"https:\/\/lacasadelleartiste.it\/index.php?rest_route=\/wp\/v2\/posts\/5699\/revisions\/5720"}],"wp:featuredmedia":[{"embeddable":true,"href":"https:\/\/lacasadelleartiste.it\/index.php?rest_route=\/wp\/v2\/media\/5715"}],"wp:attachment":[{"href":"https:\/\/lacasadelleartiste.it\/index.php?rest_route=%2Fwp%2Fv2%2Fmedia&parent=5699"}],"wp:term":[{"taxonomy":"category","embeddable":true,"href":"https:\/\/lacasadelleartiste.it\/index.php?rest_route=%2Fwp%2Fv2%2Fcategories&post=5699"},{"taxonomy":"post_tag","embeddable":true,"href":"https:\/\/lacasadelleartiste.it\/index.php?rest_route=%2Fwp%2Fv2%2Ftags&post=5699"}],"curies":[{"name":"wp","href":"https:\/\/api.w.org\/{rel}","templated":true}]}}