{"id":5643,"date":"2022-10-18T19:59:40","date_gmt":"2022-10-18T19:59:40","guid":{"rendered":"https:\/\/lacasadelleartiste.it\/?p=5643"},"modified":"2022-11-11T00:40:39","modified_gmt":"2022-11-11T00:40:39","slug":"20-11-22-bcm-22-le-gemme-undici-anni-di-poesia","status":"publish","type":"post","link":"https:\/\/lacasadelleartiste.it\/?p=5643","title":{"rendered":"20\/11\/22 BCM 22 \u2013 Le Gemme: undici anni di Poesia"},"content":{"rendered":"<p>&nbsp;<\/p>\n<p><img loading=\"lazy\" class=\"alignnone size-large wp-image-5644\" src=\"https:\/\/lacasadelleartiste.it\/wp-content\/uploads\/2022\/10\/Le-gemme_BCM22w-1024x1024.jpg\" alt=\"\" width=\"1024\" height=\"1024\" srcset=\"https:\/\/lacasadelleartiste.it\/wp-content\/uploads\/2022\/10\/Le-gemme_BCM22w-1024x1024.jpg 1024w, https:\/\/lacasadelleartiste.it\/wp-content\/uploads\/2022\/10\/Le-gemme_BCM22w-300x300.jpg 300w, https:\/\/lacasadelleartiste.it\/wp-content\/uploads\/2022\/10\/Le-gemme_BCM22w-150x150.jpg 150w, https:\/\/lacasadelleartiste.it\/wp-content\/uploads\/2022\/10\/Le-gemme_BCM22w-768x768.jpg 768w, https:\/\/lacasadelleartiste.it\/wp-content\/uploads\/2022\/10\/Le-gemme_BCM22w-365x365.jpg 365w, https:\/\/lacasadelleartiste.it\/wp-content\/uploads\/2022\/10\/Le-gemme_BCM22w-500x500.jpg 500w, https:\/\/lacasadelleartiste.it\/wp-content\/uploads\/2022\/10\/Le-gemme_BCM22w.jpg 1500w\" sizes=\"(max-width: 1024px) 100vw, 1024px\" \/><\/p>\n<p>20 novembre 2022 \u2013 ore 16.00<\/p>\n<p>Sala Aletti (Villaggio Barona) \u2013 Via Ettore Ponti 21 \u2013 Milano<\/p>\n<p>Nell\u2019ambito di Bookcity 2022<\/p>\n<h2>Le Gemme: undici anni di Poesia<\/h2>\n<p><strong>Interventi di Ottavio Rossani e Mariella De Santis <\/strong><\/p>\n<p><strong>Sar\u00e0 presente la curatrice Cinzia Marulli<\/strong><\/p>\n<p>&nbsp;<\/p>\n<p><strong>Poeti partecipanti:<\/strong><\/p>\n<ul>\n<li><strong>Stefania Di Lino (Roma)<\/strong><\/li>\n<li><strong>Sonia Caporossi (Bologna)<\/strong><\/li>\n<li><strong>Maria Laura Valente (Bologna)<\/strong><\/li>\n<li><strong>Carola Allemandi (Torino)<\/strong><\/li>\n<li><strong>Antonietta Guadagnino (Torino)<\/strong><\/li>\n<li><strong>Francesco Lioce (Roma)<\/strong><\/li>\n<li><strong>Francesca Innocenzi (Macerata) <\/strong><\/li>\n<li><strong>Marzia Spinelli (Roma)<\/strong><\/li>\n<\/ul>\n<p>La collezione di quaderni di poesia \u201cLe gemme\u201d \u00e8 nata nel 2011 da un\u2019idea di Cinzia Marulli in collaborazione con la casa editrice Progetto Cultura di Roma. \u00c8 dedicata a poeti contemporanei, opportunamente selezionati, con il proposito di rappresentare una summa della loro poetica.<\/p>\n<p>L\u2019intenzione, infatti, era quella di raccogliere le gemme di ogni autore per sintetizzarne il discorso poetico e, al tempo stesso, facilitarne la diffusione, utilizzando un formato semplice ma elegante e di immediato impatto visivo. Per questo si \u00e8 pensato al \u201cquaderno\u201d anche nella convinzione che non \u00e8 la quantit\u00e0 a determinare la qualit\u00e0 (tutti i quaderni constano di 32 pagine). La grafica della collana \u00e8 stata curata dal maestro Andrea Leoni che ha rappresentato nella copertina un ramo della pianta del dattero con le gemme nascenti. Cos\u00ec all\u2019interno del quaderno i numeri di pagina sono racchiusi in una fogliolina stilizzata. Anche la qualit\u00e0 della carta utilizzata \u00e8 di pregio allo scopo di rendere questo quaderno una piccola preziosit\u00e0 di contenuto e di forma.<\/p>\n<p>La curatela della collana \u00e8 ancora adesso di Cinzia Marulli che seleziona gli autori e propone loro la pubblicazione. Il contratto editoriale non prevede contributi da parte degli autori ai quali invece vengono date gratuitamente le copie del libro. Inoltre la curatrice e la casa editrice provvedono a diffondere il quaderno, che ovviamente \u00e8 fornito di codice ISBN, inviandolo a critici e alle redazioni delle riviste del settore, organizzano appositi eventi e presentazioni mettendo anche a disposizione degli autori il caff\u00e8 letterario Mangiaparole di Roma di propriet\u00e0 della casa editrice.<\/p>\n<p>Nel corso degli anni la selezione degli autori \u00e8 stata molto oculata, prediligendo la qualit\u00e0 poetica alla fama dell\u2019autore (purtroppo in Italia non sempre fama e bravura vanno di pari passo), con un occhio attento anche ai giovani.<\/p>\n<p>Fino ad ora sono stati pubblicati i seguenti quaderni di poesia:<\/p>\n<p>&nbsp;<\/p>\n<ol>\n<li>Massimo Pacetti \u2013 prefazione di Cinzia Marulli 2011<\/li>\n<li>Pietro Secchi \u2013 prefazione di Marzia Spinelli 2011<\/li>\n<li>Carla De Angelis \u2013 prefazione di Cinzia Marulli 2011<\/li>\n<li>Fernando Della Posta \u2013 prefazione di Abele Longo 2011<\/li>\n<li>Sabino Caronia \u2013 prefazione di Dante Maffia \u2013 2012<\/li>\n<li>Marzia Spinelli \u2013 prefazione di Alberto Toni \u2013 2012<\/li>\n<li>Mario Mel\u00e9ndez \u2013 edizione bilingue italiano spagnolo con traduzione di Alba Metaponte e nota dell\u2019autore \u2013 2013<\/li>\n<li>Giulio Maffii \u2013 prefazione di Elio Pecora \u2013 2013<\/li>\n<li>Marco Lischi \u2013 vincitore del Premio di Poesia Le gemme \u2013 2013<\/li>\n<li>Esther Grotti \u2013 vincitore del Premio di Poesia Le gemme \u2013 2013<\/li>\n<li>Alberto Toni \u2013 prefazione di Marco Vitale &#8211; 2013<\/li>\n<li>Valentina Ferranti \u2013 vincitore del Premio di Poesia Le gemme \u2013 2014<\/li>\n<li>Emilio Coco \u2013 prefazione di Marco Antonio Campos \u2013 2014<\/li>\n<li>Antonietta Gnerre \u2013 prefazione di Davide Rondoni -2014<\/li>\n<li>Lucianna Argentino \u2013 prefazione di Alessandro Zaccuri \u2013 2015<\/li>\n<li>Giacomo Caruso \u2013 prefazione di Letizia Leone \u2013 2015<\/li>\n<li>Marco Antonio Campos \u2013 edizione bilingue traduzione di Emilio Coco &#8211; 2015<\/li>\n<li>Salvatore Ritrovato \u2013 prefazione di Manuel Cohen \u2013 2016<\/li>\n<li>Valentina Neri \u2013 prefazione di Maria Grazia Calandrone \u2013 2017<\/li>\n<li>Luca Benassi \u2013 edizione bilingue traduzione in spagnolo di Stefano Strazzabosco e Emilio Coco \u2013 2018<\/li>\n<li>Gianni Darconza \u2013 edizione bilingie traduzione in spagnolo di Marisol Boh\u00f3rquez Godoy \u2013 2018<\/li>\n<li>Manuel Salinas \u2013 edizione bilingue traduzione in italiano di Emilio Coco \u2013 2019<\/li>\n<li>Simone Consorti \u2013 2019<\/li>\n<li>Antonietta Guadagnino \u2013 prefazione di Marvi del Pozzo \u2013 2020<\/li>\n<li>Paola Deplano \u2013 prefazione di Davide Zizza \u2013 2020<\/li>\n<li>Roberto Raieli \u2013 prefazione di Plinio Perilli 2020<\/li>\n<li>Stefania Di Lino \u2013 prefazione di Anna Maria Curci \u2013 2021<\/li>\n<li>Sonia Caporossi \u2013 prefazione di Cinzia Marulli \u2013 2021<\/li>\n<li>Carola Allemandi \u2013 prefazione di Marvi del Pozzo \u2013 2022<\/li>\n<li>Maria Laura Valente \u2013 prefazione di Sonia Caporossi \u2013 2022<\/li>\n<li>Francesco Lioce \u2013 prefazione di Fabio Pierangeli \u2013 nota di Mina Welby \u2013 in corso di pubblicazione<\/li>\n<li>Francesca Innocenzi \u2013 nota dell\u2019autore \u2013 in corso di pubblicazione<\/li>\n<\/ol>\n<p><img loading=\"lazy\" class=\"alignnone size-full wp-image-5689\" src=\"https:\/\/lacasadelleartiste.it\/wp-content\/uploads\/2022\/10\/mappa-sala-Aletti.jpg\" alt=\"\" width=\"827\" height=\"716\" srcset=\"https:\/\/lacasadelleartiste.it\/wp-content\/uploads\/2022\/10\/mappa-sala-Aletti.jpg 827w, https:\/\/lacasadelleartiste.it\/wp-content\/uploads\/2022\/10\/mappa-sala-Aletti-300x260.jpg 300w, https:\/\/lacasadelleartiste.it\/wp-content\/uploads\/2022\/10\/mappa-sala-Aletti-768x665.jpg 768w\" sizes=\"(max-width: 827px) 100vw, 827px\" \/><\/p>\n","protected":false},"excerpt":{"rendered":"<p>&nbsp; 20 novembre 2022 \u2013 ore 16.00 Sala Aletti (Villaggio Barona) \u2013 Via Ettore Ponti 21 \u2013 Milano Nell\u2019ambito di Bookcity 2022 Le Gemme: undici anni di Poesia Interventi di Ottavio Rossani e Mariella De Santis Sar\u00e0 presente la curatrice Cinzia Marulli &nbsp; Poeti partecipanti: Stefania Di Lino (Roma) Sonia Caporossi (Bologna) Maria Laura Valente [&hellip;]<\/p>\n","protected":false},"author":1,"featured_media":5644,"comment_status":"open","ping_status":"open","sticky":false,"template":"","format":"standard","meta":[],"categories":[47],"tags":[43],"_links":{"self":[{"href":"https:\/\/lacasadelleartiste.it\/index.php?rest_route=\/wp\/v2\/posts\/5643"}],"collection":[{"href":"https:\/\/lacasadelleartiste.it\/index.php?rest_route=\/wp\/v2\/posts"}],"about":[{"href":"https:\/\/lacasadelleartiste.it\/index.php?rest_route=\/wp\/v2\/types\/post"}],"author":[{"embeddable":true,"href":"https:\/\/lacasadelleartiste.it\/index.php?rest_route=\/wp\/v2\/users\/1"}],"replies":[{"embeddable":true,"href":"https:\/\/lacasadelleartiste.it\/index.php?rest_route=%2Fwp%2Fv2%2Fcomments&post=5643"}],"version-history":[{"count":2,"href":"https:\/\/lacasadelleartiste.it\/index.php?rest_route=\/wp\/v2\/posts\/5643\/revisions"}],"predecessor-version":[{"id":5696,"href":"https:\/\/lacasadelleartiste.it\/index.php?rest_route=\/wp\/v2\/posts\/5643\/revisions\/5696"}],"wp:featuredmedia":[{"embeddable":true,"href":"https:\/\/lacasadelleartiste.it\/index.php?rest_route=\/wp\/v2\/media\/5644"}],"wp:attachment":[{"href":"https:\/\/lacasadelleartiste.it\/index.php?rest_route=%2Fwp%2Fv2%2Fmedia&parent=5643"}],"wp:term":[{"taxonomy":"category","embeddable":true,"href":"https:\/\/lacasadelleartiste.it\/index.php?rest_route=%2Fwp%2Fv2%2Fcategories&post=5643"},{"taxonomy":"post_tag","embeddable":true,"href":"https:\/\/lacasadelleartiste.it\/index.php?rest_route=%2Fwp%2Fv2%2Ftags&post=5643"}],"curies":[{"name":"wp","href":"https:\/\/api.w.org\/{rel}","templated":true}]}}