{"id":5494,"date":"2022-02-26T16:59:42","date_gmt":"2022-02-26T16:59:42","guid":{"rendered":"https:\/\/lacasadelleartiste.it\/?p=5494"},"modified":"2022-03-20T12:38:34","modified_gmt":"2022-03-20T12:38:34","slug":"21-3-22-omaggio-alla-poesia-casa-della-poesia-al-trotter-e-casa-delle-artiste","status":"publish","type":"post","link":"https:\/\/lacasadelleartiste.it\/?p=5494","title":{"rendered":"21\/3\/22 OMAGGIO ALLA POESIA  (Casa della Poesia al Trotter e Casa delle Artiste)"},"content":{"rendered":"<p>&nbsp;<\/p>\n<p><img loading=\"lazy\" class=\"wp-image-5499 size-large aligncenter\" src=\"https:\/\/lacasadelleartiste.it\/wp-content\/uploads\/2022\/02\/21-3-22-Trotter-e-CdA_in1-733x1024.jpg\" alt=\"\" width=\"733\" height=\"1024\" srcset=\"https:\/\/lacasadelleartiste.it\/wp-content\/uploads\/2022\/02\/21-3-22-Trotter-e-CdA_in1-733x1024.jpg 733w, https:\/\/lacasadelleartiste.it\/wp-content\/uploads\/2022\/02\/21-3-22-Trotter-e-CdA_in1-215x300.jpg 215w, https:\/\/lacasadelleartiste.it\/wp-content\/uploads\/2022\/02\/21-3-22-Trotter-e-CdA_in1-768x1073.jpg 768w, https:\/\/lacasadelleartiste.it\/wp-content\/uploads\/2022\/02\/21-3-22-Trotter-e-CdA_in1.jpg 966w\" sizes=\"(max-width: 733px) 100vw, 733px\" \/><\/p>\n<p>&nbsp;<\/p>\n<p><strong><em>due Case<\/em><\/strong> si incontrano per diffondere insieme Poesia, in occasione della Giornata Mondiale della Poesia, in un evento inserito nella rete delle Citt\u00e0 Creative della Letteratura, di cui Milano fa parte<\/p>\n<p><strong>La Casa della Poesia al Trotter e La Casa delle Artiste<\/strong><\/p>\n<p>vi aspettano<\/p>\n<p><strong>il 21 marzo 2022 &#8211; ore 18.30<\/strong><\/p>\n<p>Casa Comune &#8211; Sala Aletti &#8211; via Ettore Ponti 21 &#8211; Milano (Villaggio Barona)<\/p>\n<p>per un<\/p>\n<h2>OMAGGIO ALLA POESIA<\/h2>\n<p>Ingresso con mascherina FFP2 e Green pass rafforzato.<\/p>\n<p>&nbsp;<\/p>\n<p>Partecipanti<\/p>\n<p><strong>Giusi Busceti, Riccardo Giuseppe Mereu, Luigi Cannillo, Anna Spissu,\u00a0 Elisa Longo, Alfredo Panetta, Caterina Galizia, Lina Salvi, Marco Bellini, Tommaso Urselli, Paolo Massari<br \/>\n<\/strong><\/p>\n<p><strong>Emanuela Botti, Agnese Coppola, Paolo Provasi, Anna Vercesi, Rossana Bacchella,\u00a0 Annalisa Mambretti, Sergio Danieli Donati, Franco Paone, Barbara Bonazzi, Lauretta D&#8217;Angelo, Barbara Rabita, Antonio Laneve, Anna Vercesi, Antonio Ricci<br \/>\n<\/strong><\/p>\n<p>&nbsp;<\/p>\n<p>Coordinamento: <strong>Diana Battaggia e Vincenza Pezzuto<\/strong><\/p>\n<p>&nbsp;<\/p>\n<p>**<\/p>\n<div class=\"cxmmr5t8 oygrvhab hcukyx3x c1et5uql o9v6fnle ii04i59q\">\n<div dir=\"auto\">Evento inserito nella rete delle Citt\u00e0 Creative della Letteratura, di cui Milano fa parte [Milano City of Literature], un palinsesto che coinvolge 42 citt\u00e0 europee e parte dalla Citt\u00e0 di Granada. L\u2019evento sar\u00e0 inserito in un comunicato stampa collettivo, al quale sar\u00e0 data ampia diffusione attraverso i canali media delle Citt\u00e0 Creative, e nell\u2019utilizzo di una grafica comune per la comunicazione di tutte le citt\u00e0 del Network<\/div>\n<div dir=\"auto\"><a class=\"oajrlxb2 g5ia77u1 qu0x051f esr5mh6w e9989ue4 r7d6kgcz rq0escxv nhd2j8a9 nc684nl6 p7hjln8o kvgmc6g5 cxmmr5t8 oygrvhab hcukyx3x jb3vyjys rz4wbd8a qt6c0cv9 a8nywdso i1ao9s8h esuyzwwr f1sip0of lzcic4wl gpro0wi8 py34i1dx\" tabindex=\"0\" role=\"link\" href=\"https:\/\/www.comune.milano.it\/web\/milano-city-of-literature?fbclid=IwAR2JGE8owvbpDVUMWpYExf2zN3WnvSwhPi5kfPk5bpdFo_bCR_snI_hi9ZA\" target=\"_blank\" rel=\"nofollow noopener\">https:\/\/www.comune.milano.it\/web\/milano-city-of-literature<\/a>.<\/div>\n<\/div>\n<div dir=\"auto\"><img loading=\"lazy\" class=\"alignnone wp-image-5531 \" src=\"https:\/\/lacasadelleartiste.it\/wp-content\/uploads\/2022\/02\/Locandina-Milano-DEF-00light-717x1024.jpg\" alt=\"\" width=\"613\" height=\"875\" srcset=\"https:\/\/lacasadelleartiste.it\/wp-content\/uploads\/2022\/02\/Locandina-Milano-DEF-00light-717x1024.jpg 717w, https:\/\/lacasadelleartiste.it\/wp-content\/uploads\/2022\/02\/Locandina-Milano-DEF-00light-210x300.jpg 210w, https:\/\/lacasadelleartiste.it\/wp-content\/uploads\/2022\/02\/Locandina-Milano-DEF-00light-768x1097.jpg 768w, https:\/\/lacasadelleartiste.it\/wp-content\/uploads\/2022\/02\/Locandina-Milano-DEF-00light.jpg 945w\" sizes=\"(max-width: 613px) 100vw, 613px\" \/><\/div>\n","protected":false},"excerpt":{"rendered":"<p>&nbsp; &nbsp; due Case si incontrano per diffondere insieme Poesia, in occasione della Giornata Mondiale della Poesia, in un evento inserito nella rete delle Citt\u00e0 Creative della Letteratura, di cui Milano fa parte La Casa della Poesia al Trotter e La Casa delle Artiste vi aspettano il 21 marzo 2022 &#8211; ore 18.30 Casa Comune [&hellip;]<\/p>\n","protected":false},"author":1,"featured_media":5499,"comment_status":"open","ping_status":"open","sticky":false,"template":"","format":"standard","meta":[],"categories":[7,45],"tags":[43],"_links":{"self":[{"href":"https:\/\/lacasadelleartiste.it\/index.php?rest_route=\/wp\/v2\/posts\/5494"}],"collection":[{"href":"https:\/\/lacasadelleartiste.it\/index.php?rest_route=\/wp\/v2\/posts"}],"about":[{"href":"https:\/\/lacasadelleartiste.it\/index.php?rest_route=\/wp\/v2\/types\/post"}],"author":[{"embeddable":true,"href":"https:\/\/lacasadelleartiste.it\/index.php?rest_route=\/wp\/v2\/users\/1"}],"replies":[{"embeddable":true,"href":"https:\/\/lacasadelleartiste.it\/index.php?rest_route=%2Fwp%2Fv2%2Fcomments&post=5494"}],"version-history":[{"count":16,"href":"https:\/\/lacasadelleartiste.it\/index.php?rest_route=\/wp\/v2\/posts\/5494\/revisions"}],"predecessor-version":[{"id":5532,"href":"https:\/\/lacasadelleartiste.it\/index.php?rest_route=\/wp\/v2\/posts\/5494\/revisions\/5532"}],"wp:featuredmedia":[{"embeddable":true,"href":"https:\/\/lacasadelleartiste.it\/index.php?rest_route=\/wp\/v2\/media\/5499"}],"wp:attachment":[{"href":"https:\/\/lacasadelleartiste.it\/index.php?rest_route=%2Fwp%2Fv2%2Fmedia&parent=5494"}],"wp:term":[{"taxonomy":"category","embeddable":true,"href":"https:\/\/lacasadelleartiste.it\/index.php?rest_route=%2Fwp%2Fv2%2Fcategories&post=5494"},{"taxonomy":"post_tag","embeddable":true,"href":"https:\/\/lacasadelleartiste.it\/index.php?rest_route=%2Fwp%2Fv2%2Ftags&post=5494"}],"curies":[{"name":"wp","href":"https:\/\/api.w.org\/{rel}","templated":true}]}}