{"id":5437,"date":"2021-10-24T18:44:03","date_gmt":"2021-10-24T18:44:03","guid":{"rendered":"https:\/\/lacasadelleartiste.it\/?p=5437"},"modified":"2021-10-24T18:44:03","modified_gmt":"2021-10-24T18:44:03","slug":"21-11-21-bcm-parole-oltre-le-sbarre","status":"publish","type":"post","link":"https:\/\/lacasadelleartiste.it\/?p=5437","title":{"rendered":"21 11 21 BCM &#8211; Parole oltre le sbarre"},"content":{"rendered":"<p><img loading=\"lazy\" class=\"aligncenter wp-image-5438 size-full\" src=\"https:\/\/lacasadelleartiste.it\/wp-content\/uploads\/2021\/10\/7_loc-Ceruti-21-11.jpg\" alt=\"\" width=\"595\" height=\"842\" srcset=\"https:\/\/lacasadelleartiste.it\/wp-content\/uploads\/2021\/10\/7_loc-Ceruti-21-11.jpg 595w, https:\/\/lacasadelleartiste.it\/wp-content\/uploads\/2021\/10\/7_loc-Ceruti-21-11-212x300.jpg 212w\" sizes=\"(max-width: 595px) 100vw, 595px\" \/><\/p>\n<p>Nell&#8217;ambito di BookCity 2021, in collaborazione con La Vita Felice e con patrocinio del Municipio 6 Milano<\/p>\n<p>il 21.11.2021 <time datetime=\"2021-11-21T16:30\">dalle ore 16.30<\/time> <time datetime=\"2021-11-21T17:30\">alle ore 17.30<\/time><\/p>\n<p>Spazio SeiCentro &#8211; via Savona, 99 &#8211; Milano<\/p>\n<p>Affidare alla parola scritta la parte pi\u00f9 remota dell\u2019essere umano, molto spesso sconosciuta perch\u00e9 mai indagata, affinch\u00e9 emergano verit\u00e0 nascoste o volontariamente sepolte nell\u2019oblio.<\/p>\n<p>con la partecipazione di:<br \/>\n&#8211; <strong>Silvana Ceruti,<\/strong> curatrice da oltre 25 del Laboratorio di scrittura creativa nel Carcere di Opera<br \/>\n&#8211; <strong>Alberto Figliolia<\/strong>, poeta<br \/>\n&#8211; <strong>Gerardo Mastrullo<\/strong>, editore La Vita Felice<br \/>\n&#8211; <strong>Diana Battaggia<\/strong><\/p>\n<p><strong>Ingresso libero fino a esaurimento posti con obbligo di Green Pass<\/strong><br \/>\n<strong>prenotazioni a info@lacasadelleartiste.it<\/strong><\/p>\n<p>Libri di cui si parla:<\/p>\n<p><a href=\"http:\/\/poesia.lavitafelice.it\/scheda-libro\/laboratorio-di-lettura-e-scrittura-creativa\/gridi-e-preghiere-9788893463393-605504.html\">GRIDI E PREGHIERE &#8211; Posie dal carcere<\/a><\/p>\n<p><a href=\"http:\/\/poesia.lavitafelice.it\/scheda-libro\/laboratorio-di-lettura-e-scrittura-creativa\/preghiere-dal-carcere-9788877996725-241639.html\">PREGHIERE DAL CARCERE <\/a><\/p>\n","protected":false},"excerpt":{"rendered":"<p>Nell&#8217;ambito di BookCity 2021, in collaborazione con La Vita Felice e con patrocinio del Municipio 6 Milano il 21.11.2021 dalle ore 16.30 alle ore 17.30 Spazio SeiCentro &#8211; via Savona, 99 &#8211; Milano Affidare alla parola scritta la parte pi\u00f9 remota dell\u2019essere umano, molto spesso sconosciuta perch\u00e9 mai indagata, affinch\u00e9 emergano verit\u00e0 nascoste o volontariamente [&hellip;]<\/p>\n","protected":false},"author":1,"featured_media":5438,"comment_status":"open","ping_status":"open","sticky":false,"template":"","format":"standard","meta":[],"categories":[42],"tags":[41],"_links":{"self":[{"href":"https:\/\/lacasadelleartiste.it\/index.php?rest_route=\/wp\/v2\/posts\/5437"}],"collection":[{"href":"https:\/\/lacasadelleartiste.it\/index.php?rest_route=\/wp\/v2\/posts"}],"about":[{"href":"https:\/\/lacasadelleartiste.it\/index.php?rest_route=\/wp\/v2\/types\/post"}],"author":[{"embeddable":true,"href":"https:\/\/lacasadelleartiste.it\/index.php?rest_route=\/wp\/v2\/users\/1"}],"replies":[{"embeddable":true,"href":"https:\/\/lacasadelleartiste.it\/index.php?rest_route=%2Fwp%2Fv2%2Fcomments&post=5437"}],"version-history":[{"count":1,"href":"https:\/\/lacasadelleartiste.it\/index.php?rest_route=\/wp\/v2\/posts\/5437\/revisions"}],"predecessor-version":[{"id":5439,"href":"https:\/\/lacasadelleartiste.it\/index.php?rest_route=\/wp\/v2\/posts\/5437\/revisions\/5439"}],"wp:featuredmedia":[{"embeddable":true,"href":"https:\/\/lacasadelleartiste.it\/index.php?rest_route=\/wp\/v2\/media\/5438"}],"wp:attachment":[{"href":"https:\/\/lacasadelleartiste.it\/index.php?rest_route=%2Fwp%2Fv2%2Fmedia&parent=5437"}],"wp:term":[{"taxonomy":"category","embeddable":true,"href":"https:\/\/lacasadelleartiste.it\/index.php?rest_route=%2Fwp%2Fv2%2Fcategories&post=5437"},{"taxonomy":"post_tag","embeddable":true,"href":"https:\/\/lacasadelleartiste.it\/index.php?rest_route=%2Fwp%2Fv2%2Ftags&post=5437"}],"curies":[{"name":"wp","href":"https:\/\/api.w.org\/{rel}","templated":true}]}}