{"id":5393,"date":"2021-09-20T12:43:16","date_gmt":"2021-09-20T12:43:16","guid":{"rendered":"https:\/\/lacasadelleartiste.it\/?p=5393"},"modified":"2021-10-10T14:01:52","modified_gmt":"2021-10-10T14:01:52","slug":"milano-7-20-ott-esposizione-ponti-della-storia-bridges-of-history-vernissage-8-10-21","status":"publish","type":"post","link":"https:\/\/lacasadelleartiste.it\/?p=5393","title":{"rendered":"Milano 7\/20 ott Esposizione PONTI DELLA STORIA &#8211; Bridges of History &#8211; Vernissage 8 10 21"},"content":{"rendered":"<p>&nbsp;<\/p>\n<h4><img loading=\"lazy\" class=\"wp-image-5402 aligncenter\" src=\"https:\/\/lacasadelleartiste.it\/wp-content\/uploads\/2021\/09\/244405278_269029361798152_5947351131788667438_n.jpg\" alt=\"\" width=\"787\" height=\"1114\" srcset=\"https:\/\/lacasadelleartiste.it\/wp-content\/uploads\/2021\/09\/244405278_269029361798152_5947351131788667438_n.jpg 1000w, https:\/\/lacasadelleartiste.it\/wp-content\/uploads\/2021\/09\/244405278_269029361798152_5947351131788667438_n-212x300.jpg 212w, https:\/\/lacasadelleartiste.it\/wp-content\/uploads\/2021\/09\/244405278_269029361798152_5947351131788667438_n-724x1024.jpg 724w, https:\/\/lacasadelleartiste.it\/wp-content\/uploads\/2021\/09\/244405278_269029361798152_5947351131788667438_n-768x1087.jpg 768w\" sizes=\"(max-width: 787px) 100vw, 787px\" \/><\/h4>\n<p><strong><span class=\"d2edcug0 hpfvmrgz qv66sw1b c1et5uql lr9zc1uh a8c37x1j keod5gw0 nxhoafnm aigsh9s9 d3f4x2em fe6kdd0r mau55g9w c8b282yb iv3no6db jq4qci2q a3bd9o3v b1v8xokw oo9gr5id hzawbc8m\" dir=\"auto\">L&#8217;esposizione PONTI DELLA STORIA &#8211; BRIDGES OF HISTORY &#8211; confronto fra artisti italiani e polacchi \u00e8 visitabile anche <a href=\"https:\/\/artspaces.kunstmatrix.com\/en\/exhibition\/7815185\/ponti-della-storia-bridges-of-history-mistery-in-the-art-garden\">online qui<\/a><\/span><\/strong><\/p>\n<p><strong>\u00a0<\/strong><\/p>\n<h4>Milano, Ex Fornace Gola &#8211; Alzaia Naviglio Pavese 16<\/h4>\n<p>con il patrocinio del Municipio 6 Milano<\/p>\n<p>La Casa delle Artiste, in collaborazione con\u00a0 Galeria Labirynt (PL) e altre diverse realt\u00e0 polacche, promuove l&#8217;esposizione artistica<\/p>\n<h1>PONTI DELLA STORIA &#8211; BRIDGES OF HISTORY<\/h1>\n<h1>Misteri nel giardino dell&#8217;arte &#8211; Confronti artistici tra Cracovia e Milano<\/h1>\n<h3>a cura di Daniela Gilardoni, Teresa \u017bebrowska, Leszek \u017buber \u017bebrowski<\/h3>\n<h1>VERNISSAGE 8 ottobre 2021 ore 18.30<\/h1>\n<p>Orari apertura: dal 7 al 20 ottobre, tutti i giorni dalle 16.00 alle 20.00; sabato e domenica anche dalle 10.30 alle 12.30<\/p>\n<p>NEL RISPETTO DELLE NORME ANTI COVID-19 CON OBBLIGO DI GREEN PASS<\/p>\n<p>La mostra sar\u00e0 visibile anche su piattaforma web. Link su www.lacasadelleartiste.it<\/p>\n<p>ARTISTI:<\/p>\n<p>GRZEGORZ BIENIAS<br \/>\nALESSANDRA BISI<br \/>\nKINGA CHROMY<br \/>\nM.LUISA SIMONE DE GRADA<br \/>\nJERZY DMITRUK<br \/>\nANNA DZIUBAS<br \/>\nCINZIA FANTOZZI<br \/>\nJERZY FOBER<br \/>\nFRANCESCO FONTANA<br \/>\nDANIELA GILARDONI<br \/>\nGRETAETA<br \/>\nMACIEJ GRYGLASZEWSKI<br \/>\nANDIA AFSAR KESHMIRI<br \/>\nLILLA KULKA<br \/>\nGIULIA LUNGO<br \/>\nGIAMPAOLO MULIARI<br \/>\nANDREA POLENGHI<br \/>\nADRIANO POMPA<br \/>\nIRENA POPIO\u0141EK<br \/>\nPAWE\u0141 RUBASZEWSKI<br \/>\nMIRA SKOCZEK-WOJNICKA<br \/>\nJACEK SROKA<br \/>\nANDRZEJ SZAREK<br \/>\nKAROL SZOSTAK<br \/>\nMARCELLO TOMASI<br \/>\nJACEK ZABORSKI<br \/>\nTERESA \u017bEBROWSKA<br \/>\nJOANNA WARCHO\u0141<\/p>\n","protected":false},"excerpt":{"rendered":"<p>&nbsp; L&#8217;esposizione PONTI DELLA STORIA &#8211; BRIDGES OF HISTORY &#8211; confronto fra artisti italiani e polacchi \u00e8 visitabile anche online qui \u00a0 Milano, Ex Fornace Gola &#8211; Alzaia Naviglio Pavese 16 con il patrocinio del Municipio 6 Milano La Casa delle Artiste, in collaborazione con\u00a0 Galeria Labirynt (PL) e altre diverse realt\u00e0 polacche, promuove l&#8217;esposizione [&hellip;]<\/p>\n","protected":false},"author":1,"featured_media":5402,"comment_status":"open","ping_status":"open","sticky":false,"template":"","format":"standard","meta":[],"categories":[16],"tags":[41],"_links":{"self":[{"href":"https:\/\/lacasadelleartiste.it\/index.php?rest_route=\/wp\/v2\/posts\/5393"}],"collection":[{"href":"https:\/\/lacasadelleartiste.it\/index.php?rest_route=\/wp\/v2\/posts"}],"about":[{"href":"https:\/\/lacasadelleartiste.it\/index.php?rest_route=\/wp\/v2\/types\/post"}],"author":[{"embeddable":true,"href":"https:\/\/lacasadelleartiste.it\/index.php?rest_route=\/wp\/v2\/users\/1"}],"replies":[{"embeddable":true,"href":"https:\/\/lacasadelleartiste.it\/index.php?rest_route=%2Fwp%2Fv2%2Fcomments&post=5393"}],"version-history":[{"count":4,"href":"https:\/\/lacasadelleartiste.it\/index.php?rest_route=\/wp\/v2\/posts\/5393\/revisions"}],"predecessor-version":[{"id":5405,"href":"https:\/\/lacasadelleartiste.it\/index.php?rest_route=\/wp\/v2\/posts\/5393\/revisions\/5405"}],"wp:featuredmedia":[{"embeddable":true,"href":"https:\/\/lacasadelleartiste.it\/index.php?rest_route=\/wp\/v2\/media\/5402"}],"wp:attachment":[{"href":"https:\/\/lacasadelleartiste.it\/index.php?rest_route=%2Fwp%2Fv2%2Fmedia&parent=5393"}],"wp:term":[{"taxonomy":"category","embeddable":true,"href":"https:\/\/lacasadelleartiste.it\/index.php?rest_route=%2Fwp%2Fv2%2Fcategories&post=5393"},{"taxonomy":"post_tag","embeddable":true,"href":"https:\/\/lacasadelleartiste.it\/index.php?rest_route=%2Fwp%2Fv2%2Ftags&post=5393"}],"curies":[{"name":"wp","href":"https:\/\/api.w.org\/{rel}","templated":true}]}}