{"id":5382,"date":"2021-09-04T18:11:53","date_gmt":"2021-09-04T18:11:53","guid":{"rendered":"https:\/\/lacasadelleartiste.it\/?p=5382"},"modified":"2022-02-26T17:03:20","modified_gmt":"2022-02-26T17:03:20","slug":"30-9-21-alessandra-scurati-con-il-romanzo-la-porta-accanto-tra-i-versi-di-alda-merini","status":"publish","type":"post","link":"https:\/\/lacasadelleartiste.it\/?p=5382","title":{"rendered":"30 9 21 Alessandra Scurati con il romanzo \u00abLa porta accanto &#8211; tra i versi di Alda Merini\u00bb"},"content":{"rendered":"<p style=\"text-align: left;\">\u00a0\u00a0\u00a0\u00a0\u00a0 <img loading=\"lazy\" class=\"alignnone wp-image-5383 size-full\" src=\"https:\/\/lacasadelleartiste.it\/wp-content\/uploads\/2021\/09\/loc-scurati-30-sett-21.jpg\" alt=\"\" width=\"595\" height=\"842\" srcset=\"https:\/\/lacasadelleartiste.it\/wp-content\/uploads\/2021\/09\/loc-scurati-30-sett-21.jpg 595w, https:\/\/lacasadelleartiste.it\/wp-content\/uploads\/2021\/09\/loc-scurati-30-sett-21-212x300.jpg 212w\" sizes=\"(max-width: 595px) 100vw, 595px\" \/><\/p>\n<p><strong>30 settembre 2021 &#8211; ore 18.30<\/strong><\/p>\n<p>Casa Comune &#8211; Sala Aletti &#8211; via Ettore Ponti 21 &#8211; Milano (Villaggio Barona)<\/p>\n<p>presentazione del romanzo<\/p>\n<h3>LA PORTA ACCANTO &#8211; Tra i versi di Alda Merini<\/h3>\n<p>(Pent\u00e0gora, 2020)<\/p>\n<p>di<\/p>\n<h4>ALESSANDRA SCURATI<\/h4>\n<p>con la partecipazione di <strong>Matteo Rossetti<\/strong><\/p>\n<p>Ingresso libero con Green pass fino ad esaurimento posti<\/p>\n<p>***<\/p>\n<p><span class=\"book-desc\">Un romanzo tra i versi di Alda Merini, gli scorci della sua Milano, le inquietudini e i labirinti dell\u2019anima.<\/span><\/p>\n<p>&nbsp;<\/p>\n<p>Avevo circa vent\u2019anni quando mi trovai per la prima volta un tuo libro tra le mani. Non sapevo chi fossi, abituata soltanto ai poeti morti, quelli della scuola. Tu invece eri viva. E scrivevi. Non lontana da me e da quella libreria vicino al Duomo. Era il 1997.<\/p>\n<p>Il tuo libro quel giorno \u2012 te lo dico con franchezza, come piace a te \u2012 non mi convinse: preferii rifugiarmi tra versi gi\u00e0 noti, di Emily Dickinson o Emily Bront\u00eb, non ricordo. Ricordo per\u00f2 quel primo \u2018non incontro\u2019 con te. Mai avrei potuto immaginare che molti anni dopo ti avrei messa nel mio libro.<\/p>\n<p>Sono passati tanti anni da allora e anche da quel primo di novembre che ti port\u00f2 via da questa terra. E ora, che non ci sei pi\u00f9, ti ho finalmente incontrata.<\/p>\n<p>***<\/p>\n<p><strong>Alida \u00e8 una giovane donna alle prese con la difficile arte di crescere e maturare: affronta quotidianamente le proprie insicurezze, registrando con meticolosa precisione pensieri, malesseri e percezioni. La compilazione della sua tesi di laurea diventa per il lettore l&#8217;occasione di un triplice viaggio: dentro la poesia di Alda Merini, in continuo dialogo con il &#8216;passero grigio&#8217; della sua malattia; dentro la citt\u00e0 di Milano, con brevi sconfinamenti che ne restituiscono l&#8217;anima segreta; dentro la sensibilit\u00e0 e i labirinti interiori della protagonista, sospesa fra il desiderio di non omologarsi e il timore di essere inadatta alla vita. La meta \u00e8 l&#8217;approdo al potere specchiante della parola poetica, capace di far affiorare verit\u00e0 nascoste o taciute.<\/strong><\/p>\n<p>***<\/p>\n<p>Alessandra Scurati (Monza 1978).<br \/>\nVive nel Varesotto dove insegna Lettere al Liceo Artistico e Italiano agli stranieri.<br \/>\n<em>La porta accanto<\/em> \u00e8 la sua opera di esordio.<\/p>\n<p>&nbsp;<\/p>\n","protected":false},"excerpt":{"rendered":"<p>\u00a0\u00a0\u00a0\u00a0\u00a0 30 settembre 2021 &#8211; ore 18.30 Casa Comune &#8211; Sala Aletti &#8211; via Ettore Ponti 21 &#8211; Milano (Villaggio Barona) presentazione del romanzo LA PORTA ACCANTO &#8211; Tra i versi di Alda Merini (Pent\u00e0gora, 2020) di ALESSANDRA SCURATI con la partecipazione di Matteo Rossetti Ingresso libero con Green pass fino ad esaurimento posti *** [&hellip;]<\/p>\n","protected":false},"author":1,"featured_media":5383,"comment_status":"open","ping_status":"open","sticky":false,"template":"","format":"standard","meta":[],"categories":[20,45],"tags":[41],"_links":{"self":[{"href":"https:\/\/lacasadelleartiste.it\/index.php?rest_route=\/wp\/v2\/posts\/5382"}],"collection":[{"href":"https:\/\/lacasadelleartiste.it\/index.php?rest_route=\/wp\/v2\/posts"}],"about":[{"href":"https:\/\/lacasadelleartiste.it\/index.php?rest_route=\/wp\/v2\/types\/post"}],"author":[{"embeddable":true,"href":"https:\/\/lacasadelleartiste.it\/index.php?rest_route=\/wp\/v2\/users\/1"}],"replies":[{"embeddable":true,"href":"https:\/\/lacasadelleartiste.it\/index.php?rest_route=%2Fwp%2Fv2%2Fcomments&post=5382"}],"version-history":[{"count":1,"href":"https:\/\/lacasadelleartiste.it\/index.php?rest_route=\/wp\/v2\/posts\/5382\/revisions"}],"predecessor-version":[{"id":5384,"href":"https:\/\/lacasadelleartiste.it\/index.php?rest_route=\/wp\/v2\/posts\/5382\/revisions\/5384"}],"wp:featuredmedia":[{"embeddable":true,"href":"https:\/\/lacasadelleartiste.it\/index.php?rest_route=\/wp\/v2\/media\/5383"}],"wp:attachment":[{"href":"https:\/\/lacasadelleartiste.it\/index.php?rest_route=%2Fwp%2Fv2%2Fmedia&parent=5382"}],"wp:term":[{"taxonomy":"category","embeddable":true,"href":"https:\/\/lacasadelleartiste.it\/index.php?rest_route=%2Fwp%2Fv2%2Fcategories&post=5382"},{"taxonomy":"post_tag","embeddable":true,"href":"https:\/\/lacasadelleartiste.it\/index.php?rest_route=%2Fwp%2Fv2%2Ftags&post=5382"}],"curies":[{"name":"wp","href":"https:\/\/api.w.org\/{rel}","templated":true}]}}