{"id":5235,"date":"2021-03-07T19:27:23","date_gmt":"2021-03-07T19:27:23","guid":{"rendered":"https:\/\/lacasadelleartiste.it\/?p=5235"},"modified":"2021-03-16T18:59:27","modified_gmt":"2021-03-16T18:59:27","slug":"diventa-socio-campagna-tesseramenti-2021","status":"publish","type":"post","link":"https:\/\/lacasadelleartiste.it\/?p=5235","title":{"rendered":"Diventa socio &#8211; Campagna tesseramenti 2021"},"content":{"rendered":"<p>&nbsp;<\/p>\n<p>Il 2020 \u00e8 stato un anno difficile per tutti, e il 2021 pare non si affacci molto meglio. Per La Casa delle Artiste, inoltre, \u00e8 avvenuto un cambiamento molto importante: dal 1 febbraio 2021 l&#8217;associazione non gestisce pi\u00f9 lo Spazio Alda Merini di via Magolfa 32 e, con nuova energia e grazie alla collaborazione di altre associazioni, abbiamo trovato una nuova sede operativa in via Marsala 8, al primo piano: una location dove, a piano terra, si trova la mitica Casa delle Donne.<\/p>\n<p>Appena le normative relative alla pandemia ce lo consentiranno, rinnoveremo la nostra presenza con eventi e momenti di incontro con tutti coloro che ci hanno seguito e sostenuto nei sei anni trascorsi insieme, perch\u00e8 questa \u00e8 la nostra volont\u00e0 e desiderio.<\/p>\n<p>Avviamo la campagna tesseramento 2021, consapevoli delle difficolt\u00e0 di ognuno. Appena possibile, andremo a rinnovare le convenzioni con i teatri milanesi e le librerie.<\/p>\n<p>Certe che non ci farete mancare il vostro sostegno,\u00a0 vi ringraziamo!<\/p>\n<p>&nbsp;<\/p>\n<header class=\"post-header\">\n<h3>Iscriviti e sostienici<\/h3>\n<\/header>\n<div class=\"post-content\">\n<p><strong>Diventa socio\/a de La Casa delle Artiste:<\/strong><\/p>\n<p>per iscriverti o rinnovare la tessera, compila il <a href=\"https:\/\/spazioaldamerinidotorg.files.wordpress.com\/2017\/10\/modulo-richiesta-iscrizione-2.pdf\">modulo<\/a>, invialo a info@lacasadelleartiste.it, versa la quota annuale di \u20ac 20,00 (euro 10 per gli under 21) mediante bonifico alle seguenti coordinate:<\/p>\n<p>IBAN: IT95F0339901600CC0010105128 presso Extrabanca Milano<br \/>\nconto intestato a LA CASA DELLE ARTISTE\u00a0 C.F. 97659160150<\/p>\n<p>Ti invieremo la tessera associativa per mail.<\/p>\n<\/div>\n<p>&nbsp;<\/p>\n","protected":false},"excerpt":{"rendered":"<p>&nbsp; Il 2020 \u00e8 stato un anno difficile per tutti, e il 2021 pare non si affacci molto meglio. Per La Casa delle Artiste, inoltre, \u00e8 avvenuto un cambiamento molto importante: dal 1 febbraio 2021 l&#8217;associazione non gestisce pi\u00f9 lo Spazio Alda Merini di via Magolfa 32 e, con nuova energia e grazie alla collaborazione [&hellip;]<\/p>\n","protected":false},"author":1,"featured_media":5236,"comment_status":"open","ping_status":"open","sticky":false,"template":"","format":"standard","meta":[],"categories":[7],"tags":[],"_links":{"self":[{"href":"https:\/\/lacasadelleartiste.it\/index.php?rest_route=\/wp\/v2\/posts\/5235"}],"collection":[{"href":"https:\/\/lacasadelleartiste.it\/index.php?rest_route=\/wp\/v2\/posts"}],"about":[{"href":"https:\/\/lacasadelleartiste.it\/index.php?rest_route=\/wp\/v2\/types\/post"}],"author":[{"embeddable":true,"href":"https:\/\/lacasadelleartiste.it\/index.php?rest_route=\/wp\/v2\/users\/1"}],"replies":[{"embeddable":true,"href":"https:\/\/lacasadelleartiste.it\/index.php?rest_route=%2Fwp%2Fv2%2Fcomments&post=5235"}],"version-history":[{"count":4,"href":"https:\/\/lacasadelleartiste.it\/index.php?rest_route=\/wp\/v2\/posts\/5235\/revisions"}],"predecessor-version":[{"id":5240,"href":"https:\/\/lacasadelleartiste.it\/index.php?rest_route=\/wp\/v2\/posts\/5235\/revisions\/5240"}],"wp:featuredmedia":[{"embeddable":true,"href":"https:\/\/lacasadelleartiste.it\/index.php?rest_route=\/wp\/v2\/media\/5236"}],"wp:attachment":[{"href":"https:\/\/lacasadelleartiste.it\/index.php?rest_route=%2Fwp%2Fv2%2Fmedia&parent=5235"}],"wp:term":[{"taxonomy":"category","embeddable":true,"href":"https:\/\/lacasadelleartiste.it\/index.php?rest_route=%2Fwp%2Fv2%2Fcategories&post=5235"},{"taxonomy":"post_tag","embeddable":true,"href":"https:\/\/lacasadelleartiste.it\/index.php?rest_route=%2Fwp%2Fv2%2Ftags&post=5235"}],"curies":[{"name":"wp","href":"https:\/\/api.w.org\/{rel}","templated":true}]}}