{"id":5164,"date":"2021-02-02T15:10:44","date_gmt":"2021-02-02T14:10:44","guid":{"rendered":"http:\/\/spazioaldamerini.org\/?p=5164"},"modified":"2021-02-02T15:10:44","modified_gmt":"2021-02-02T14:10:44","slug":"il-commiato","status":"publish","type":"post","link":"https:\/\/lacasadelleartiste.it\/?p=5164","title":{"rendered":"IL COMMIATO DE LA CASA DELLE ARTISTE dalla CASA MUSEO ALDA MERINI"},"content":{"rendered":"<div>\n<div class=\"\" dir=\"auto\">\n<div id=\"jsc_c_8e\" class=\"ecm0bbzt hv4rvrfc ihqw7lf3 dati1w0a\">\n<div class=\"j83agx80 cbu4d94t ew0dbk1b irj2b8pg\">\n<div class=\"qzhwtbm6 knvmm38d\">\n<div class=\"kvgmc6g5 cxmmr5t8 oygrvhab hcukyx3x c1et5uql ii04i59q\"><\/div>\n<div class=\"o9v6fnle cxmmr5t8 oygrvhab hcukyx3x c1et5uql ii04i59q\">\n<div dir=\"auto\">Carissim* amic*, socie e soci,<\/div>\n<div dir=\"auto\"><\/div>\n<\/div>\n<div class=\"o9v6fnle cxmmr5t8 oygrvhab hcukyx3x c1et5uql ii04i59q\">\n<div dir=\"auto\">non senza un sottile dispiacere, vi informo che, in esito al bando per l\u2019assegnazione di Casa Merini, termina, dopo sei anni di proficuo lavoro, la gestione dello Spazio a cura de La Casa delle Artiste.<\/div>\n<div dir=\"auto\">Siamo state brave, abbiamo lavorato bene, molto bene. Siamo riuscite a trasformare quello che era stato a lungo solo un deposito inanimato, una scura stanza in cui erano raccolti i preziosi ricordi di una grande artista, in una CASA MUSEO VIVA, incessantemente percorsa dalla piena di differenti correnti artistiche e culturali, intrisa di emozioni e sentimenti, una casa aperta a tutti, artist* e non, adulti e bambini.<\/div>\n<div dir=\"auto\"><\/div>\n<div dir=\"auto\">Abbiamo &#8220;creato&#8221;, con le nostre uniche forze, con le nostre straordinarie energie, un luogo dove ogni forma d&#8217;Arte e ogni voce ha trovato il suo spazio e la sua luce, un punto di riferimento socioculturale importante ora noto non solo in Italia, ma anche all&#8217;estero. Abbiamo sostenuto, fatto crescere e finanziato, con le sole nostre risorse, artist* giovani e meno giovani. Abbiamo perseguito con costanza e impegno la nostra missione: quella di promuovere l&#8217;Arte, e in particolare l&#8217;Arte delle donne, e quella di avvicinare all&#8217;arte ogni persona, perch\u00e9 noi crediamo che tanta purezza, tanta bellezza appartenga a tutti. Abbiamo esplorato e conosciuto il contesto del territorio, incontrato e vissuto le storie di tante donne sole e al tramonto della loro esistenza, le abbiamo accompagnate alla scoperta di un mondo che pensavano inaccessibile e fatto vivere loro la gioia d&#8217;esserne protagoniste.<\/div>\n<div dir=\"auto\"><\/div>\n<div dir=\"auto\">Abbiamo costituito un muro contro la violenza alle donne e contro ogni ingiustizia sociale.<\/div>\n<div dir=\"auto\"><\/div>\n<div dir=\"auto\">Abbiamo fatto molto di pi\u00f9 di quanto potrei qui elencare e che \u00e8 un bagaglio straordinario che porteremo con noi sulla nuova strada che ci attende.<\/div>\n<div dir=\"auto\"><\/div>\n<div dir=\"auto\">Costruiremo nuove Case e, col sostegno di tutt* voi, ne faremo luoghi pieni di bellezza, di umana bellezza. Portiamo con noi quanto appreso dall\u2019insegnamento di Alda: niente \u00e8 pi\u00f9 bello e pi\u00f9 potente di chi ha la poesia della vita nel cuore, perch\u00e9 capace di portare luce alle menti pi\u00f9 chiuse. Forti di tale apprendimento, le \u201capi meriniane\u201d intraprenderanno nuovi percorsi operativi.<\/div>\n<div dir=\"auto\">Il mio personale grazie ai membri del Direttivo e a tutte le socie attive e che in questi anni mi hanno arricchito delle loro competenze e soprattutto del loro affetto. Un ringraziamento, inoltre, a tutte le realt\u00e0 associative che ci hanno affiancato e sostenuto.<\/div>\n<div dir=\"auto\"><\/div>\n<div dir=\"auto\">All\u2019Associazione che gestir\u00e0 d&#8217;ora innanzi Casa Merini i nostri migliori e sinceri auguri affinch\u00e9 il futuro sia ricco di soddisfazioni, certe che sapr\u00e0 rendere ancora pi\u00f9 fruttuosa la nostra eredit\u00e0.<\/div>\n<\/div>\n<div class=\"o9v6fnle cxmmr5t8 oygrvhab hcukyx3x c1et5uql ii04i59q\">\n<div dir=\"auto\">Un affettuoso saluto a tutt* voi e continuate a seguirci anche sulla <a href=\"https:\/\/www.facebook.com\/lacasadelleartispeAPS\">pagina FB La Casa delle Artiste<\/a>.<\/div>\n<div dir=\"auto\"><\/div>\n<\/div>\n<div class=\"o9v6fnle cxmmr5t8 oygrvhab hcukyx3x c1et5uql ii04i59q\">\n<div dir=\"auto\">Vincenza Pezzuto<\/div>\n<div dir=\"auto\">Presidente<\/div>\n<\/div>\n<div dir=\"auto\">28 gennaio 2021<\/div>\n<\/div>\n<\/div>\n<\/div>\n<\/div>\n<\/div>\n","protected":false},"excerpt":{"rendered":"<p>Carissim* amic*, socie e soci, non senza un sottile dispiacere, vi informo che, in esito al bando per l\u2019assegnazione di Casa Merini, termina, dopo sei anni di proficuo lavoro, la gestione dello Spazio a cura de La Casa delle Artiste. Siamo state brave, abbiamo lavorato bene, molto bene. Siamo riuscite a trasformare quello che era [&hellip;]<\/p>\n","protected":false},"author":1,"featured_media":5157,"comment_status":"open","ping_status":"open","sticky":false,"template":"","format":"standard","meta":[],"categories":[7],"tags":[],"_links":{"self":[{"href":"https:\/\/lacasadelleartiste.it\/index.php?rest_route=\/wp\/v2\/posts\/5164"}],"collection":[{"href":"https:\/\/lacasadelleartiste.it\/index.php?rest_route=\/wp\/v2\/posts"}],"about":[{"href":"https:\/\/lacasadelleartiste.it\/index.php?rest_route=\/wp\/v2\/types\/post"}],"author":[{"embeddable":true,"href":"https:\/\/lacasadelleartiste.it\/index.php?rest_route=\/wp\/v2\/users\/1"}],"replies":[{"embeddable":true,"href":"https:\/\/lacasadelleartiste.it\/index.php?rest_route=%2Fwp%2Fv2%2Fcomments&post=5164"}],"version-history":[{"count":0,"href":"https:\/\/lacasadelleartiste.it\/index.php?rest_route=\/wp\/v2\/posts\/5164\/revisions"}],"wp:featuredmedia":[{"embeddable":true,"href":"https:\/\/lacasadelleartiste.it\/index.php?rest_route=\/wp\/v2\/media\/5157"}],"wp:attachment":[{"href":"https:\/\/lacasadelleartiste.it\/index.php?rest_route=%2Fwp%2Fv2%2Fmedia&parent=5164"}],"wp:term":[{"taxonomy":"category","embeddable":true,"href":"https:\/\/lacasadelleartiste.it\/index.php?rest_route=%2Fwp%2Fv2%2Fcategories&post=5164"},{"taxonomy":"post_tag","embeddable":true,"href":"https:\/\/lacasadelleartiste.it\/index.php?rest_route=%2Fwp%2Fv2%2Ftags&post=5164"}],"curies":[{"name":"wp","href":"https:\/\/api.w.org\/{rel}","templated":true}]}}