{"id":5061,"date":"2020-09-28T22:34:39","date_gmt":"2020-09-28T20:34:39","guid":{"rendered":"http:\/\/spazioaldamerini.org\/?p=5061"},"modified":"2020-09-28T22:34:39","modified_gmt":"2020-09-28T20:34:39","slug":"programma-ottobre-2020","status":"publish","type":"post","link":"https:\/\/lacasadelleartiste.it\/?p=5061","title":{"rendered":"Programma ottobre 2020"},"content":{"rendered":"<p>&nbsp;<\/p>\n<h2><span style=\"color:#ff0000;\">Attenzione! &#8211; <\/span><\/h2>\n<p><strong><span style=\"color:#ff0000;\">VEDI IN ROSSO EVENTI ANNULLATI<\/span><\/strong><\/p>\n<p><strong>PROGRAMMA OTTOBRE 2020<\/strong><\/p>\n<p><strong>N.B. Il presente programma potrebbe subire variazioni qualora le autorit\u00e0 dovessero disporre ulteriori misure cautelative in merito al Coronavirus.<\/strong><\/p>\n<p><strong>La Casa \u00e8 visitabile gratuitamente, su prenotazione a <\/strong><a href=\"mailto:info@lacasadelleartiste.it\">info@lacasadelleartiste.it<\/a><strong>, come segue:<\/strong><\/p>\n<p><strong>marted\u00ec e gioved\u00ec dalle 17.00 alle 20.00; domenica dalle 10.00 alle 13.00.<\/strong><\/p>\n<p>N.B. Si consiglia di visitare il sito <a href=\"http:\/\/www.spazioaldamerini.org\">www.spazioaldamerini.org<\/a> \u2013 aggiornato in tempo reale \u2013 per verificare eventuali modifiche al programma.<\/p>\n<p><strong>\u00a0<\/strong><\/p>\n<table>\n<tbody>\n<tr>\n<td width=\"75\"><strong>gioved\u00ec<\/strong><\/td>\n<td width=\"38\"><strong>1<\/strong><\/td>\n<td width=\"529\"><strong>Dalle 15.00 alle 17.00: <\/strong><strong>Feltro e dintorni<\/strong><strong> \u2013 corso di creativit\u00e0 (mail a info@lacasadelleartiste.it)<\/strong><\/td>\n<\/tr>\n<tr>\n<td width=\"75\"><strong>domenica<\/strong><\/td>\n<td width=\"38\"><strong>4<\/strong><\/td>\n<td width=\"529\"><strong>Ore 16.00 Nell\u2019ambito <\/strong>dell&#8217;iniziativa mondiale<\/p>\n<p>100 Thousand Poets for Change (Official) (10\u00b0 anniversario) a cui partecipa Slam Italia: <strong>Casa Merini Poetry Slam<\/strong>&#8211; Ingresso libero fino a esaurimento posti.<\/td>\n<\/tr>\n<tr>\n<td width=\"75\"><strong>sabato<\/strong><\/td>\n<td width=\"38\"><strong>3<\/strong><\/td>\n<td width=\"529\"><strong>Dalle 14.00 alle 18.00: <\/strong><strong>corso di cucito<\/strong><strong> nell\u2019ambito del progetto GoLab<\/strong><\/td>\n<\/tr>\n<tr>\n<td width=\"75\"><strong>mercoled\u00ec<\/strong><\/td>\n<td width=\"38\"><strong>7<\/strong><\/td>\n<td width=\"529\"><strong>Ore 21.00 <\/strong><strong>Il Giardino della Poesia<\/strong><\/td>\n<\/tr>\n<tr>\n<td width=\"75\"><strong>gioved\u00ec<\/strong><\/td>\n<td width=\"38\"><strong>8<\/strong><\/td>\n<td width=\"529\"><strong>Dalle 15.00 alle 17.00: <\/strong><strong>Feltro e dintorni<\/strong><strong> \u2013 corso di creativit\u00e0 (mail a info@lacasadelleartiste.it)<\/strong><\/td>\n<\/tr>\n<tr>\n<td width=\"75\"><strong>sabato<\/strong><\/td>\n<td width=\"38\"><strong>10<\/strong><\/td>\n<td width=\"529\"><strong>Dalle 14.00 alle 18.00: <\/strong><strong>corso di cucito<\/strong><strong> nell\u2019ambito del progetto GoLab<\/strong><\/td>\n<\/tr>\n<tr>\n<td width=\"75\"><strong>domenica<\/strong><\/td>\n<td width=\"38\"><strong>11<\/strong><\/td>\n<td width=\"529\">Ore 18.00 Presentazione del libro di <strong>Sonia Benassi \u201cIo Medium\u201d \u2013 Autobiografia di una vita predestinata<\/strong> (Trigono edizioni) NB. Tutto esaurito. La presentazione verr\u00e0 ripetuta il 29.11 ore 18.00 \u2013 Ingresso gratuito. Prenotazione obbligatoria a info@lacasadelleartiste.it<\/td>\n<\/tr>\n<tr>\n<td width=\"75\"><strong>gioved\u00ec<\/strong><\/td>\n<td width=\"38\"><strong>1<\/strong><strong>5<\/strong><\/td>\n<td width=\"529\"><strong>Dalle 15.00 alle 17.00: <\/strong><strong>Feltro e dintorni<\/strong><strong> \u2013 corso di creativit\u00e0 (mail a info@lacasadelleartiste.it<\/strong><\/p>\n<p><strong>Ore 18.00 nell\u2019ambito degli incontri \u201cCuriosartando\u201d promossi da Fondazione Cea:<\/strong> <strong>L\u2019arte in trincea<\/strong>. Ingresso a invito. <strong><span style=\"color:#ff0000;\">ANNULLATO<\/span><\/strong><\/td>\n<\/tr>\n<tr>\n<td width=\"75\"><strong>sabato <\/strong><\/td>\n<td width=\"38\"><strong>1<\/strong><strong>7<\/strong><\/td>\n<td width=\"529\"><strong>Dalle 14.00 alle 18.00: <\/strong><strong>corso di cucito<\/strong><strong> nell\u2019ambito del progetto GoLab<\/strong><\/td>\n<\/tr>\n<tr>\n<td width=\"75\"><strong>gioved\u00ec<\/strong><\/td>\n<td width=\"38\"><strong>22<\/strong><\/td>\n<td width=\"529\"><strong>Dalle 15.00 alle 17.00: <\/strong><strong>Feltro e dintorni<\/strong><strong> \u2013 corso di creativit\u00e0 (mail a info@lacasadelleartiste.it)<\/strong><\/td>\n<\/tr>\n<tr>\n<td width=\"75\"><strong>sabato<\/strong><\/td>\n<td width=\"38\"><strong>24<\/strong><\/td>\n<td width=\"529\"><strong>Dalle 14.00 alle 18.00: corso di cucito nell\u2019ambito del progetto GoLab<\/strong><\/td>\n<\/tr>\n<tr>\n<td width=\"75\"><strong>domenica<\/strong><\/td>\n<td width=\"38\"><strong>25<\/strong><\/td>\n<td width=\"529\"><strong>Ore 18.00 <\/strong><strong>\u00ab\u00a0Mare fragile\u00a0\u00bb<\/strong><strong> Concerto e presentazione del CD di Giacomo Aime e Paolo Milano- <\/strong>\u2013 Ingresso gratuito. Prenotazione obbligatoria a info@lacasadelleartiste.it\u00a0 <strong><span style=\"color:#ff0000;\">ANNULLATO<\/span><\/strong><\/td>\n<\/tr>\n<tr>\n<td width=\"75\"><strong>mercoled\u00ec<\/strong><\/td>\n<td width=\"38\"><strong>28<\/strong><\/td>\n<td width=\"529\"><strong>Ore 21.00 Il Giardino della P<\/strong><strong>oesia<\/strong><\/td>\n<\/tr>\n<tr>\n<td width=\"75\"><strong>sabato<\/strong><\/td>\n<td width=\"38\"><strong>31<\/strong><\/td>\n<td width=\"529\"><strong><span style=\"color:#ff0000;\">Ore 11.00<\/span> &#8211; <span style=\"color:#ff0000;\">ANNULLATO<\/span>\u00a0 Docufilm su Fellini e Merini con intervista a Vincenzo Mollica. (in occasione del centenario della nascita di fellini e ricorrenza della sua morte 31.10.1993). \u2013 Ingresso libero. Prenotazione obbligatoria a <a href=\"mailto:info@lacasadelleartiste.it\">info@lacasadelleartiste.it<\/a><\/strong><\/p>\n<p><strong>Dalle 14.00 alle 18.00: <\/strong><strong>corso di cucito<\/strong><strong> nell\u2019ambito del progetto GoLab-<\/strong><\/td>\n<\/tr>\n<\/tbody>\n<\/table>\n","protected":false},"excerpt":{"rendered":"<p>&nbsp; Attenzione! &#8211; VEDI IN ROSSO EVENTI ANNULLATI PROGRAMMA OTTOBRE 2020 N.B. Il presente programma potrebbe subire variazioni qualora le autorit\u00e0 dovessero disporre ulteriori misure cautelative in merito al Coronavirus. La Casa \u00e8 visitabile gratuitamente, su prenotazione a info@lacasadelleartiste.it, come segue: marted\u00ec e gioved\u00ec dalle 17.00 alle 20.00; domenica dalle 10.00 alle 13.00. N.B. Si [&hellip;]<\/p>\n","protected":false},"author":1,"featured_media":5062,"comment_status":"open","ping_status":"open","sticky":false,"template":"","format":"standard","meta":[],"categories":[7],"tags":[31],"_links":{"self":[{"href":"https:\/\/lacasadelleartiste.it\/index.php?rest_route=\/wp\/v2\/posts\/5061"}],"collection":[{"href":"https:\/\/lacasadelleartiste.it\/index.php?rest_route=\/wp\/v2\/posts"}],"about":[{"href":"https:\/\/lacasadelleartiste.it\/index.php?rest_route=\/wp\/v2\/types\/post"}],"author":[{"embeddable":true,"href":"https:\/\/lacasadelleartiste.it\/index.php?rest_route=\/wp\/v2\/users\/1"}],"replies":[{"embeddable":true,"href":"https:\/\/lacasadelleartiste.it\/index.php?rest_route=%2Fwp%2Fv2%2Fcomments&post=5061"}],"version-history":[{"count":0,"href":"https:\/\/lacasadelleartiste.it\/index.php?rest_route=\/wp\/v2\/posts\/5061\/revisions"}],"wp:featuredmedia":[{"embeddable":true,"href":"https:\/\/lacasadelleartiste.it\/index.php?rest_route=\/wp\/v2\/media\/5062"}],"wp:attachment":[{"href":"https:\/\/lacasadelleartiste.it\/index.php?rest_route=%2Fwp%2Fv2%2Fmedia&parent=5061"}],"wp:term":[{"taxonomy":"category","embeddable":true,"href":"https:\/\/lacasadelleartiste.it\/index.php?rest_route=%2Fwp%2Fv2%2Fcategories&post=5061"},{"taxonomy":"post_tag","embeddable":true,"href":"https:\/\/lacasadelleartiste.it\/index.php?rest_route=%2Fwp%2Fv2%2Ftags&post=5061"}],"curies":[{"name":"wp","href":"https:\/\/api.w.org\/{rel}","templated":true}]}}