{"id":5015,"date":"2020-05-29T19:57:24","date_gmt":"2020-05-29T17:57:24","guid":{"rendered":"http:\/\/spazioaldamerini.org\/?p=5015"},"modified":"2020-05-29T19:57:24","modified_gmt":"2020-05-29T17:57:24","slug":"fase-2-lo-spazio-alda-merini-riapre-il-4-giugno-2020","status":"publish","type":"post","link":"https:\/\/lacasadelleartiste.it\/?p=5015","title":{"rendered":"FASE 2: Lo Spazio Alda Merini riapre il 4 giugno 2020"},"content":{"rendered":"<p><a href=\"https:\/\/auserbo.bitcafe.it\/wp-content\/uploads\/2020\/05\/logo-cda.jpg\"><img loading=\"lazy\" class=\"alignnone  wp-image-5017\" src=\"https:\/\/auserbo.bitcafe.it\/wp-content\/uploads\/2020\/05\/logo-cda.jpg?w=748\" alt=\"\" width=\"343\" height=\"315\" srcset=\"https:\/\/lacasadelleartiste.it\/wp-content\/uploads\/2020\/05\/logo-cda.jpg 1654w, https:\/\/lacasadelleartiste.it\/wp-content\/uploads\/2020\/05\/logo-cda-300x276.jpg 300w, https:\/\/lacasadelleartiste.it\/wp-content\/uploads\/2020\/05\/logo-cda-1024x941.jpg 1024w, https:\/\/lacasadelleartiste.it\/wp-content\/uploads\/2020\/05\/logo-cda-768x706.jpg 768w, https:\/\/lacasadelleartiste.it\/wp-content\/uploads\/2020\/05\/logo-cda-1536x1412.jpg 1536w\" sizes=\"(max-width: 343px) 100vw, 343px\" \/><\/a><\/p>\n<p>Lo Spazio Alda Merini riapre il 4 giugno 2020, unicamente per visite alla stanza su prenotazione obbligatoria e <a href=\"mailto:info@lacasadelleartiste.it\">info@lacasadelleartiste.it<\/a> \u2013 Durata max della visita: 10 minuti.<\/p>\n<p>Giorni e orari di apertura: marted\u00ec e gioved\u00ec dalle 17.00 alle 20.00.<\/p>\n<p>Il bar non \u00e8 funzionante e non sono previste visite guidate.<\/p>\n<p>Ingresso in sicurezza: 1 persona per volta, obbligo di mascherina, termoscanner, igienizzante per le mani.<\/p>\n","protected":false},"excerpt":{"rendered":"<p>Lo Spazio Alda Merini riapre il 4 giugno 2020, unicamente per visite alla stanza su prenotazione obbligatoria e info@lacasadelleartiste.it \u2013 Durata max della visita: 10 minuti. Giorni e orari di apertura: marted\u00ec e gioved\u00ec dalle 17.00 alle 20.00. Il bar non \u00e8 funzionante e non sono previste visite guidate. Ingresso in sicurezza: 1 persona per [&hellip;]<\/p>\n","protected":false},"author":1,"featured_media":5017,"comment_status":"open","ping_status":"open","sticky":false,"template":"","format":"standard","meta":[],"categories":[7],"tags":[31],"_links":{"self":[{"href":"https:\/\/lacasadelleartiste.it\/index.php?rest_route=\/wp\/v2\/posts\/5015"}],"collection":[{"href":"https:\/\/lacasadelleartiste.it\/index.php?rest_route=\/wp\/v2\/posts"}],"about":[{"href":"https:\/\/lacasadelleartiste.it\/index.php?rest_route=\/wp\/v2\/types\/post"}],"author":[{"embeddable":true,"href":"https:\/\/lacasadelleartiste.it\/index.php?rest_route=\/wp\/v2\/users\/1"}],"replies":[{"embeddable":true,"href":"https:\/\/lacasadelleartiste.it\/index.php?rest_route=%2Fwp%2Fv2%2Fcomments&post=5015"}],"version-history":[{"count":0,"href":"https:\/\/lacasadelleartiste.it\/index.php?rest_route=\/wp\/v2\/posts\/5015\/revisions"}],"wp:featuredmedia":[{"embeddable":true,"href":"https:\/\/lacasadelleartiste.it\/index.php?rest_route=\/wp\/v2\/media\/5017"}],"wp:attachment":[{"href":"https:\/\/lacasadelleartiste.it\/index.php?rest_route=%2Fwp%2Fv2%2Fmedia&parent=5015"}],"wp:term":[{"taxonomy":"category","embeddable":true,"href":"https:\/\/lacasadelleartiste.it\/index.php?rest_route=%2Fwp%2Fv2%2Fcategories&post=5015"},{"taxonomy":"post_tag","embeddable":true,"href":"https:\/\/lacasadelleartiste.it\/index.php?rest_route=%2Fwp%2Fv2%2Ftags&post=5015"}],"curies":[{"name":"wp","href":"https:\/\/api.w.org\/{rel}","templated":true}]}}