{"id":4809,"date":"2020-01-26T17:59:29","date_gmt":"2020-01-26T16:59:29","guid":{"rendered":"http:\/\/spazioaldamerini.org\/?p=4809"},"modified":"2020-01-26T17:59:29","modified_gmt":"2020-01-26T16:59:29","slug":"29-2-202-davide-carella-con-correnti-di-risacca-poesia","status":"publish","type":"post","link":"https:\/\/lacasadelleartiste.it\/?p=4809","title":{"rendered":"29 2 202 ANNULLATO Davide Carella con \u00abCorrenti di risacca\u00bb [poesia]"},"content":{"rendered":"<p><a href=\"https:\/\/auserbo.bitcafe.it\/wp-content\/uploads\/2020\/01\/locandina-carella.jpg\"><img loading=\"lazy\" class=\"alignnone wp-image-4811\" src=\"https:\/\/auserbo.bitcafe.it\/wp-content\/uploads\/2020\/01\/locandina-carella.jpg?w=724\" alt=\"\" width=\"610\" height=\"863\" \/><\/a><\/p>\n<p><strong>sabato 29 febbraio 2020 &#8211; Ore 18.30<\/strong><\/p>\n<p>Presentazione del libro di poesie<\/p>\n<h3>\u201c<strong>Correnti di risacca<\/strong>\u201d<\/h3>\n<h3>di <strong>Davide Carella<\/strong><\/h3>\n<p>(Edizioni Amande, Casier (TV) 2019)<\/p>\n<p>in dialogo con l\u2019autore: <strong>Chiara Olivero<\/strong> (scrittrice) e <strong>Daniela D\u2019Angelo<\/strong> (cantante).<\/p>\n<p>&nbsp;<\/p>\n<p>Ingresso libero.<\/p>\n<p>***<\/p>\n<p>La guerra \u00e8 il tema cardine di questa raccolta e due sono i punti di vista che si alternano ma a volte si confondono e coincidono: quello di Ulisse che lascia tutto in nome di un ideale, e quello di Penelope, che attende il suo ritorno.<br \/>\n20 poesie corredate da 20 fotografie in cui il poeta-fotografo mantiene il suo sguardo dall\u2019alto, super partes, per poi zoomare planando su alcuni dettagli, mettendo in risalto spunti di umanit\u00e0.<br \/>\n\u00c8 evidente il \u201csenso di insensatezza\u201d della guerra che trasuda dalle parole ma anche dalle fotografie che spesso completano, attraverso altre chiavi di lettura, ci\u00f2 che la parola lascia intendere [&#8230;]<\/p>\n<p>\u00c8 unico il colore che ci unisce, nessuna divisa, nessuna bandiera\u2026 anche se siamo pezzi diversi e spesso non combacianti di un puzzle, seppur vicini, incapaci di coesistere, scie luminose, ma con molta ombra da estirpare.<br \/>\nSiamo tutti uguali nelle nostre differenze, accomunati dalla stessa sorte: ma se la fine \u00e8 la stessa per tutti, il fine per cui viviamo la nostra vita, sembra dire il poeta, ci salver\u00e0.<\/p>\n<p><em>dalla prefazione di Chiara Olivero<\/em><\/p>\n<p>&nbsp;<\/p>\n<p>Davide Carella nasce il 22 Maggio 1984, a Milano. Qui, i genitori Armando e Luigia, entrambi di origine pugliese, si erano trasferiti nel 1980 in cerca di lavoro. L\u2019autore, insieme ai fratelli maggiori<br \/>\nFerdinando e Gianfranco, trascorre l\u2019infanzia e l\u2019adolescenza nella rinomata zona dei Navigli, in un complesso residenziale affacciato sulla Darsena. Vi rimane fino all\u2019et\u00e0 di 8 anni, dopo di che, nel 1992, si trasferisce con la famiglia a Trezzano Sul Naviglio, una piccola provincia a circa 5 km a sud-ovest, con l\u2019aggiunta della sorella minore Cinzia, di appena un anno. A Trezzano S\/N completa le scuole elementari e le scuole medie. Gli studi superiori, tuttavia, li svolge nella citt\u00e0 di origine, diplomandosi in elettrotecnica nel Giugno 2004. A Novembre dello stesso anno trova impiego a Milano nella locale azienda dei servizi ambientali, dove ancora oggi svolge il lavoro di operatore ecologico. Nel Settembre 2006 acquista casa a Milano, nel periferico quartiere di Baggio, e si trasferisce in un piccolo monolocale. Nel Settembre 2010, la morte del padre, dovuta ad una grave malattia polmonare, lascia un segno indelebile nella vita dell\u2019autore. Difficolt\u00e0 familiari e problemi economici accompagnano la quotidianit\u00e0. Ci\u00f2 nonostante Davide si impegna costantemente nel proprio lavoro, trovando consolazione nel trascrivere le proprie riflessioni e in questo<br \/>\nmodo matura in lui l\u2019idea di comporre poesie. Nel 2017 pubblica con la casa editrice Edizioni Amande la sua prima silloge, <em>Le Luci dell\u2019aurora<\/em>, una raccolta di componimenti che traggono ispirazioni dai momenti di vita da lui vissuti.<\/p>\n","protected":false},"excerpt":{"rendered":"<p>sabato 29 febbraio 2020 &#8211; Ore 18.30 Presentazione del libro di poesie \u201cCorrenti di risacca\u201d di Davide Carella (Edizioni Amande, Casier (TV) 2019) in dialogo con l\u2019autore: Chiara Olivero (scrittrice) e Daniela D\u2019Angelo (cantante). &nbsp; Ingresso libero. *** La guerra \u00e8 il tema cardine di questa raccolta e due sono i punti di vista che [&hellip;]<\/p>\n","protected":false},"author":1,"featured_media":4811,"comment_status":"open","ping_status":"open","sticky":false,"template":"","format":"standard","meta":[],"categories":[20],"tags":[31],"_links":{"self":[{"href":"https:\/\/lacasadelleartiste.it\/index.php?rest_route=\/wp\/v2\/posts\/4809"}],"collection":[{"href":"https:\/\/lacasadelleartiste.it\/index.php?rest_route=\/wp\/v2\/posts"}],"about":[{"href":"https:\/\/lacasadelleartiste.it\/index.php?rest_route=\/wp\/v2\/types\/post"}],"author":[{"embeddable":true,"href":"https:\/\/lacasadelleartiste.it\/index.php?rest_route=\/wp\/v2\/users\/1"}],"replies":[{"embeddable":true,"href":"https:\/\/lacasadelleartiste.it\/index.php?rest_route=%2Fwp%2Fv2%2Fcomments&post=4809"}],"version-history":[{"count":0,"href":"https:\/\/lacasadelleartiste.it\/index.php?rest_route=\/wp\/v2\/posts\/4809\/revisions"}],"wp:featuredmedia":[{"embeddable":true,"href":"https:\/\/lacasadelleartiste.it\/index.php?rest_route=\/wp\/v2\/media\/4811"}],"wp:attachment":[{"href":"https:\/\/lacasadelleartiste.it\/index.php?rest_route=%2Fwp%2Fv2%2Fmedia&parent=4809"}],"wp:term":[{"taxonomy":"category","embeddable":true,"href":"https:\/\/lacasadelleartiste.it\/index.php?rest_route=%2Fwp%2Fv2%2Fcategories&post=4809"},{"taxonomy":"post_tag","embeddable":true,"href":"https:\/\/lacasadelleartiste.it\/index.php?rest_route=%2Fwp%2Fv2%2Ftags&post=4809"}],"curies":[{"name":"wp","href":"https:\/\/api.w.org\/{rel}","templated":true}]}}