{"id":4740,"date":"2020-01-26T15:13:45","date_gmt":"2020-01-26T14:13:45","guid":{"rendered":"http:\/\/spazioaldamerini.org\/?p=4740"},"modified":"2020-01-26T15:13:45","modified_gmt":"2020-01-26T14:13:45","slug":"9-2-2020-cornelia-campidelli-con-lignoto-capovolto-narrativa","status":"publish","type":"post","link":"https:\/\/lacasadelleartiste.it\/?p=4740","title":{"rendered":"9 2 2020 Cornelia Campidelli con &#8220;L&#8217;ignoto capovolto&#8221; [narrativa]"},"content":{"rendered":"<p><a href=\"https:\/\/auserbo.bitcafe.it\/wp-content\/uploads\/2020\/01\/lignotocapovolto-locandina-a4.jpg\"><img loading=\"lazy\" class=\"alignnone  wp-image-4741\" src=\"https:\/\/auserbo.bitcafe.it\/wp-content\/uploads\/2020\/01\/lignotocapovolto-locandina-a4.jpg?w=724\" alt=\"\" width=\"538\" height=\"761\" \/><\/a><\/p>\n<p><strong>domenica 9 febbraio 2020 &#8211; ore 18.00<\/strong><\/p>\n<p>Presentazione del libro<\/p>\n<h3>\u201c<strong>L\u2019ignoto Capovolto \u2013 tra narrativa e mistero<\/strong>\u201d<\/h3>\n<h3>di <strong>Cornelia Campidelli<\/strong>.<\/h3>\n<p>Con <strong>Raffaella Turatti.<\/strong><\/p>\n<p>Ingresso libero.<\/p>\n<p>***<\/p>\n<p><b><em>L\u2019ignoto capovolto<\/em>, un romanzo in cui la magia si fonde con il mistero e le dimensioni spaziotemporali si trasformano in occasioni di vite alternative. <\/b><\/p>\n<p>Milano: \u00e8 incredibile quanto l\u2019apparente casualit\u00e0 degli eventi porti a precise conseguenze, cos\u00ec come la protagonista di questo libro s\u2019imbatter\u00e0 nella singolare bottega \u201cL\u2019Ignoto capovolto\u201d gestita da Marta, figura intelligente e amante dell\u2019arte che riuscir\u00e0 a coinvolgerla in un viaggio oltre lo spaziotempo convenzionale: a questo punto non tarderanno a mostrarsi alcune curiose entit\u00e0, come il suo doppio, il guardiano del tempo Agostino, l\u2019esoterico gatto Cheope e Artemisia, anima affascinante ed enigmatica. Passando da quello che sembrerebbe un semplice olio su tela la protagonista raggiunger\u00e0 una dimensione parallela: ulteriori personaggi, tra cui la dolce Byntze, l\u2019aiuteranno a intercedere nel destino di alcune anime elette; sar\u00e0 Albireo a farle scoprire un mondo ancora pulito e genuino. Di pari passo, un amore inaspettato le permetter\u00e0 di rivalutare il senso della vita, per far s\u00ec che i sogni rimangano per sempre la parte pi\u00f9 vera dell\u2019anima, mentre il suo doppio, dopo la \u201cCasa delle Finestre Ovali\u201d, si tuffer\u00e0 in un\u2019altra sensazionale avventura.<\/p>\n<p>***<\/p>\n<p>Cornelia Campidelli. Nata a Milano nel 1966, studi linguistici e il desiderio di viaggiare, per vivere culture diverse e scoprire nuovi pensieri. Ha condotto una trasmissione radiofonica mattutina locale.<\/p>\n","protected":false},"excerpt":{"rendered":"<p>domenica 9 febbraio 2020 &#8211; ore 18.00 Presentazione del libro \u201cL\u2019ignoto Capovolto \u2013 tra narrativa e mistero\u201d di Cornelia Campidelli. Con Raffaella Turatti. Ingresso libero. *** L\u2019ignoto capovolto, un romanzo in cui la magia si fonde con il mistero e le dimensioni spaziotemporali si trasformano in occasioni di vite alternative. Milano: \u00e8 incredibile quanto l\u2019apparente [&hellip;]<\/p>\n","protected":false},"author":1,"featured_media":4741,"comment_status":"open","ping_status":"open","sticky":false,"template":"","format":"standard","meta":[],"categories":[20],"tags":[31],"_links":{"self":[{"href":"https:\/\/lacasadelleartiste.it\/index.php?rest_route=\/wp\/v2\/posts\/4740"}],"collection":[{"href":"https:\/\/lacasadelleartiste.it\/index.php?rest_route=\/wp\/v2\/posts"}],"about":[{"href":"https:\/\/lacasadelleartiste.it\/index.php?rest_route=\/wp\/v2\/types\/post"}],"author":[{"embeddable":true,"href":"https:\/\/lacasadelleartiste.it\/index.php?rest_route=\/wp\/v2\/users\/1"}],"replies":[{"embeddable":true,"href":"https:\/\/lacasadelleartiste.it\/index.php?rest_route=%2Fwp%2Fv2%2Fcomments&post=4740"}],"version-history":[{"count":0,"href":"https:\/\/lacasadelleartiste.it\/index.php?rest_route=\/wp\/v2\/posts\/4740\/revisions"}],"wp:featuredmedia":[{"embeddable":true,"href":"https:\/\/lacasadelleartiste.it\/index.php?rest_route=\/wp\/v2\/media\/4741"}],"wp:attachment":[{"href":"https:\/\/lacasadelleartiste.it\/index.php?rest_route=%2Fwp%2Fv2%2Fmedia&parent=4740"}],"wp:term":[{"taxonomy":"category","embeddable":true,"href":"https:\/\/lacasadelleartiste.it\/index.php?rest_route=%2Fwp%2Fv2%2Fcategories&post=4740"},{"taxonomy":"post_tag","embeddable":true,"href":"https:\/\/lacasadelleartiste.it\/index.php?rest_route=%2Fwp%2Fv2%2Ftags&post=4740"}],"curies":[{"name":"wp","href":"https:\/\/api.w.org\/{rel}","templated":true}]}}