{"id":4699,"date":"2020-01-24T15:42:25","date_gmt":"2020-01-24T14:42:25","guid":{"rendered":"http:\/\/spazioaldamerini.org\/?p=4699"},"modified":"2020-01-24T15:42:25","modified_gmt":"2020-01-24T14:42:25","slug":"programma-febbraio-2020","status":"publish","type":"post","link":"https:\/\/lacasadelleartiste.it\/?p=4699","title":{"rendered":"Programma febbraio 2020"},"content":{"rendered":"<p><a href=\"https:\/\/auserbo.bitcafe.it\/wp-content\/uploads\/2020\/01\/febbraio-2020-short.jpg\"><img loading=\"lazy\" class=\"size-full wp-image-4700 aligncenter\" src=\"https:\/\/auserbo.bitcafe.it\/wp-content\/uploads\/2020\/01\/febbraio-2020-short.jpg\" alt=\"\" width=\"482\" height=\"213\" srcset=\"https:\/\/lacasadelleartiste.it\/wp-content\/uploads\/2020\/01\/febbraio-2020-short.jpg 482w, https:\/\/lacasadelleartiste.it\/wp-content\/uploads\/2020\/01\/febbraio-2020-short-300x133.jpg 300w\" sizes=\"(max-width: 482px) 100vw, 482px\" \/><\/a><\/p>\n<p><strong>\u00a0<\/strong><\/p>\n<ul>\n<li>La Casa \u00e8 visitabile gratuitamente. Per gruppi superiori a 10 persone, con visita<strong> libera<\/strong>, \u00e8 necessaria la prenotazione a <a href=\"mailto:info@lacasadelleartiste.it\">info@lacasadelleartiste.it<\/a>.<\/li>\n<li>Tutti i gioved\u00ec, alle ore 16.00 <a href=\"https:\/\/spazioaldamerini.org\/visite-guidate-ti-racconto-alda\/\"><strong>visita guidata \u00abTI RACCONTO ALDA<\/strong><\/a><strong>\u00bb<\/strong>: notizie approfondite sulla vita e poesia della Poetessa &#8211; durata ca 60 min. con contributo a favore dell\u2019Associazione. La visita guidata \u00e8 possibile anche in giornate diverse, per gruppi superiori a 10 persone\u2013 prenotazioni a <a href=\"mailto:info@lacasadelleartiste.it\">info@lacasadelleartiste.it<\/a> per concordare tempi e condizioni. N.B. Consultando i nostri <a href=\"https:\/\/spazioaldamerini.org\/events\/\">programmi mensili\u00a0 <\/a>\u00e8 possibile verificare quando siano gi\u00e0 in calendario le iniziative \u201cTI RACCONTO ALDA\u201d, alle quali possono aggregarsi anche singole persone, previa prenotazione come sopra.<\/li>\n<li><strong>ORARIO<\/strong><\/li>\n<\/ul>\n<p><strong>luned\u00ec: chiuso<\/strong><strong>; <\/strong><strong>marted\u00ec: 10.00-13.00<\/strong><strong>; <\/strong><strong>mercoled\u00ec: 10.00-13.00 e 17.00-20.00<\/strong><strong>; <\/strong><strong>gioved\u00ec: 14.00-20.00<\/strong><strong><br \/>\n<\/strong><strong>venerd\u00ec, sabato, domenica: 17.00-20.00<\/strong><\/p>\n<table width=\"642\">\n<tbody>\n<tr>\n<td width=\"69\">sabato<\/td>\n<td width=\"64\">1<\/td>\n<td width=\"509\">Ore 18.30 \u201c<strong>Creature<\/strong>\u201d \u2013 Spettacolo teatrale della Compagnia degli EquiVoci. A quarant\u2019anni dall\u2019approvazione della legge Basaglia e per il cinquantesimo anniversario dell\u2019occupazione del Manicomio di Colorno.<\/p>\n<p>Contributo all\u2019ingresso \u20ac 10,00 con calice augurale \u2013 prenotazioni obbligatorie a <a href=\"mailto:info@lacasadelleartiste.it\">info@lacasadelleartiste.it<\/a> &#8211; <a href=\"https:\/\/spazioaldamerini.org\/2020\/01\/24\/1-2-2020-creature-compagnia-degli-equivoci-teatro\/\">dettagli<\/a><\/td>\n<\/tr>\n<tr>\n<td width=\"69\">domenica<\/td>\n<td width=\"64\">2<\/td>\n<td width=\"509\">Ore 13.00 Presentazione dell\u2019antologia bilingue \u201c<strong>Quando i paesi dormono \u2013 7 poete georgiane e 7 italiane per risvegliare la coscienza<\/strong>\u201d. Evento promosso da Ass.ne Con la Georgia nel cuore. Con la partecipazione delle poete antologizzate e delle autorit\u00e0 georgiane. Ingresso libero. <a href=\"https:\/\/spazioaldamerini.org\/2020\/01\/24\/2-2-2020-antologia-bilingue-georgiano-italiano-quando-i-paesi-dormono\/\">dettagli<\/a><\/td>\n<\/tr>\n<tr>\n<td width=\"69\">mercoled\u00ec<\/td>\n<td width=\"64\">5<\/td>\n<td width=\"509\">Ore 20.00 Nell\u2019ambito de <strong>Il Giardino della Poesia<\/strong>, Invito con gioco. Ospite: <strong>Roberta Tantillo<\/strong>. Ingresso libero, consumazione solidale \u20ac 8,00 &#8211; <a href=\"https:\/\/spazioaldamerini.org\/2020\/01\/24\/5-2-2020-il-giardino-della-poesia-invito-con-gioco-con-roberta-tantillo\/\">dettagli<\/a><\/td>\n<\/tr>\n<tr>\n<td width=\"69\">gioved\u00ec<\/td>\n<td width=\"64\">6<\/td>\n<td width=\"509\">Ore 15.00 \u2013 Visita guidata \u201c<a href=\"https:\/\/spazioaldamerini.org\/visite-guidate-ti-racconto-alda\/\">Ti racconto Alda\u201d<\/a> \u2013 Gruppo programmato al quale \u00e8 possibile aggregarsi previa prenotazione a <a href=\"mailto:info@lacasadelleartiste.it\">info@lacasadelleartiste.it<\/a><\/td>\n<\/tr>\n<tr>\n<td width=\"69\">venerd\u00ec<\/td>\n<td width=\"64\">7<\/td>\n<td width=\"509\">Ore 18.30 Nell\u2019ambito sella rassegna <em>Intelligenti Pauca \u2013 la rima inferiore<\/em>, \u201c<strong>Giornalismo e Letteratura<\/strong>\u201d, con Alessandro Canzian e Chiara Evangelista. Ospiti: V. Guarracino, O. Labbate, F. Manzoni, A. Momigliano, O. Rossani, P. Provasi. Ingresso libero.<a href=\"https:\/\/spazioaldamerini.org\/2020\/01\/24\/7-2-2020-per-intelligenti-pauca-la-rima-inferiore-giornalismo-e-letteratura\/\"> dettagli<\/a><\/td>\n<\/tr>\n<tr>\n<td width=\"69\">domenica<\/td>\n<td width=\"64\">9<\/td>\n<td width=\"509\">Ore 18.00 Presentazione del libro \u201c<strong>L\u2019ignoto Capovolto \u2013 tra narrativa e mistero<\/strong>\u201d di <strong>Cornelia Campidelli<\/strong>. Con Raffaella Turatti. Ingresso libero. <a href=\"https:\/\/spazioaldamerini.org\/2020\/01\/26\/9-2-2020-cornelia-campidelli-con-lignoto-capovolto-narrativa\/\">dettagli<\/a><\/td>\n<\/tr>\n<tr>\n<td width=\"69\">marted\u00ec<\/td>\n<td width=\"64\">11<\/td>\n<td width=\"509\">Ore 11.00 &#8211; Visita guidata <a href=\"https:\/\/spazioaldamerini.org\/visite-guidate-ti-racconto-alda\/\">\u201cTi racconto Alda\u201d<\/a> \u2013 Gruppo programmato al quale \u00e8 possibile aggregarsi previa prenotazione a <a href=\"mailto:info@lacasadelleartiste.it\">info@lacasadelleartiste.it\u00a0 ANNULLATO<\/a><\/td>\n<\/tr>\n<tr>\n<td width=\"69\">mercoled\u00ec<\/td>\n<td width=\"64\">12<\/td>\n<td width=\"509\">Ore 21.00 \u2013 Presentazione del nuovo progetto discografico di <strong>Corrado Coccia<\/strong> \u00ab<strong>Santi e disfatti<\/strong>\u00bb. Con Patrizia Varnier, Vito Silvestro e Cosetta Frosi. Contributo all\u2019ingresso \u20ac 5,00. Ingresso libero. <a href=\"https:\/\/spazioaldamerini.org\/2020\/01\/26\/12-2-2020-corrado-coccia-e-nuovo-progetto-discografico-santi-e-disfatti\/\">dettagli<\/a><\/td>\n<\/tr>\n<tr>\n<td width=\"69\">gioved\u00ec<\/td>\n<td width=\"64\">13<\/td>\n<td width=\"509\">Ore 20.30 Aspettando San Valentino, <strong>\u201cSINGLES\u201d:<\/strong> commedia brillante della Compagnia teatrale <strong>Maskere<\/strong>. Contributo all\u2019ingresso \u20ac 8,00 \u2013 prenotazioni a info@lacasadelleartiste.it &#8211; <a href=\"https:\/\/spazioaldamerini.org\/2020\/01\/26\/13-2-2020-aspettando-san-valentino-singles-compagnia-teatrale-maskere\/\">dettagli<\/a><\/td>\n<\/tr>\n<tr>\n<td width=\"69\">sabato<\/td>\n<td width=\"64\">15<\/td>\n<td width=\"509\">Ore 16.00 &#8211; Visita guidata <a href=\"https:\/\/spazioaldamerini.org\/visite-guidate-ti-racconto-alda\/\">\u201cTi racconto Alda\u201d<\/a> \u2013 Gruppo programmato al quale \u00e8 possibile aggregarsi previa prenotazione a <a href=\"mailto:info@lacasadelleartiste.it\">info@lacasadelleartiste.it<\/a><\/p>\n<p>&nbsp;<\/p>\n<p>Ore 18.00 Presentazione di \u201c<strong>Romanzo caporale<\/strong>\u201d di Annibale Gagliani. In dialogo con l\u2019autore: Vincenzo Cristiano e Chiara Evangelista. Ingresso libero. <a href=\"https:\/\/spazioaldamerini.org\/2020\/01\/26\/15-2-2020-annibale-gagliani-con-romanzo-caporale\/\">dettagli<\/a><\/td>\n<\/tr>\n<tr>\n<td width=\"69\">domenica<\/td>\n<td width=\"64\">16<\/td>\n<td width=\"509\">Ore 17.00 Presentazione della librorivista internazionale di Poesia \u00ab<strong>TAM TAM BUM BUM<\/strong>\u00bb numero speciale dedicato al <strong>popolo curdo<\/strong>, in particolare alle popolazioni della Siria del Nord del Rojava. Ingresso libero. <a href=\"https:\/\/spazioaldamerini.org\/2020\/01\/26\/16-2-2020-tam-tam-bum-bum-numero-speciale-dedicato-al-popolo-curdo\/\">dettagli<\/a><\/td>\n<\/tr>\n<tr>\n<td width=\"69\">marted\u00ec<\/td>\n<td width=\"64\">18<\/td>\n<td width=\"509\">Ore 18.30 Inaugurazione della mostra di <strong>Alda Baglioni e Renata di Palma \u201cINTERSPAZIO \u2013 dialogo tra realt\u00e0 interiore ed esteriore<\/strong>\u201d. presentazione di Susanna Semenza- lettura poetica di Loredana Troschel. [la mostra termina il 1.3.20]. Ingresso libero. <a href=\"https:\/\/spazioaldamerini.org\/2020\/01\/26\/18-2-2020-mostra-di-alda-baglioni-e-renata-di-palma-interspazio-dialogo-tra-realta-interiore-ed-esteriore\/\">dettagli<\/a><\/td>\n<\/tr>\n<tr>\n<td width=\"69\">mercoled\u00ec<\/td>\n<td width=\"64\">19<\/td>\n<td width=\"509\">Ore 20.00 <strong>\u201c&#8230; essere la voce di Piero&#8230;\u201d<\/strong> serata dedicata alla poesia di <strong>Piero Tanca<\/strong>, un poeta, uno studioso, un uomo, recentemente scomparso.<\/p>\n<p>A cura degli amici poeti. Ingresso libero. <a href=\"https:\/\/spazioaldamerini.org\/2020\/01\/26\/19-2-2020-serata-dedicata-alla-poesia-di-piero-tanca-in-memoriam\/\">dettagli<\/a><\/td>\n<\/tr>\n<tr>\n<td width=\"69\">venerd\u00ec<\/td>\n<td width=\"64\">21<\/td>\n<td width=\"509\">Ore 18.30 Presentazione del libro \u201c<strong>Dove nasconde gli occhi il cielo<\/strong>?\u201d di <strong>Margherita Di Marco<\/strong>. Fotografie di Pasquale Tarquini. Con l\u2019autrice: Valeria Di Felice e Marina Montuori. Ingresso libero. <a href=\"https:\/\/spazioaldamerini.org\/2020\/01\/26\/21-2-2020-margherita-di-marco-con-dove-nasconde-gli-occhi-il-cielo-poesia\/\">dettagli<\/a><\/td>\n<\/tr>\n<tr>\n<td width=\"69\">sabato<\/td>\n<td width=\"64\">22<\/td>\n<td width=\"509\">Ore 18.15 <strong>MANGO: tutte le poesie<\/strong> &#8211; Un incontro per parlare del cantautore lucano, delle sue canzoni, della sua vocalit\u00e0 e della sua opera poetica. Con Laura Valente (moglie di Mango e musicista), Annarita Briganti (scrittrice e giornalista), Federica Rapini (edizioni Pendragon), Lucio Nardi (attore). Ingresso libero. <a href=\"https:\/\/spazioaldamerini.org\/2020\/01\/26\/22-2-2020-mango-tutte-le-poesie\/\">dettagli<\/a><\/td>\n<\/tr>\n<tr>\n<td width=\"69\">marted\u00ec<\/td>\n<td width=\"64\">25<\/td>\n<td width=\"509\"><strong>ANNULLATO<\/strong>\u00a0 &#8211; Ore 18.30 Nasce il <strong>Salotto Letterario a Casa Merini<\/strong>. Guidati da un gruppo di <strong>giovani universitari<\/strong>, discuteremo uno dei temi che pi\u00f9 anima il dialogo costruttivo: il cambiamento. Ingresso libero. <a href=\"https:\/\/spazioaldamerini.org\/2020\/01\/26\/25-2-2020-salotto-letterario-a-casa-merini-una-brezza-di-rinnovamento-gestita-da-giovani-universitari\/\">dettagli<\/a><\/td>\n<\/tr>\n<tr>\n<td width=\"69\">venerd\u00ec<\/td>\n<td width=\"64\">28<\/td>\n<td width=\"509\"><strong>ANNULLATO<\/strong> Ore 18.30 \u201c<strong>Entrati dentro: non sarai pi\u00f9 solo<\/strong>\u201d. Incontro a cura di <strong>Antonia Mirarchi<\/strong> (psicologa e fisioterapista) creatrice del metodo \u201cpsicofisioterapia\u201d. Ingresso libero. <a href=\"https:\/\/spazioaldamerini.org\/2020\/01\/26\/28-2-2020psicofisioterapia-con-antonia-mirarchi\/\">dettagli<\/a><\/td>\n<\/tr>\n<tr>\n<td width=\"69\">sabato<\/td>\n<td width=\"64\">29<\/td>\n<td width=\"509\"><strong>ANNULLATO<\/strong> Ore 18.30 Presentazione del libro \u201c<strong>Correnti di risacca<\/strong>\u201d di <strong>Davide Carella<\/strong>. Con l\u2019autore: Chiara Olivero (scrittrice) e Daniela D\u2019Angelo (cantante). Ingresso libero. <a href=\"https:\/\/spazioaldamerini.org\/2020\/01\/26\/29-2-202-davide-carella-con-correnti-di-risacca-poesia\/\">dettagli<\/a><\/td>\n<\/tr>\n<tr>\n<td width=\"69\"><\/td>\n<td width=\"64\"><\/td>\n<td width=\"509\"><\/td>\n<\/tr>\n<\/tbody>\n<\/table>\n","protected":false},"excerpt":{"rendered":"<p>\u00a0 La Casa \u00e8 visitabile gratuitamente. Per gruppi superiori a 10 persone, con visita libera, \u00e8 necessaria la prenotazione a info@lacasadelleartiste.it. Tutti i gioved\u00ec, alle ore 16.00 visita guidata \u00abTI RACCONTO ALDA\u00bb: notizie approfondite sulla vita e poesia della Poetessa &#8211; durata ca 60 min. con contributo a favore dell\u2019Associazione. La visita guidata \u00e8 possibile [&hellip;]<\/p>\n","protected":false},"author":1,"featured_media":4700,"comment_status":"open","ping_status":"open","sticky":false,"template":"","format":"standard","meta":[],"categories":[7],"tags":[31],"_links":{"self":[{"href":"https:\/\/lacasadelleartiste.it\/index.php?rest_route=\/wp\/v2\/posts\/4699"}],"collection":[{"href":"https:\/\/lacasadelleartiste.it\/index.php?rest_route=\/wp\/v2\/posts"}],"about":[{"href":"https:\/\/lacasadelleartiste.it\/index.php?rest_route=\/wp\/v2\/types\/post"}],"author":[{"embeddable":true,"href":"https:\/\/lacasadelleartiste.it\/index.php?rest_route=\/wp\/v2\/users\/1"}],"replies":[{"embeddable":true,"href":"https:\/\/lacasadelleartiste.it\/index.php?rest_route=%2Fwp%2Fv2%2Fcomments&post=4699"}],"version-history":[{"count":0,"href":"https:\/\/lacasadelleartiste.it\/index.php?rest_route=\/wp\/v2\/posts\/4699\/revisions"}],"wp:featuredmedia":[{"embeddable":true,"href":"https:\/\/lacasadelleartiste.it\/index.php?rest_route=\/wp\/v2\/media\/4700"}],"wp:attachment":[{"href":"https:\/\/lacasadelleartiste.it\/index.php?rest_route=%2Fwp%2Fv2%2Fmedia&parent=4699"}],"wp:term":[{"taxonomy":"category","embeddable":true,"href":"https:\/\/lacasadelleartiste.it\/index.php?rest_route=%2Fwp%2Fv2%2Fcategories&post=4699"},{"taxonomy":"post_tag","embeddable":true,"href":"https:\/\/lacasadelleartiste.it\/index.php?rest_route=%2Fwp%2Fv2%2Ftags&post=4699"}],"curies":[{"name":"wp","href":"https:\/\/api.w.org\/{rel}","templated":true}]}}