{"id":4669,"date":"2019-12-26T18:13:28","date_gmt":"2019-12-26T17:13:28","guid":{"rendered":"http:\/\/spazioaldamerini.org\/?p=4669"},"modified":"2019-12-26T18:13:28","modified_gmt":"2019-12-26T17:13:28","slug":"27-1-20-giornata-della-memoria-lesule","status":"publish","type":"post","link":"https:\/\/lacasadelleartiste.it\/?p=4669","title":{"rendered":"27 1 20 Giornata della Memoria &#8211; L&#8217;esule o de Il Colore del Melograno"},"content":{"rendered":"<p><a href=\"https:\/\/auserbo.bitcafe.it\/wp-content\/uploads\/2020\/01\/27-1-20-memoria-cm-2.jpg\"><img loading=\"lazy\" class=\"alignnone size-full wp-image-4690\" src=\"https:\/\/auserbo.bitcafe.it\/wp-content\/uploads\/2020\/01\/27-1-20-memoria-cm-2.jpg\" alt=\"\" width=\"595\" height=\"842\" srcset=\"https:\/\/lacasadelleartiste.it\/wp-content\/uploads\/2020\/01\/27-1-20-memoria-cm-2.jpg 595w, https:\/\/lacasadelleartiste.it\/wp-content\/uploads\/2020\/01\/27-1-20-memoria-cm-2-212x300.jpg 212w\" sizes=\"(max-width: 595px) 100vw, 595px\" \/><\/a><\/p>\n<p>In occasione della Giornata della Memoria<\/p>\n<p><strong>27 gennaio 2020 &#8211; ore 19.00<\/strong><\/p>\n<h2>L&#8217;ESULE<\/h2>\n<h2>o de Il Colore del Melograno<\/h2>\n<h3><em>In Memoriam : Musica e Poesia d&#8217;ispirazione ebraica e armena<\/em><\/h3>\n<p>&nbsp;<\/p>\n<p>con<\/p>\n<h3>SABINA MACCULI &#8211; soprano<\/h3>\n<h3>KLEVA METOLLI &#8211; pianoforte<\/h3>\n<p>ingresso libero<\/p>\n<p><a href=\"https:\/\/auserbo.bitcafe.it\/wp-content\/uploads\/2020\/01\/programma-di-sala-concerto-macculi-e-metolli-x-memoria-2020-1.pdf\">programma di sala concerto Macculi e Metolli x Memoria 2020<\/a><\/p>\n<p>Tra musica e poesia la voce ebraica e armena s\u2019eleva \u00a0attraverso \u00a0gli autori che nella loro terra (Vardapet Komitas) o esuli ( A. Katchaturian, K. Weill ) o sedotti (O. Respighi, M. Ravel) o discendenza (L. Bernstein ) l\u2019hanno fatta risuonare nel tempo.<\/p>\n<p>La musica \u00e8 lo strumento universale, il linguaggio onnicomprensivo, che meglio descrive la rinascita, la coesione e la resilienza del popolo ebraico ed armeno e della loro millenaria civilt\u00e0.<\/p>\n<p>Dalle origini fino ai giorni nostri, alcuni brani poetici ebraici (Yehudah Ha-Levi ) e armeni (Sayath Novatra, Peruyr Sevak) tra i pi\u00f9 significativi, sia dal punto di vista storico-letterario che artistico, intercaleranno i brani musicali.<\/p>\n<p>&nbsp;<\/p>\n<p><a href=\"https:\/\/auserbo.bitcafe.it\/wp-content\/uploads\/2018\/12\/SAB1969.jpg\"><img loading=\"lazy\" class=\"alignnone wp-image-3303\" src=\"https:\/\/auserbo.bitcafe.it\/wp-content\/uploads\/2018\/12\/SAB1969.jpg?w=748\" alt=\"\" width=\"281\" height=\"187\" \/><\/a><\/p>\n<p><strong>Sabina Macculi (soprano)<\/strong><\/p>\n<p>Nata ad Offenbach\/m da genitori Salentini, soprano Belcantista, \u00e8 cantante versatile che spazia dall\u2019opera, all\u2019operetta dalla musica Antica alla musica contemporanea, affermandosi anche come raffinata Liederista. Si \u00e8 diplomata in Canto Lirico presso il Conservatorio \u201cA. Casella\u201d dell\u2019Aquila e laureata in Musica Vocale da Camera presso il Conservatorio G.Verdi di Milano con il massimo dei voti, la lode e la menzione di merito. Si \u00e8 perfezionata in musica antica, sacra e profana all\u2019Accademia Chigiana di Siena col Ren\u00e9 Clemencic e in seguito con Jordi Savall per il repertorio antico francese, in musica da camera tedesca coi maestri Helmut Deutsch e Karl Peter Kammerlander e in musica da camera francese con Dalton Baldwin. Insignita del premio \u201cBeniamino Gigli\u201c\u00e8 vincitrice di diversi concorsi tra cui quello Internazionale del Teatro Lirico Sperimentale di Spoleto, debuttando come Amina nella <em>Sonnambula<\/em> di Vincenzo Bellini. Molti sono i palcoscenici che l\u2019hanno applaudita come protagonista. Tra essi: Accademia S. Cecilia Parco della Musica, Filarmonico della Scala, Auditorium Verdi di Milano, Auditorium Paganini di Parma, Dal Verme di Milano, Piccolo Teatro Studio di Milano, Regio di Torino, Opera di Roma, Sala Nervi di Roma, Bellini di Catania, Comunale de L\u2019Aquila, Comunale di Salerno, Comunale di Firenze, Comunale di Bologna, Sferisterio di Macerata, Verdi di Trieste, Petruzzelli di Bari, Festival di Bellagio e Como, Festival Nuova Consonanza ; Festival di Villa Massimo Roma, Musica Verticale, Barattelli de L\u2019Aquila, Mittelfest di Udine, Festival SpazioMusica, Festival Traiettorie Sonore, Festival Nuova Musica di Macerata, Istituzione Universitaria dei Concerti di Roma, Cantiere di Montepulciano, Societ\u00e0 del Quartetto, Societ\u00e0 dei Concerti di Milano. Lima, Quito, Tbilisi, Kyoto, Abu Dhabi, Friburgo, Parigi, Monaco di Baviera, Sofia, Ha inciso e registrato per la DECCA, DENON, RAI-ERI, STRADIVARIUS, RCA, ARTS, MELOGRANO, SPLASC(H) records, ZYX records (Usa), RADIO VATICANA, RAI 3, RAI Radio1, RAI Radio3, BAYERISCHE RUNDFUNK, IRCAM di Parigi. Ha registrato trasmissioni per RAI 3, RAI Radio1, RAI Radio3, Piazza Verdi Radio 3 RAI INTERNATIONAL, BAYERISCHE RUNDFUNK di Monaco di Baviera, IRCAM CENTRE POMPIDOU di Parigi. E\u2019 Docente di Dizione per Canto in lingua Tedesca presso in Conservatorio G. Verdi di MIlano.<\/p>\n<p><a href=\"https:\/\/auserbo.bitcafe.it\/wp-content\/uploads\/2018\/12\/curr-kl.jpg\"><img loading=\"lazy\" class=\"alignnone wp-image-3304\" src=\"https:\/\/auserbo.bitcafe.it\/wp-content\/uploads\/2018\/12\/curr-kl.jpg\" alt=\"\" width=\"254\" height=\"339\" srcset=\"https:\/\/lacasadelleartiste.it\/wp-content\/uploads\/2018\/12\/curr-kl.jpg 459w, https:\/\/lacasadelleartiste.it\/wp-content\/uploads\/2018\/12\/curr-kl-225x300.jpg 225w\" sizes=\"(max-width: 254px) 100vw, 254px\" \/><\/a><\/p>\n<p><strong>Kleva Metolli<\/strong> <strong>(pianista)<\/strong><\/p>\n<p>Nata a Elbasan, Albania.Inizia gli studi di pianoforte con Violeta Kapxhiu all\u2019et\u00e0 di sei anni presso la scuola musicale artistica\u201dOnufri\u201d di Elbasan. All\u2019et\u00e0 di diciassette anni consegue la maturit\u00e0 artistica e il diploma di pianoforte a pieni voti. Continua lo studio all\u2019Accademia delle Belle Arti di Tirana con Mira Kruja per due anni e trasferitasi in Italia, consegue con successo un ulteriore diploma di pianoforte nella classe di Maestro Leonardo Leonardi presso il Conservatorio\u201dGiuseppe Verdi\u201d di Milano. S\u00ec \u00e8 diplomata a pieni voti e la lode in Musica Vocale da Camera, nella classe della Prof. Daniela Uccello e ha continuato il perfezionamento sul repertorio Liederistico presso la HochSchule di Monaco in Germania nella classe del maestro Helmut Deutsch. Ha conseguito il Biennio (Laurea di secondo livello) di Perfezione come pianista collaboratrice dei teatri laureandosi con: 110 con il Maestro U.Finazzi. Ha seguito come allieva effettiva i corsi di masterclass di A. Lonquich, B. Canino, L. Stix, G. Salvetti, L. Castellani, P. Badura-Skoda, E. Battaglia,H. Deutch,M .Cavazza, G. Neuhold, Th. Steinhofel, Karl-Peter Kammerlander. Ha partecipato in numerosi concorsi nazionali e internazionali e ha vinto il Primo premio al Concorso Nazionale di Camaiore, il Primo premio come Duo Liederistico al Concorso Rotary di Milano, il Secondo premio al Concorso Internazionale di Tortona, il Secondo premio al Concorso Pianistico \u201cG. Rospigliosi\u201d di Pistoia, il Secondo premio come gruppo da camera al concorso Rotary di Milano. E\u2019 stata per diversi anni consecutivi la pianista ufficiale dell\u2019Orchestra Filarmonica G. Verdi di Milano \u00e8 ha suonato sotto la direzione dei grandi direttori quali: G. Kuhn, G. Rath, T. Ceccherini, V. Parisi, D. Rustioni, A. Ceccato. Ha collaborato per diverse produzioni con l\u2019orchestra \u201dHaydn\u201d di Bolzano e Trento in qualit\u00e0 di pianista dell\u2019orchestra, collaborazione questa che continua in modo frequente e soddisfacente tuttora essendo chiamata come pianista accompagnatore nella maggior parte dei concorsi svolti presso questa prestigiosa orchestra.\u00a0 Ha collaborato con la Fondazione Orchestra Sinfonica di Milano\u201dGiuseppe Verdi\u201d. Ha ottenuto per nove anni consecutivi la borsa di studio come \u201cpianista collaboratore\u201d delle classi di strumento ad arco e fiato del Conservatorio Giuseppe Verdi, Milano. Dall\u2019anno accademico 2007 \u00e8 stata selezionata come Pianista Collaboratore Ufficiale delle classi di strumento del Conservatorio Giuseppe Verdi di Milano e tuttora lavora come Pianista Collaboratore per le classi di canto dello stesso Conservatorio . Nell\u2019anno 2002 ha partecipato al Festival Internazionale di Kyoto in Giappone rappresentando L\u2019Italia con grande successo e soddisfazione dal pubblico. E\u2019 stata pianista ufficiale del Concorso Internazionale di Canto \u201cRenata Tebaldi\u201d a San Marino collaborando nelle prime quattro le edizioni (2005) (2007) (2009) (2011) svolte. E\u2019 stata pianista ufficiale delle prime due edizioni del Concorso Internazionale di Canto \u201cMaria Malibran\u201d a Milano. Nella sua vasta carriera solistica e cameristica ha tenuto concerti in vari paesi come: Italia, Albania, Repubblica di San Marino, Svizzera, Germania, Francia e Giappone.<\/p>\n<p>&nbsp;<\/p>\n<p>PROGRAMMA:<\/p>\n<p><strong>HATIKVAH<\/strong> <strong>(La speranza),<\/strong> <em>canto ebraico tradizionale<\/em><\/p>\n<p>testo di Naftali Herz Imber (1856-1909)<\/p>\n<p>melodia di Samuel Cohen (1870-1940)<\/p>\n<p>arrangiamento per pianoforte di Mehmet Okon\u015far (1961)<\/p>\n<p><strong>MAURICE RAVEL (1875-1937)<\/strong><\/p>\n<p><em>Chansons h\u00e9bra\u00efque<\/em> (all\u2019interno del ciclo degli <em>Chants populaires<\/em>)<\/p>\n<p>D<em>eux m\u00e9lodies h\u00e9bra\u00efques:<\/em> \u201cKaddish\u201d (preghiera per i defunti) in lingua armena,<\/p>\n<p>\u201cL&#8217;\u00e9nigme \u00e9ternelle\u201d in lingua Yddish<\/p>\n<p><strong>ARAM KHACHATURIAN (1903-1978)<\/strong><\/p>\n<p><em>Walzer da Masquerade (pf solo)<\/em><\/p>\n<p><strong>GIUSEPPE VERDI <span class=\"st\">(1813 \u2013 1901) <\/span><\/strong><\/p>\n<p><em>Dalle Arie da Camera \u201cL\u2019Esule\u201d<\/em><\/p>\n<p><strong>OTTORINO RESPIGHI (1879-1936)<\/strong><\/p>\n<p><em>Da 4 Liriche su parole di poeti armeni<\/em><\/p>\n<p><em>\u201cLa mamma \u00e8 come il pane caldo\u201d (antica poesia armena di Constant Zarian)\u00a0\u00a0\u00a0 <\/em><\/p>\n<p><em>\u00a0\u201cIo sono la Madre\u201d (poesia di Costant Zarian )<\/em><\/p>\n<p><strong>VARDAPET KOMITAS(1869-1935)<\/strong><\/p>\n<p><em>Dsirani dser (L\u2019albicocco) (pf solo)<\/em><\/p>\n<p><em>Schushiki (L\u2019albero di Natale) (Pf solo)<\/em><\/p>\n<p><strong>KURT WEILL (1900-1950)<br \/>\n<\/strong><\/p>\n<p><em>Und was bekam des Soldaten\u00a0 Weib<\/em><\/p>\n<p><em>Youkali\u00a0\u00a0\u00a0\u00a0\u00a0\u00a0\u00a0\u00a0\u00a0\u00a0\u00a0\u00a0\u00a0\u00a0\u00a0\u00a0\u00a0\u00a0 <\/em><\/p>\n<p><strong><em>G<\/em><\/strong><strong>EORGE GERSCHWIN (1898-1937)<br \/>\n<\/strong><\/p>\n<p><em>Estratti da \u201cUn Americano a Parigi\u201d (pf sol)<\/em><\/p>\n<p><strong>LEONARD BERNSTEIN(1918-1990)<\/strong><\/p>\n<p><em>Spring will come again da The skin of our Teeth<\/em><\/p>\n<p><em>Somewhere da West Side Story<\/em><\/p>\n<p>&nbsp;<\/p>\n","protected":false},"excerpt":{"rendered":"<p>In occasione della Giornata della Memoria 27 gennaio 2020 &#8211; ore 19.00 L&#8217;ESULE o de Il Colore del Melograno In Memoriam : Musica e Poesia d&#8217;ispirazione ebraica e armena &nbsp; con SABINA MACCULI &#8211; soprano KLEVA METOLLI &#8211; pianoforte ingresso libero programma di sala concerto Macculi e Metolli x Memoria 2020 Tra musica e poesia [&hellip;]<\/p>\n","protected":false},"author":1,"featured_media":4690,"comment_status":"open","ping_status":"open","sticky":false,"template":"","format":"standard","meta":[],"categories":[7],"tags":[31,36],"_links":{"self":[{"href":"https:\/\/lacasadelleartiste.it\/index.php?rest_route=\/wp\/v2\/posts\/4669"}],"collection":[{"href":"https:\/\/lacasadelleartiste.it\/index.php?rest_route=\/wp\/v2\/posts"}],"about":[{"href":"https:\/\/lacasadelleartiste.it\/index.php?rest_route=\/wp\/v2\/types\/post"}],"author":[{"embeddable":true,"href":"https:\/\/lacasadelleartiste.it\/index.php?rest_route=\/wp\/v2\/users\/1"}],"replies":[{"embeddable":true,"href":"https:\/\/lacasadelleartiste.it\/index.php?rest_route=%2Fwp%2Fv2%2Fcomments&post=4669"}],"version-history":[{"count":0,"href":"https:\/\/lacasadelleartiste.it\/index.php?rest_route=\/wp\/v2\/posts\/4669\/revisions"}],"wp:featuredmedia":[{"embeddable":true,"href":"https:\/\/lacasadelleartiste.it\/index.php?rest_route=\/wp\/v2\/media\/4690"}],"wp:attachment":[{"href":"https:\/\/lacasadelleartiste.it\/index.php?rest_route=%2Fwp%2Fv2%2Fmedia&parent=4669"}],"wp:term":[{"taxonomy":"category","embeddable":true,"href":"https:\/\/lacasadelleartiste.it\/index.php?rest_route=%2Fwp%2Fv2%2Fcategories&post=4669"},{"taxonomy":"post_tag","embeddable":true,"href":"https:\/\/lacasadelleartiste.it\/index.php?rest_route=%2Fwp%2Fv2%2Ftags&post=4669"}],"curies":[{"name":"wp","href":"https:\/\/api.w.org\/{rel}","templated":true}]}}