{"id":4634,"date":"2019-12-24T23:53:39","date_gmt":"2019-12-24T22:53:39","guid":{"rendered":"http:\/\/spazioaldamerini.org\/?p=4634"},"modified":"2019-12-24T23:53:39","modified_gmt":"2019-12-24T22:53:39","slug":"26-1-2020-presentazione-e-reading-del-libro-voci-da-dentro-esperienze-di-vita-in-oncologia-di-anna-maria-lombardi","status":"publish","type":"post","link":"https:\/\/lacasadelleartiste.it\/?p=4634","title":{"rendered":"26 1 2020 presentazione e reading del libro VOCI DA DENTRO &#8211; ESPERIENZE DI VITA IN ONCOLOGIA di Anna Maria Lombardi"},"content":{"rendered":"<p><a href=\"https:\/\/auserbo.bitcafe.it\/wp-content\/uploads\/2019\/12\/locandina-26-gennaio.jpg\"><img loading=\"lazy\" class=\"alignnone size-large wp-image-4635\" src=\"https:\/\/auserbo.bitcafe.it\/wp-content\/uploads\/2019\/12\/locandina-26-gennaio.jpg?w=748\" alt=\"\" width=\"748\" height=\"529\" srcset=\"https:\/\/lacasadelleartiste.it\/wp-content\/uploads\/2019\/12\/locandina-26-gennaio.jpg 842w, https:\/\/lacasadelleartiste.it\/wp-content\/uploads\/2019\/12\/locandina-26-gennaio-300x212.jpg 300w, https:\/\/lacasadelleartiste.it\/wp-content\/uploads\/2019\/12\/locandina-26-gennaio-768x543.jpg 768w\" sizes=\"(max-width: 748px) 100vw, 748px\" \/><\/a><\/p>\n<p><strong>domenica 26 gennaio 2020 &#8211; ore 17.30<\/strong><\/p>\n<p>presentazione e reading del libro<\/p>\n<p><strong>VOCI DA DENTRO &#8211; ESPERIENZE DI VITA IN ONCOLOGIA<\/strong><\/p>\n<p>\u201cVoci da dentro\u201d\u00a0 nasce da un\u2019idea di Anna Maria Lombardi, in collaborazione con S.O.S. Oncologia San Marco &#8211; San Pietro Onlus, e si presenta come un\u2019antologia artistica e letteraria di esperienze di vita in oncologia. L\u2019iniziativa ha l\u2019obiettivo di valorizzare le persone che hanno avuto a che fare con la malattia oncologica attraverso l\u2019uso della parola scritta, in una sorta di racconto corale e poetico che vede protagonisti insieme, per la prima volta, pazienti, familiari e operatori del settore.<\/p>\n<p>Un reading aperto e sperimentale\u00a0 che vedr\u00e0 alternarsi gli autori, i medici e le persone comuni. \u00a0Tutti \u00a0possono portare la loro testimonianza\u00a0 e la loro <em>attenzione<\/em> perch\u00e9 la prima forma di cura \u00e8 il racconto di s\u00e9 e di ci\u00f2 che ci circonda.<\/p>\n<p>&nbsp;<\/p>\n<p>&nbsp;<\/p>\n<p>Interventi:<\/p>\n<p>Dott.sa <strong>Anna Maria Lombardi<\/strong> curatrice del Volume e paziente-poetessa<\/p>\n<p>Dott.sa <strong>Ave Comin<\/strong> coordinatrice e relatrice dell\u2019evento Voci da dentro<\/p>\n<p>Dott. <strong>Antonello Quadri<\/strong>\u00a0 Primario del Reparto di Oncologia\u00a0 Policlinico San Pietro<\/p>\n<p>Dott.sa <strong>Alessandra Corti<\/strong> paziente-scrittrice e curatrice dell\u2019evento<\/p>\n<p>Il gruppo de <strong>Le Amazzoni<\/strong>\u00a0 pazienti-scrittrici<\/p>\n<p><strong>Carlo Sinigaglia<\/strong> musicista-musicoperatpeuta<\/p>\n<p><strong>AnnaMaria<\/strong> Gallo\u00a0 poet coordinator<\/p>\n<p>Reading dei Poeti invitati<\/p>\n","protected":false},"excerpt":{"rendered":"<p>domenica 26 gennaio 2020 &#8211; ore 17.30 presentazione e reading del libro VOCI DA DENTRO &#8211; ESPERIENZE DI VITA IN ONCOLOGIA \u201cVoci da dentro\u201d\u00a0 nasce da un\u2019idea di Anna Maria Lombardi, in collaborazione con S.O.S. Oncologia San Marco &#8211; San Pietro Onlus, e si presenta come un\u2019antologia artistica e letteraria di esperienze di vita in [&hellip;]<\/p>\n","protected":false},"author":1,"featured_media":4635,"comment_status":"open","ping_status":"open","sticky":false,"template":"","format":"standard","meta":[],"categories":[20],"tags":[31],"_links":{"self":[{"href":"https:\/\/lacasadelleartiste.it\/index.php?rest_route=\/wp\/v2\/posts\/4634"}],"collection":[{"href":"https:\/\/lacasadelleartiste.it\/index.php?rest_route=\/wp\/v2\/posts"}],"about":[{"href":"https:\/\/lacasadelleartiste.it\/index.php?rest_route=\/wp\/v2\/types\/post"}],"author":[{"embeddable":true,"href":"https:\/\/lacasadelleartiste.it\/index.php?rest_route=\/wp\/v2\/users\/1"}],"replies":[{"embeddable":true,"href":"https:\/\/lacasadelleartiste.it\/index.php?rest_route=%2Fwp%2Fv2%2Fcomments&post=4634"}],"version-history":[{"count":0,"href":"https:\/\/lacasadelleartiste.it\/index.php?rest_route=\/wp\/v2\/posts\/4634\/revisions"}],"wp:featuredmedia":[{"embeddable":true,"href":"https:\/\/lacasadelleartiste.it\/index.php?rest_route=\/wp\/v2\/media\/4635"}],"wp:attachment":[{"href":"https:\/\/lacasadelleartiste.it\/index.php?rest_route=%2Fwp%2Fv2%2Fmedia&parent=4634"}],"wp:term":[{"taxonomy":"category","embeddable":true,"href":"https:\/\/lacasadelleartiste.it\/index.php?rest_route=%2Fwp%2Fv2%2Fcategories&post=4634"},{"taxonomy":"post_tag","embeddable":true,"href":"https:\/\/lacasadelleartiste.it\/index.php?rest_route=%2Fwp%2Fv2%2Ftags&post=4634"}],"curies":[{"name":"wp","href":"https:\/\/api.w.org\/{rel}","templated":true}]}}