{"id":463,"date":"2016-10-13T19:49:03","date_gmt":"2016-10-13T17:49:03","guid":{"rendered":"http:\/\/spazioaldamerini.org\/?p=463"},"modified":"2016-10-13T19:49:03","modified_gmt":"2016-10-13T17:49:03","slug":"inaugurazione-personale-di-alberico-verzoletto-27-ottobre-ore-1830-presentera-la-mostra-gian-piero-rabuffi-da","status":"publish","type":"post","link":"https:\/\/lacasadelleartiste.it\/?p=463","title":{"rendered":"INAUGURAZIONE PERSONALE DEL PITTORE  ALBERICO VERZOLETTO                                     IL 27 OTTOBRE   ORE 18,30  CON GIAN PIERO RABUFFI"},"content":{"rendered":"<p>dal 27 ottobre al 21 novembre 2016<\/p>\n<p>orario per visitare la mostra: gioved\u00ec &#8211; venerd\u00ec &#8211; sabato e domenica 17-20<\/p>\n<p>marted\u00ec &#8211; mercoled\u00ec 10-13 \u00a0luned\u00ec 20 &#8211; 23<\/p>\n","protected":false},"excerpt":{"rendered":"<p>dal 27 ottobre al 21 novembre 2016 orario per visitare la mostra: gioved\u00ec &#8211; venerd\u00ec &#8211; sabato e domenica 17-20 marted\u00ec &#8211; mercoled\u00ec 10-13 \u00a0luned\u00ec 20 &#8211; 23<\/p>\n","protected":false},"author":1,"featured_media":0,"comment_status":"open","ping_status":"open","sticky":false,"template":"","format":"standard","meta":[],"categories":[21],"tags":[],"_links":{"self":[{"href":"https:\/\/lacasadelleartiste.it\/index.php?rest_route=\/wp\/v2\/posts\/463"}],"collection":[{"href":"https:\/\/lacasadelleartiste.it\/index.php?rest_route=\/wp\/v2\/posts"}],"about":[{"href":"https:\/\/lacasadelleartiste.it\/index.php?rest_route=\/wp\/v2\/types\/post"}],"author":[{"embeddable":true,"href":"https:\/\/lacasadelleartiste.it\/index.php?rest_route=\/wp\/v2\/users\/1"}],"replies":[{"embeddable":true,"href":"https:\/\/lacasadelleartiste.it\/index.php?rest_route=%2Fwp%2Fv2%2Fcomments&post=463"}],"version-history":[{"count":0,"href":"https:\/\/lacasadelleartiste.it\/index.php?rest_route=\/wp\/v2\/posts\/463\/revisions"}],"wp:attachment":[{"href":"https:\/\/lacasadelleartiste.it\/index.php?rest_route=%2Fwp%2Fv2%2Fmedia&parent=463"}],"wp:term":[{"taxonomy":"category","embeddable":true,"href":"https:\/\/lacasadelleartiste.it\/index.php?rest_route=%2Fwp%2Fv2%2Fcategories&post=463"},{"taxonomy":"post_tag","embeddable":true,"href":"https:\/\/lacasadelleartiste.it\/index.php?rest_route=%2Fwp%2Fv2%2Ftags&post=463"}],"curies":[{"name":"wp","href":"https:\/\/api.w.org\/{rel}","templated":true}]}}