{"id":4621,"date":"2019-12-24T23:31:01","date_gmt":"2019-12-24T22:31:01","guid":{"rendered":"http:\/\/spazioaldamerini.org\/?p=4621"},"modified":"2019-12-24T23:31:01","modified_gmt":"2019-12-24T22:31:01","slug":"24-1-2020-emanuela-carniti","status":"publish","type":"post","link":"https:\/\/lacasadelleartiste.it\/?p=4621","title":{"rendered":"24 1 2020 Emanuela Carniti presenta il libro &#8220;Alda Merini, mia madre&#8221;"},"content":{"rendered":"<p><a href=\"https:\/\/auserbo.bitcafe.it\/wp-content\/uploads\/2019\/12\/loc-carniti-24-1-20-def-1.jpg\"><img loading=\"lazy\" class=\"alignnone size-full wp-image-4658\" src=\"https:\/\/auserbo.bitcafe.it\/wp-content\/uploads\/2019\/12\/loc-carniti-24-1-20-def-1.jpg\" alt=\"\" width=\"595\" height=\"842\" srcset=\"https:\/\/lacasadelleartiste.it\/wp-content\/uploads\/2019\/12\/loc-carniti-24-1-20-def-1.jpg 595w, https:\/\/lacasadelleartiste.it\/wp-content\/uploads\/2019\/12\/loc-carniti-24-1-20-def-1-212x300.jpg 212w\" sizes=\"(max-width: 595px) 100vw, 595px\" \/><\/a><\/p>\n<p><em>\u00a0<\/em><\/p>\n<p><strong>venerd\u00ec 24 gennaio 2020 &#8211; ore 18.30<\/strong><\/p>\n<p>presentazione del libro di<\/p>\n<h2>Emanuela Carniti<\/h2>\n<h1>&#8220;Alda Merini, mia madre&#8221;<\/h1>\n<p>[Manni, 2019]<\/p>\n<p>&nbsp;<\/p>\n<p>ingresso libero<\/p>\n<p>&nbsp;<\/p>\n<p>Alda Merini e\u0300 la poetessa piu\u0300 amata del Novecento italiano, perch\u00e9 ha saputo sublimare la sua dolorosa esperienza biografica in poesia pura. Per questa ragione \u00e8 stata elogiata da importanti critici letterari e insieme adorata da lettrici e lettori.<br \/>\nUna vita, la sua, appassionante e appassionata, drammatica ed eccezionale: il precoce talento e la frequentazione fin da giovanissima dei maggiori intellettuali, la malattia mentale e i ricoveri in manicomio, i due matrimoni e i grandi amori, la celebrit\u00e0 arrivata tardi, il quartiere-mondo dei Navigli a Milano&#8230;<br \/>\nIn questo libro Emanuela, la figlia maggiore di Alda, per la prima volta ricostruisce la storia della madre, e la racconta nella quotidianit\u00e0 e nella dimensione domestica, con la sua generosit\u00e0 e le sue eccentricit\u00e0; e nelle vicende letterarie ed editoriali, fatte di anni di silenzio e altri di successo.<br \/>\nViene fuori un ritratto franco e intenso di una donna, una mamma, un&#8217;artista che, pur tra mille momenti bui, non si \u00e8 mai data per vinta.<\/p>\n<p>&nbsp;<\/p>\n","protected":false},"excerpt":{"rendered":"<p>\u00a0 venerd\u00ec 24 gennaio 2020 &#8211; ore 18.30 presentazione del libro di Emanuela Carniti &#8220;Alda Merini, mia madre&#8221; [Manni, 2019] &nbsp; ingresso libero &nbsp; Alda Merini e\u0300 la poetessa piu\u0300 amata del Novecento italiano, perch\u00e9 ha saputo sublimare la sua dolorosa esperienza biografica in poesia pura. Per questa ragione \u00e8 stata elogiata da importanti critici [&hellip;]<\/p>\n","protected":false},"author":1,"featured_media":4658,"comment_status":"open","ping_status":"open","sticky":false,"template":"","format":"standard","meta":[],"categories":[20],"tags":[31],"_links":{"self":[{"href":"https:\/\/lacasadelleartiste.it\/index.php?rest_route=\/wp\/v2\/posts\/4621"}],"collection":[{"href":"https:\/\/lacasadelleartiste.it\/index.php?rest_route=\/wp\/v2\/posts"}],"about":[{"href":"https:\/\/lacasadelleartiste.it\/index.php?rest_route=\/wp\/v2\/types\/post"}],"author":[{"embeddable":true,"href":"https:\/\/lacasadelleartiste.it\/index.php?rest_route=\/wp\/v2\/users\/1"}],"replies":[{"embeddable":true,"href":"https:\/\/lacasadelleartiste.it\/index.php?rest_route=%2Fwp%2Fv2%2Fcomments&post=4621"}],"version-history":[{"count":0,"href":"https:\/\/lacasadelleartiste.it\/index.php?rest_route=\/wp\/v2\/posts\/4621\/revisions"}],"wp:featuredmedia":[{"embeddable":true,"href":"https:\/\/lacasadelleartiste.it\/index.php?rest_route=\/wp\/v2\/media\/4658"}],"wp:attachment":[{"href":"https:\/\/lacasadelleartiste.it\/index.php?rest_route=%2Fwp%2Fv2%2Fmedia&parent=4621"}],"wp:term":[{"taxonomy":"category","embeddable":true,"href":"https:\/\/lacasadelleartiste.it\/index.php?rest_route=%2Fwp%2Fv2%2Fcategories&post=4621"},{"taxonomy":"post_tag","embeddable":true,"href":"https:\/\/lacasadelleartiste.it\/index.php?rest_route=%2Fwp%2Fv2%2Ftags&post=4621"}],"curies":[{"name":"wp","href":"https:\/\/api.w.org\/{rel}","templated":true}]}}