{"id":4581,"date":"2019-12-24T21:24:57","date_gmt":"2019-12-24T20:24:57","guid":{"rendered":"http:\/\/spazioaldamerini.org\/?p=4581"},"modified":"2019-12-24T21:24:57","modified_gmt":"2019-12-24T20:24:57","slug":"14-1-2020-vernissage-mostra-fotografica-in-my-pace","status":"publish","type":"post","link":"https:\/\/lacasadelleartiste.it\/?p=4581","title":{"rendered":"14 1 2020 Vernissage mostra fotografica IN MY PACE"},"content":{"rendered":"<p><a href=\"https:\/\/auserbo.bitcafe.it\/wp-content\/uploads\/2019\/12\/in-my-pace-loc.jpg\"><img loading=\"lazy\" class=\"alignnone size-full wp-image-4582\" src=\"https:\/\/auserbo.bitcafe.it\/wp-content\/uploads\/2019\/12\/in-my-pace-loc.jpg\" alt=\"\" width=\"595\" height=\"842\" srcset=\"https:\/\/lacasadelleartiste.it\/wp-content\/uploads\/2019\/12\/in-my-pace-loc.jpg 595w, https:\/\/lacasadelleartiste.it\/wp-content\/uploads\/2019\/12\/in-my-pace-loc-212x300.jpg 212w\" sizes=\"(max-width: 595px) 100vw, 595px\" \/><\/a><\/p>\n<p>Nell&#8217;ambito della rassegna &#8220;L&#8217;arcobaleno su Casa Merini &#8211; Eventi dal mondo LGBTI&#8221;<\/p>\n<p><strong>14 gennaio 2020 &#8211; ore 18.30<\/strong><\/p>\n<p>Vernissage mostra fotografica<\/p>\n<h2><strong>IN MY PACE<\/strong><\/h2>\n<p>ingresso libero<\/p>\n<p>***<\/p>\n<p><strong>In my Pace<\/strong> \u00e8 un progetto fotografico che vede uniti quattro artisti, quattro personalit\u00e0 completamente diverse ma che hanno uno scopo comune: raccontare la storia di persone e di luoghi che non conoscete. Lo sapevi che in alcuni Stati tutt\u2019oggi \u00e8 illegale essere omosessuale?<br \/>\nLo sapevi che in alcuni Stati se sei gay possono lapidarti?<br \/>\nSiamo qui per raccontarti una storia, assieme alla presidente di Arcigay Rainbow, Giulia Bodo, e ad alcuni dei protagonisti delle opere esposte.<br \/>\nEspongono gli artisti:<br \/>\nSalvatore Gi\u00f2 Gagliano, Giulia Lungo, Simone Manzocchi e Franco Marino.<\/p>\n<p><strong>Salvatore Gi\u00f2 Gagliano presenta Golden Rainbow<\/strong><br \/>\nCoperte isotermiche avvolgono i volti di uomini e donne appartenenti alla comunit\u00e0 LGBT che hanno scelto di scoprire, affermare e raccontare la loro vera essenza in nome di una libert\u00e0 che oggi viene ancora troppe volte negata, schiacciata dalla violenza pi\u00f9 crudele e brutale. In RISE AND SHINE la coperta isotermica accarezza ogni emozione di quei corpi, diventando compagna di quel viaggio fatto non solo attraversando il mare, ma soprattutto attraversando se stessi alla conquista della propria emancipazione, giustizia, riscatto.<\/p>\n<p><strong>Giulia Lungo<\/strong><br \/>\nNato da una collaborazione con l\u2019associazione Arcigay Rainbow Vercelli Valsesia per il calendario AfricArcigay 2019, e successivamente per quello del 2020, qui si \u00e8 voluto far emergere che il vero lavoro sta dietro allo scatto: sono fotografie totalmente costruite con dei modelli che tali non sono, ma sono persone che hanno subito dei traumi e questi ultimi non li hanno resi pi\u00f9 deboli, anzi. Se dei rifugiati possono essere dei modelli, perch\u00e9 continuare a vederli come diversi?<\/p>\n<p><strong>Simone Manzocchi<\/strong><br \/>\nIl lavoro \u00e8 costituito da un reportage fotografico che da voce al gruppo di rifugiati LGBT Africarcigay. Nato nel 2016, AfricArcigay \u00e8 attualmente uno dei pi\u00f9 importanti gruppi di persone in fuga perch\u00e9 perseguitate per il loro orientamento sessuale o identit\u00e0 di genere. In questo reportage le attivit\u00e0 del gruppo sono raccontate con una narrazione spontanea e intima costituita da fotografie non in posa prese in momenti quotidiani e significativi.<\/p>\n<p><strong>Franco Marino<\/strong><br \/>\nParlare di minoranze senza disumanizzare la minoranza, rendere comprensibile ci\u00f2 che non si ha vissuto in prima persona con una metafora, un gioco di parole.<br \/>\nFocalizzarsi sul vissuto comune, creare empatia\u2026 Tutti siamo stati bambini ed abbiamo chiesto alla mamma un gelato, ma abbiamo avuto risposte differenti e di fronte a quelle risposte ci siamo dovuti adattare; desiderio, delusione, rabbia, lotta, riscatto ed in fine speranza.<br \/>\nDa bambino ho taciuto, ma, ora che sono grande, davanti alle disparit\u00e0 io urlo.<\/p>\n","protected":false},"excerpt":{"rendered":"<p>Nell&#8217;ambito della rassegna &#8220;L&#8217;arcobaleno su Casa Merini &#8211; Eventi dal mondo LGBTI&#8221; 14 gennaio 2020 &#8211; ore 18.30 Vernissage mostra fotografica IN MY PACE ingresso libero *** In my Pace \u00e8 un progetto fotografico che vede uniti quattro artisti, quattro personalit\u00e0 completamente diverse ma che hanno uno scopo comune: raccontare la storia di persone e [&hellip;]<\/p>\n","protected":false},"author":1,"featured_media":4582,"comment_status":"open","ping_status":"open","sticky":false,"template":"","format":"standard","meta":[],"categories":[12],"tags":[31],"_links":{"self":[{"href":"https:\/\/lacasadelleartiste.it\/index.php?rest_route=\/wp\/v2\/posts\/4581"}],"collection":[{"href":"https:\/\/lacasadelleartiste.it\/index.php?rest_route=\/wp\/v2\/posts"}],"about":[{"href":"https:\/\/lacasadelleartiste.it\/index.php?rest_route=\/wp\/v2\/types\/post"}],"author":[{"embeddable":true,"href":"https:\/\/lacasadelleartiste.it\/index.php?rest_route=\/wp\/v2\/users\/1"}],"replies":[{"embeddable":true,"href":"https:\/\/lacasadelleartiste.it\/index.php?rest_route=%2Fwp%2Fv2%2Fcomments&post=4581"}],"version-history":[{"count":0,"href":"https:\/\/lacasadelleartiste.it\/index.php?rest_route=\/wp\/v2\/posts\/4581\/revisions"}],"wp:featuredmedia":[{"embeddable":true,"href":"https:\/\/lacasadelleartiste.it\/index.php?rest_route=\/wp\/v2\/media\/4582"}],"wp:attachment":[{"href":"https:\/\/lacasadelleartiste.it\/index.php?rest_route=%2Fwp%2Fv2%2Fmedia&parent=4581"}],"wp:term":[{"taxonomy":"category","embeddable":true,"href":"https:\/\/lacasadelleartiste.it\/index.php?rest_route=%2Fwp%2Fv2%2Fcategories&post=4581"},{"taxonomy":"post_tag","embeddable":true,"href":"https:\/\/lacasadelleartiste.it\/index.php?rest_route=%2Fwp%2Fv2%2Ftags&post=4581"}],"curies":[{"name":"wp","href":"https:\/\/api.w.org\/{rel}","templated":true}]}}