{"id":4544,"date":"2019-12-24T20:02:20","date_gmt":"2019-12-24T19:02:20","guid":{"rendered":"http:\/\/spazioaldamerini.org\/?p=4544"},"modified":"2019-12-24T20:02:20","modified_gmt":"2019-12-24T19:02:20","slug":"programma-gennaio-2020","status":"publish","type":"post","link":"https:\/\/lacasadelleartiste.it\/?p=4544","title":{"rendered":"Programma gennaio 2020"},"content":{"rendered":"<p><a href=\"https:\/\/auserbo.bitcafe.it\/wp-content\/uploads\/2019\/12\/gennaio-2020-1.jpg\"><img loading=\"lazy\" class=\"size-full wp-image-4545 aligncenter\" src=\"https:\/\/auserbo.bitcafe.it\/wp-content\/uploads\/2019\/12\/gennaio-2020-1.jpg\" alt=\"\" width=\"482\" height=\"213\" srcset=\"https:\/\/lacasadelleartiste.it\/wp-content\/uploads\/2019\/12\/gennaio-2020-1.jpg 482w, https:\/\/lacasadelleartiste.it\/wp-content\/uploads\/2019\/12\/gennaio-2020-1-300x133.jpg 300w\" sizes=\"(max-width: 482px) 100vw, 482px\" \/><\/a><\/p>\n<ul>\n<li>La Casa \u00e8 visitabile gratuitamente. Per gruppi superiori a 10 persone, con visita<strong> libera<\/strong>, \u00e8 necessaria la prenotazione a <a href=\"mailto:info@lacasadelleartiste.it\">info@lacasadelleartiste.it<\/a>.<\/li>\n<li>Tutti i gioved\u00ec, alle ore 16.00 <strong>visita guidata \u00abTI RACCONTO ALDA\u00bb<\/strong>: notizie approfondite sulla vita e poesia della Poetessa &#8211; durata ca 60 min. con contributo a favore dell\u2019Associazione. La visita guidata \u00e8 possibile anche in giornate diverse, per gruppi superiori a 10 persone\u2013 prenotazioni a <a href=\"mailto:info@lacasadelleartiste.it\">info@lacasadelleartiste.it<\/a> per concordare tempi e condizioni. N.B. Consultando i nostri <a href=\"https:\/\/spazioaldamerini.org\/events\/\">programmi mensili\u00a0 <\/a>\u00e8 possibile verificare quando siano gi\u00e0 in calendario le iniziative \u201cTI RACCONTO ALDA\u201d, alle quali possono aggregarsi anche singole persone, previa prenotazione come sopra.<\/li>\n<li>Tutti i gioved\u00ec dalle ore 18.30: <strong>\u00abATELIER DELL\u2019ARTE VISIVA\u00bb<\/strong> per scambiare idee e progettazione nelle arti visive. Ingresso gratuito, consumazione solidale.<\/li>\n<li>Due mercoled\u00ec al mese ore 20.00. In gennaio 8 e 22: <strong>\u00abIL GIARDINO DELLA POESIA BarLab al Caff\u00e8 Letterario\u00bb.<\/strong> Incontri aperti a poeti per la lettura e condivisione di propri testi e incursioni musicali e canore. Ingresso gratuito, consumazione solidale [info 3928834863 \u2013 3270262704].<\/li>\n<\/ul>\n<p>N.B. Si consiglia di visitare il sito <a href=\"http:\/\/www.spazioaldamerini.org\">www.spazioaldamerini.org<\/a> \u2013 aggiornato in tempo reale \u2013 per verificare eventuali modifiche al programma.<\/p>\n<ul>\n<li><strong>CHIUSURA per festivit\u00e0 natalizie<\/strong>: dal 22 dicembre 2019 al 6 gennaio 2020 \u2013 riapertura marted\u00ec 7 gennaio 2020<\/li>\n<li><strong>ORARIO INVERNALE \u2013 NOVEMBRE\/MARZO<\/strong><\/li>\n<\/ul>\n<p><strong>luned\u00ec: chiuso<\/strong><strong>; <\/strong><strong>marted\u00ec: 10.00-13.00<\/strong><strong>; <\/strong><strong>mercoled\u00ec: 10.00-13.00 e 17.00-20.00<\/strong><strong>; <\/strong><strong>gioved\u00ec: 14.00-20.00<\/strong><strong><br \/>\n<\/strong><strong>venerd\u00ec, sabato, domenica: 17.00-20.00<\/strong><\/p>\n<p><strong>\u00a0<\/strong><\/p>\n<table width=\"642\">\n<tbody>\n<tr>\n<td width=\"69\"><\/td>\n<td width=\"64\"><\/td>\n<td width=\"509\">Prosegue fino al 12 gennaio l\u2019esposizione IO SO -12 dicembre 1969: Artisti nel cinquantesimo della strage di piazza\u00a0Fontana \u2013 <a href=\"https:\/\/spazioaldamerini.org\/2019\/11\/28\/10-12-19-esposizione-io-so-12-dicembre-1969-artisti-nel-cinquantesimo-della-strage-di-piazza-fontana\/\">dettagli<\/a><\/td>\n<\/tr>\n<tr>\n<td width=\"69\">mercoled\u00ec<\/td>\n<td width=\"64\">8<\/td>\n<td width=\"509\">Ore 20.00 <strong>Il Giardino della Poesia<\/strong> BarLab al Caff\u00e8 Letterario. Incontri aperti a poeti per la lettura e condivisione di propri testi e incursioni musicali e canore. Ingresso gratuito, consumazione solidale [info 3928834863 \u2013 3270262704].<\/td>\n<\/tr>\n<tr>\n<td width=\"69\">sabato<\/td>\n<td width=\"64\">11<\/td>\n<td width=\"509\">Ore 18.00 Presentazione del libro di <strong>Luisa Di Biagio<\/strong> \u201cNeurodiversAmanti \u2013 La sessualit\u00e0 vissuta dagli autistici\u201d- \u00a0ingresso libero. <a href=\"https:\/\/spazioaldamerini.org\/2019\/12\/24\/11-1-20-luisa-di-biagio-con-neurodiversamanti-la-sessualita-vissuta-dagli-autistici\/\">dettagli<\/a><\/td>\n<\/tr>\n<tr>\n<td width=\"69\">domenica<\/td>\n<td width=\"64\">12<\/td>\n<td width=\"509\">Ore 11.00 Visita guidata \u201cTi racconto Alda\u201d<\/p>\n<p>Ore 18.00 Presentazione del libro di poesie di<strong> Manuela Montemezzani <\/strong>\u201cA Nudo\u201d; con l\u2019autrice, Leonardo Terzo e Ugo Perugini. Ingresso libero. Seguir\u00e0 buffet. <a href=\"https:\/\/spazioaldamerini.org\/2019\/12\/24\/12-1-2020-manuela-montemezzani-con-a-nudo\/\">dettagli<\/a><\/td>\n<\/tr>\n<tr>\n<td width=\"69\">marted\u00ec<\/td>\n<td width=\"64\">14<\/td>\n<td width=\"509\">Avvio della rassegna <strong>\u201cL\u2019arcobaleno su Casa Merini: eventi dal mondo LGBTI\u201d &#8211; <\/strong><a href=\"https:\/\/spazioaldamerini.org\/2019\/12\/24\/14-1-2020-avvio-della-rassegna-larcobaleno-su-casa-merini-eventi-dal-mondo-lgbti-dal-14-al-19-gennaio-2020\/\">dettagli<\/a><\/p>\n<p>Ore 18.30 Vernissage mostra fotografica <strong>IN MY PACE<\/strong>; artisti: Salvatore Gi\u00f2 Gagliano, Giulia Lungo, Simone Manzocchi, Franco Marino. Ingresso libero. <a href=\"https:\/\/spazioaldamerini.org\/2019\/12\/24\/14-1-2020-vernissage-mostra-fotografica-in-my-pace\/\">dettagli<\/a><\/td>\n<\/tr>\n<tr>\n<td width=\"69\">mercoled\u00ec<\/td>\n<td width=\"64\">15<\/td>\n<td width=\"509\">Ore 20.00 <strong>Promenades des Dames<\/strong> &#8211; Concerto per arpa con<strong> Alessandra Ziveri<\/strong>. Ingresso libero. <a href=\"https:\/\/spazioaldamerini.org\/2019\/12\/24\/15-1-2020-promenade-des-dames-concerto-per-arpa-di-alessandra-ziveri\/\">dettagli<\/a><\/td>\n<\/tr>\n<tr>\n<td width=\"69\">gioved\u00ec<\/p>\n<p>&nbsp;<\/p>\n<p>&nbsp;<\/p>\n<p>gioved\u00ec<\/td>\n<td width=\"64\">16<\/p>\n<p>&nbsp;<\/p>\n<p>&nbsp;<\/p>\n<p>16<\/td>\n<td width=\"509\">rassegna <strong>\u201cL\u2019arcobaleno su Casa Merini: eventi dal mondo LGBTI\u201d<\/strong><\/p>\n<p>ore 18.00 Presentazione del libro di poesie \u201cPercorsi silenziosi\u201d di <strong>Sonia Zuin<\/strong>. Ingresso libero. <a href=\"https:\/\/spazioaldamerini.org\/2019\/12\/24\/16-1-2020-sonia-zuin-con-percorsi-silenziosi-poesie\/\">dettagli<\/a><\/p>\n<p>ore 20.30\u00a0 <strong>La figura-sfondo dell&#8217;eterosessismo<\/strong> a cura degli psicologi dell&#8217;ass. BussoleLGBT \u00a0&#8211; incontro di condivisione e attivit\u00e0 di gruppo. Ingresso libero. <a href=\"https:\/\/spazioaldamerini.org\/2019\/12\/24\/16-1-2020-la-figura-sfondo-delleterosessimo-a-cura-degli-psicologi-dellass-bussolelgbt\/\">dettagli<\/a><\/td>\n<\/tr>\n<tr>\n<td width=\"69\">venerd\u00ec<\/td>\n<td width=\"64\">17<\/td>\n<td width=\"509\">rassegna <strong>\u201cL\u2019arcobaleno su Casa Merini: eventi dal mondo LGBTI\u201d<\/strong><\/p>\n<p>Ore 20.30 <strong>Speed debate<\/strong> a cura del <strong>Collettivo PRISMA <\/strong><strong>LGBTI+ &#8211; <\/strong><a href=\"https:\/\/spazioaldamerini.org\/2019\/12\/24\/17-1-2020-speed-debate-a-cura-del-collettivo-prisma-lgbti\/\">dettagli<\/a><\/td>\n<\/tr>\n<tr>\n<td width=\"69\">sabato<\/td>\n<td width=\"64\">18<\/td>\n<td width=\"509\">rassegna <strong>\u201cL\u2019arcobaleno su Casa Merini: eventi dal mondo LGBTI\u201d<\/strong><\/p>\n<p>Ore 20.30 <strong>Il ballo delle Ributtanti<\/strong> \u2013 Spettacolo Drag a cura di <strong>Haus of Piaciuere. <\/strong>Ingresso libero. <a href=\"https:\/\/spazioaldamerini.org\/2019\/12\/24\/18-1-2020-il-ballo-delle-ributtanti-spettacolo-drag\/\">dettagli<\/a><\/td>\n<\/tr>\n<tr>\n<td width=\"69\">domenica<\/td>\n<td width=\"64\">19<\/td>\n<td width=\"509\">rassegna <strong>\u201cL\u2019arcobaleno su Casa Merini: eventi dal mondo LGBTI\u201d<\/strong><\/p>\n<p>ore 17.00 <strong>GOOD NEWS FEMALE GOSPEL CHOIR \u2013 <\/strong>Ingresso libero. <a href=\"https:\/\/spazioaldamerini.org\/2019\/12\/24\/19-1-2020-good-news-female-gospel-choir\/\">dettagli<\/a><\/td>\n<\/tr>\n<tr>\n<td width=\"69\">mercoled\u00ec<\/td>\n<td width=\"64\">22<\/td>\n<td width=\"509\">Ore 20.00 <strong>Il Giardino della Poesia<\/strong> BarLab al Caff\u00e8 Letterario. Incontri aperti a poeti per la lettura e condivisione di propri testi e incursioni musicali e canore. Ingresso gratuito, consumazione solidale [info 3928834863 \u2013 3270262704].<\/td>\n<\/tr>\n<tr>\n<td width=\"69\">venerd\u00ec<\/td>\n<td width=\"64\">24<\/td>\n<td width=\"509\">Ore 18.30 Presentazione del libro di <strong>Emanuela Carniti<\/strong> \u201cAlda Merini, mia madre\u201d. Ingresso libero &#8211; <a href=\"https:\/\/spazioaldamerini.org\/2019\/12\/24\/24-1-2020-emanuela-carniti-presenta-il-libro-alda-merini-mia-madre\/\">dettagli<\/a><\/td>\n<\/tr>\n<tr>\n<td width=\"69\">sabato<\/td>\n<td width=\"64\">25<\/td>\n<td width=\"509\">Ore 15.30 A cura dell\u2019Ass.ne \u201cUnire nell\u2019Arte\u201d, <strong>Tradizione e rinnovamento contemporaneo tra arti visive e musica<\/strong>. Esposizione delle opere di giovani allievi di Angelo Falmi dell\u2019Accademia di Brera. Con Antonia Mirarchi (psicofisioterapista) e concerto di musica lirica. Ingresso libero. <a href=\"https:\/\/spazioaldamerini.org\/2019\/12\/24\/25-1-2020-tradizione-e-rinnovamento-contemporaneo-tra-arti-visive-e-musica-ass-ne-unire-nellarte\/\">dettagli<\/a><\/td>\n<\/tr>\n<tr>\n<td width=\"69\">domenica<\/td>\n<td width=\"64\">26<\/td>\n<td width=\"509\">Ore 17.30 Presentazione del libro \u201cVoci da dentro \u2013 Esperienze di vita in oncologia\u201d da un\u2019idea di <strong>Anna Maria Lombardi<\/strong>, in collaborazione con S.O.S. Oncologia San Marco &#8211; San Pietro Onlus. Ingresso libero. <a href=\"https:\/\/spazioaldamerini.org\/2019\/12\/24\/26-1-2020-presentazione-e-reading-del-libro-voci-da-dentro-esperienze-di-vita-in-oncologia-di-anna-maria-lombardi\/\">dettagli<\/a><\/td>\n<\/tr>\n<\/tbody>\n<\/table>\n<p>&nbsp;<\/p>\n<p><strong>La Casa delle Artiste<\/strong> \u00e8 un\u2019associazione culturale e di promozione sociale no profit.<\/p>\n<p>\u00c8 nata nel maggio 2013 da un gruppo di donne, artiste e non, con lo scopo di favorire, produrre e promuovere l\u2019arte. Le socie fondatrici si proponevano di avere un\u2019attenzione particolare per l\u2019arte \u201cdi matrice femminile\u201d alludendo alla creativit\u00e0 delle donne, ma intendendo anche indicare con questa espressione qualcosa di presente in ogni persona, indipendentemente dal genere.<\/p>\n<p>Attualmente l\u2019associazione \u00e8 costituita circa 150 fra socie e soci fra cui si contano sia artisti affermati, che giovani emergenti e aspiranti artisti, attivi in tutti gli ambiti della creativit\u00e0 espressiva, dall\u2019arte visiva, al teatro, alla danza e alla performance, passando per la poesia, la musica, il cinema. Accanto alle artiste e agli artisti operano socie e soci, non attivi nella produzione artistica, che generosamente li sostengono col loro lavoro, per il semplice piacere di vivere, di promuovere, di \u201crespirare\u201d arte.<\/p>\n<p>Da giugno 2014 l\u2019associazione \u201cLa Casa delle Artiste\u201d gestisce lo spazio del Comune di Milano, sito in Via Magolfa 32, che ospita la ricostruzione dell\u2019ambiente in cui ha vissuto Alda Merini, esponendo arredi originali e suoi oggetti personali. Persegue cos\u00ec il progetto culturale \u201cCasa delle Arti \u2013 Spazio Alda Merini\u201d volto a favorire la conoscenza e la diffusione della figura della Poetessa. Da gennaio 2019, lo spazio \u00e8 stato annoverato tra i Musei di Milano. Tale iniziativa ha contribuito a incrementare il numero dei visitatori a quello che viene ora indicato come \u201cCasa Museo Alda Merini\u201d, grazie anche all\u2019impegno dei volontari (\u201capi meriniane\u201d) per accogliere e seguire gruppi turistici, scolaresche e visitatori semplici, dedicando loro competenza e cortesia. Presso la sede si svolgono numerosi e diversificati eventi culturali, artistici e mostre che riguardano i pi\u00f9 vari linguaggi espressivi. Un calendario mensile viene inviato a una mailing list di ca. 1500 persone, tra soci e simpatizzanti, mentre sul sito <a href=\"http:\/\/www.spazioaldamerini.org\">www.spazioaldamerini.org<\/a> si trovano aggiornamenti e notizie in tempo reale circa l\u2019attivit\u00e0 in programmazione.<\/p>\n<p>Le iniziative della Casa sono inoltre molto seguite sui social (Facebook \u2013 Twitter &#8211; Instagram) dove, quotidianamente, vengono inseriti post che rimandano agli eventi e alla figura di Merini.<\/p>\n<p>Al piano terreno \u00e8 aperto un Caff\u00e8 Letterario che si affaccia su un suggestivo giardinetto e ospita una libreria specializzata in poesia e arte.<\/p>\n","protected":false},"excerpt":{"rendered":"<p>La Casa \u00e8 visitabile gratuitamente. Per gruppi superiori a 10 persone, con visita libera, \u00e8 necessaria la prenotazione a info@lacasadelleartiste.it. Tutti i gioved\u00ec, alle ore 16.00 visita guidata \u00abTI RACCONTO ALDA\u00bb: notizie approfondite sulla vita e poesia della Poetessa &#8211; durata ca 60 min. con contributo a favore dell\u2019Associazione. La visita guidata \u00e8 possibile anche [&hellip;]<\/p>\n","protected":false},"author":1,"featured_media":4545,"comment_status":"open","ping_status":"open","sticky":false,"template":"","format":"standard","meta":[],"categories":[7],"tags":[31],"_links":{"self":[{"href":"https:\/\/lacasadelleartiste.it\/index.php?rest_route=\/wp\/v2\/posts\/4544"}],"collection":[{"href":"https:\/\/lacasadelleartiste.it\/index.php?rest_route=\/wp\/v2\/posts"}],"about":[{"href":"https:\/\/lacasadelleartiste.it\/index.php?rest_route=\/wp\/v2\/types\/post"}],"author":[{"embeddable":true,"href":"https:\/\/lacasadelleartiste.it\/index.php?rest_route=\/wp\/v2\/users\/1"}],"replies":[{"embeddable":true,"href":"https:\/\/lacasadelleartiste.it\/index.php?rest_route=%2Fwp%2Fv2%2Fcomments&post=4544"}],"version-history":[{"count":0,"href":"https:\/\/lacasadelleartiste.it\/index.php?rest_route=\/wp\/v2\/posts\/4544\/revisions"}],"wp:featuredmedia":[{"embeddable":true,"href":"https:\/\/lacasadelleartiste.it\/index.php?rest_route=\/wp\/v2\/media\/4545"}],"wp:attachment":[{"href":"https:\/\/lacasadelleartiste.it\/index.php?rest_route=%2Fwp%2Fv2%2Fmedia&parent=4544"}],"wp:term":[{"taxonomy":"category","embeddable":true,"href":"https:\/\/lacasadelleartiste.it\/index.php?rest_route=%2Fwp%2Fv2%2Fcategories&post=4544"},{"taxonomy":"post_tag","embeddable":true,"href":"https:\/\/lacasadelleartiste.it\/index.php?rest_route=%2Fwp%2Fv2%2Ftags&post=4544"}],"curies":[{"name":"wp","href":"https:\/\/api.w.org\/{rel}","templated":true}]}}