{"id":452,"date":"2016-10-08T07:20:20","date_gmt":"2016-10-08T05:20:20","guid":{"rendered":"http:\/\/spazioaldamerini.org\/?p=452"},"modified":"2016-10-08T07:20:20","modified_gmt":"2016-10-08T05:20:20","slug":"452","status":"publish","type":"post","link":"https:\/\/lacasadelleartiste.it\/?p=452","title":{"rendered":"I premiati del Premio di Poesia Casa Museo Alda Merini 1^ ed."},"content":{"rendered":"<p>PREMIO DI POESIA CASA MUSEO ALDA MERINI<br \/>\nnella sua Casa Museo in via Magolfa 32-Milano<br \/>\n8 ottobre 2016 ore 20,30<br \/>\nLa Giuria della I\u00b0 edizione del Premio di Poesia Casa Museo Alda Merini,composta da Vivian Lamarque (Presidente), Diana Battaggia, Sergio Bozzola, Franco Buffoni, Bruna Colacicco, Vincenzo Costantino, Giovanni Nuti, Rita Pacilio e Roskaccio<br \/>\nGrazie a Giuliano Grittini per le sue foto inviate<br \/>\nIn mostra i dipinti di Achille Guzzardella<br \/>\n1\u00b0classificato<br \/>\nCINZIA MARULLI con la silloge La casa delle fate<br \/>\n2^ classificati pari merito:<br \/>\nSTEFANO BOLOGNESI con I viandanti<br \/>\nGIOVANNI IBELLO con La nudit\u00e0 \u00e8 dei corpi. Tutto il resto \u00e8 mistificazione<br \/>\nSERGIO PASQUANDREA con Sono un deserto<br \/>\nSILVIA VIGNATI con Marosi<br \/>\nNICOLETTA GRILLO con La pioggia che cade ieri a cui viene assegnata inoltre la menzione speciale per \u201cPoesia italiana oltre confine\u201d.<br \/>\n3^ classificati pari merito<br \/>\nGIULIO MAFFII con Poco prima di un addio<br \/>\nSABRINA PRIOLO con Ouverture del torace<\/p>\n<p><img loading=\"lazy\" class=\"alignnone size-full wp-image-450\" src=\"https:\/\/spazioaldamerinidotorg.files.wordpress.com\/2015\/10\/foto8.jpg\" alt=\"foto\" width=\"1345\" height=\"701\" \/><\/p>\n","protected":false},"excerpt":{"rendered":"<p>PREMIO DI POESIA CASA MUSEO ALDA MERINI nella sua Casa Museo in via Magolfa 32-Milano 8 ottobre 2016 ore 20,30 La Giuria della I\u00b0 edizione del Premio di Poesia Casa Museo Alda Merini,composta da Vivian Lamarque (Presidente), Diana Battaggia, Sergio Bozzola, Franco Buffoni, Bruna Colacicco, Vincenzo Costantino, Giovanni Nuti, Rita Pacilio e Roskaccio Grazie a [&hellip;]<\/p>\n","protected":false},"author":1,"featured_media":0,"comment_status":"open","ping_status":"open","sticky":false,"template":"","format":"image","meta":[],"categories":[18,21],"tags":[27],"_links":{"self":[{"href":"https:\/\/lacasadelleartiste.it\/index.php?rest_route=\/wp\/v2\/posts\/452"}],"collection":[{"href":"https:\/\/lacasadelleartiste.it\/index.php?rest_route=\/wp\/v2\/posts"}],"about":[{"href":"https:\/\/lacasadelleartiste.it\/index.php?rest_route=\/wp\/v2\/types\/post"}],"author":[{"embeddable":true,"href":"https:\/\/lacasadelleartiste.it\/index.php?rest_route=\/wp\/v2\/users\/1"}],"replies":[{"embeddable":true,"href":"https:\/\/lacasadelleartiste.it\/index.php?rest_route=%2Fwp%2Fv2%2Fcomments&post=452"}],"version-history":[{"count":0,"href":"https:\/\/lacasadelleartiste.it\/index.php?rest_route=\/wp\/v2\/posts\/452\/revisions"}],"wp:attachment":[{"href":"https:\/\/lacasadelleartiste.it\/index.php?rest_route=%2Fwp%2Fv2%2Fmedia&parent=452"}],"wp:term":[{"taxonomy":"category","embeddable":true,"href":"https:\/\/lacasadelleartiste.it\/index.php?rest_route=%2Fwp%2Fv2%2Fcategories&post=452"},{"taxonomy":"post_tag","embeddable":true,"href":"https:\/\/lacasadelleartiste.it\/index.php?rest_route=%2Fwp%2Fv2%2Ftags&post=452"}],"curies":[{"name":"wp","href":"https:\/\/api.w.org\/{rel}","templated":true}]}}