{"id":4453,"date":"2019-11-28T23:48:40","date_gmt":"2019-11-28T22:48:40","guid":{"rendered":"http:\/\/spazioaldamerini.org\/?p=4453"},"modified":"2019-11-28T23:48:40","modified_gmt":"2019-11-28T22:48:40","slug":"13-12-19-coperta-di-soli-fiori-intervista-impossibile-a-una-donna-non-addomesticabile","status":"publish","type":"post","link":"https:\/\/lacasadelleartiste.it\/?p=4453","title":{"rendered":"13 12 19 Coperta di soli fiori &#8211; Intervista impossibile a una donna non addomesticabile"},"content":{"rendered":"<p><strong> <a href=\"https:\/\/auserbo.bitcafe.it\/wp-content\/uploads\/2019\/11\/coperta-di-soli-fiori-web.jpg\"><img loading=\"lazy\" class=\"alignnone size-full wp-image-4456\" src=\"https:\/\/auserbo.bitcafe.it\/wp-content\/uploads\/2019\/11\/coperta-di-soli-fiori-web.jpg\" alt=\"\" width=\"748\" height=\"421\" srcset=\"https:\/\/lacasadelleartiste.it\/wp-content\/uploads\/2019\/11\/coperta-di-soli-fiori-web.jpg 842w, https:\/\/lacasadelleartiste.it\/wp-content\/uploads\/2019\/11\/coperta-di-soli-fiori-web-300x169.jpg 300w, https:\/\/lacasadelleartiste.it\/wp-content\/uploads\/2019\/11\/coperta-di-soli-fiori-web-768x432.jpg 768w\" sizes=\"(max-width: 748px) 100vw, 748px\" \/><\/a><\/strong><\/p>\n<p><strong>CASA DELLE ARTISTE &#8211; SPAZIO ALDA MERINI<\/strong><\/p>\n<p><strong>Teatro al Museo<\/strong><\/p>\n<p>Via Magolfa, 32 &#8211; Milano<\/p>\n<p>&nbsp;<\/p>\n<p><strong><em>Venerd\u00ec 13 dicembre 2019<\/em><\/strong><\/p>\n<p>Orari performance: 19.00 | 20.30 (spettacolo con replica)<\/p>\n<h2><strong><em>Coperta di soli fiori<\/em><\/strong><\/h2>\n<h2><em>Intervista impossibile a una donna non addomesticabile<\/em><\/h2>\n<p>&nbsp;<\/p>\n<p>La <strong>Casa delle Artiste \u2013 Spazio Alda Merini <\/strong>ospiter\u00e0 dal 23 novembre al 14 dicembre la <a href=\"https:\/\/spazioaldamerini.org\/2019\/10\/21\/23-11-19-la-coperta-delle-donne-nellambito-della-rassegna-contro-la-violenza\/\"><strong>Coperta delle Donne<\/strong><\/a>, progetto artistico della giornalista e scrittrice Alina Rizzi che tra il 2008 e il 2018 ha visto impegnate pi\u00f9 di <strong>200 donne<\/strong>, italiane e straniere, nella realizzazione delle tessere che la compongono. In dieci anni la coperta ha raggiunto i tre metri per sei e ha dato vita a una comuint\u00e0 di persone e di storie riunite intorno all&#8217;arte del cucito.<\/p>\n<p>In dialogo con quest&#8217;opera la compagnia teatrale <strong>Guinea Pigs<\/strong> propone la performance site specific dal titolo <strong><em>Coperta di soli fiori<\/em><\/strong>, ispiratasi a un verso di Alda Merini raccolto in <em>Aforismi e Magie<\/em>.<\/p>\n<p>La performance si terr\u00e0 nel locale superiore della Casa delle Artiste, l\u00e0 dove \u00e8 conservata la camera da letto della poetessa corredata di oggetti, abiti e ricordi di quella vita non addomesticabile.<\/p>\n<p>Si articola come un&#8217;<strong>intervista impossibile<\/strong> ad opera di un ammiratore di Merini che cerca di carpire delle risposte sulla vita privata della poetessa. Le sue domande rimangono inevase ma diventano il pretesto per dare corpo e voce alle tante tessere che compongono una donna, attraverso temi universali: la vocazione, la sensualit\u00e0, il talento, il rapporto con il denaro, la maternit\u00e0 e molto altro. In questa intervista impossibile le chiavi di accesso sono alcune delle tessere della <strong>Coperta delle Donne<\/strong> e degli oggetti disseminati nello spazio scenico o custoditi dagli spettatori: un bavaglino, un rosario, un rossetto, una macchina da scrivere, un vecchio telefono, una banconota da mille lire, uno spartito, un ventilatore&#8230;oggetti quotidiani che diventano elementi per raccontare una vita e tante vite insieme.<\/p>\n<p>&nbsp;<\/p>\n<p><em>Performance teatrale ideata e realizzata da<\/em> <strong>Guinea Pigs<\/strong><\/p>\n<p><em>nell&#8217;ambito del Progetto AMUSE a cura di <\/em><strong>Associazione<\/strong> <strong>MuseoCity<\/strong><\/p>\n<p><em>con<\/em> Letizia Bravi e Marco De Francesca<\/p>\n<p><em>voce e musica<\/em>\u00a0Riccardo Tabilio<\/p>\n<p><em>drammaturgia\u00a0<\/em>Giulia Tollis e Benedetta De Falco<\/p>\n<p><em>consulenza artistica<\/em>\u00a0Riccardo Mallus<\/p>\n<p>&nbsp;<\/p>\n<p>&nbsp;<\/p>\n<p><em>Ingresso libero<\/em>. Prenotazioni su eventbrite <a href=\"https:\/\/www.eventbrite.it\/e\/biglietti-coperta-di-soli-fiori-performance-allo-spazio-alda-merini-82834477151?aff=affiliate1\">https:\/\/www.eventbrite.it\/e\/biglietti-coperta-di-soli-fiori-performance-allo-spazio-alda-merini-82834477151?aff=affiliate1<\/a><\/p>\n<p>Aperitivo fra i due spettacoli.<\/p>\n","protected":false},"excerpt":{"rendered":"<p>CASA DELLE ARTISTE &#8211; SPAZIO ALDA MERINI Teatro al Museo Via Magolfa, 32 &#8211; Milano &nbsp; Venerd\u00ec 13 dicembre 2019 Orari performance: 19.00 | 20.30 (spettacolo con replica) Coperta di soli fiori Intervista impossibile a una donna non addomesticabile &nbsp; La Casa delle Artiste \u2013 Spazio Alda Merini ospiter\u00e0 dal 23 novembre al 14 dicembre [&hellip;]<\/p>\n","protected":false},"author":1,"featured_media":4456,"comment_status":"open","ping_status":"open","sticky":false,"template":"","format":"standard","meta":[],"categories":[7],"tags":[30],"_links":{"self":[{"href":"https:\/\/lacasadelleartiste.it\/index.php?rest_route=\/wp\/v2\/posts\/4453"}],"collection":[{"href":"https:\/\/lacasadelleartiste.it\/index.php?rest_route=\/wp\/v2\/posts"}],"about":[{"href":"https:\/\/lacasadelleartiste.it\/index.php?rest_route=\/wp\/v2\/types\/post"}],"author":[{"embeddable":true,"href":"https:\/\/lacasadelleartiste.it\/index.php?rest_route=\/wp\/v2\/users\/1"}],"replies":[{"embeddable":true,"href":"https:\/\/lacasadelleartiste.it\/index.php?rest_route=%2Fwp%2Fv2%2Fcomments&post=4453"}],"version-history":[{"count":0,"href":"https:\/\/lacasadelleartiste.it\/index.php?rest_route=\/wp\/v2\/posts\/4453\/revisions"}],"wp:featuredmedia":[{"embeddable":true,"href":"https:\/\/lacasadelleartiste.it\/index.php?rest_route=\/wp\/v2\/media\/4456"}],"wp:attachment":[{"href":"https:\/\/lacasadelleartiste.it\/index.php?rest_route=%2Fwp%2Fv2%2Fmedia&parent=4453"}],"wp:term":[{"taxonomy":"category","embeddable":true,"href":"https:\/\/lacasadelleartiste.it\/index.php?rest_route=%2Fwp%2Fv2%2Fcategories&post=4453"},{"taxonomy":"post_tag","embeddable":true,"href":"https:\/\/lacasadelleartiste.it\/index.php?rest_route=%2Fwp%2Fv2%2Ftags&post=4453"}],"curies":[{"name":"wp","href":"https:\/\/api.w.org\/{rel}","templated":true}]}}