{"id":4431,"date":"2019-11-28T23:25:03","date_gmt":"2019-11-28T22:25:03","guid":{"rendered":"http:\/\/spazioaldamerini.org\/?p=4431"},"modified":"2019-11-28T23:25:03","modified_gmt":"2019-11-28T22:25:03","slug":"10-12-19-esposizione-io-so-12-dicembre-1969-artisti-nel-cinquantesimo-della-strage-di-piazza-fontana","status":"publish","type":"post","link":"https:\/\/lacasadelleartiste.it\/?p=4431","title":{"rendered":"10 12 19 Esposizione IO SO -12 dicembre 1969: Artisti nel cinquantesimo della strage di piazza Fontana"},"content":{"rendered":"<p><a href=\"https:\/\/auserbo.bitcafe.it\/wp-content\/uploads\/2019\/11\/banner-io-so.jpg\"><img loading=\"lazy\" class=\"alignnone size-full wp-image-4435\" src=\"https:\/\/auserbo.bitcafe.it\/wp-content\/uploads\/2019\/11\/banner-io-so.jpg\" alt=\"\" width=\"595\" height=\"502\" srcset=\"https:\/\/lacasadelleartiste.it\/wp-content\/uploads\/2019\/11\/banner-io-so.jpg 595w, https:\/\/lacasadelleartiste.it\/wp-content\/uploads\/2019\/11\/banner-io-so-300x253.jpg 300w\" sizes=\"(max-width: 595px) 100vw, 595px\" \/><\/a><\/p>\n<p><a href=\"https:\/\/auserbo.bitcafe.it\/wp-content\/uploads\/2019\/11\/loc-io-so.jpg\"><img loading=\"lazy\" class=\"alignnone size-large wp-image-4505\" src=\"https:\/\/auserbo.bitcafe.it\/wp-content\/uploads\/2019\/11\/loc-io-so.jpg?w=748\" alt=\"\" width=\"748\" height=\"528\" srcset=\"https:\/\/lacasadelleartiste.it\/wp-content\/uploads\/2019\/11\/loc-io-so.jpg 800w, https:\/\/lacasadelleartiste.it\/wp-content\/uploads\/2019\/11\/loc-io-so-300x212.jpg 300w, https:\/\/lacasadelleartiste.it\/wp-content\/uploads\/2019\/11\/loc-io-so-768x542.jpg 768w\" sizes=\"(max-width: 748px) 100vw, 748px\" \/><\/a><\/p>\n<p><strong>10 dicembre 2019 &#8211; Ore 18.30<\/strong><\/p>\n<p>Inaugurazione dell\u2019esposizione<\/p>\n<h2><strong>IO SO \u2013 12 dicembre 1969<\/strong>\u00a0: <strong>Artisti nel cinquantesimo della strage di piazza Fontana. <\/strong><\/h2>\n<p>&nbsp;<\/p>\n<p>Iniziativa promossa congiuntamente da ANPI, Le Belle Arti APS e Comitato Artisti e Resistenze.<\/p>\n<p>&nbsp;<\/p>\n<p>Termine esposizione : 12 gennaio 2020. <em>Ingresso libero.<\/em><\/p>\n<p>Nel prossimo mese di dicembre ricorrer\u00e0 il cinquantesimo anniversario dell&#8217;orribile strage di piazza Fontana (12 dicembre 1969) che la Storia e le vicende processuali hanno incontrovertibilmente imputato alla manovalanza fascista e alla complicit\u00e0 dei disertori dello Stato.<\/p>\n<p>L&#8217;enorme impressione di quell&#8217;avvenimento, classificato anche come &#8220;perdita dell&#8217;innocenza&#8221; per la Repubblica nata dalla Resistenza, \u00e8 tutta nelle immagini della grande e composta folla nel giorno dei funerali, vero primo fattore di opposizione a un disegno, la cosiddetta strategia della tensione, che da quella data si sarebbe dipanata per anni.<\/p>\n<p>La profonda fiducia che &#8220;Artisti e Resistenze&#8221; assegna alla capacit\u00e0 dell&#8217;arte visiva di essere interprete di emozioni e ragionamenti collettivi, ci spinge a proporre che nel prossimo dicembre una mostra faccia memoria di quel tragico avvenimento.<\/p>\n<p>Per tale importante iniziativa, promossa congiuntamente da ANPI, Le Belle Arti APS e Comitato Artisti e Resistenze, abbiamo pensato a due iniziative espositive che comparino opere storiche, progettate negli anni immediatamente vicini agli eventi a opere del presente, coinvolgendo anche giovani artisti.<\/p>\n<p>E questo aspetto vorremmo fosse ben presente: il coinvolgimento, nella ricostruzione storica, delle giovani generazioni, per combattere l&#8217;opera di sistematica distruzione della memoria che si viene attuando.<\/p>\n<p>Le due mostre si terranno in due importanti spazi cittadini grazie alla Collaborazione dell\u2019Accademia di Belle Arti di Brera e della Casa Museo Alda Merini:<\/p>\n<p>&nbsp;<\/p>\n<p><strong><u>Ex chiesa di San Carpoforo \/ piazza Formentini\u00a0<\/u><\/strong><\/p>\n<p>10 dicembre 2019 \/ 15 gennaio 2020<\/p>\n<p><u>Inaugurazione Marted\u00ec 10 dicembre ore 12,00\u00a0<\/u><u><\/u><\/p>\n<p>e<\/p>\n<p><strong><u>Casa Museo Alda Merini \/ Via Magolfa,32<\/u><\/strong><\/p>\n<p>10 dicembre 2019 \/ 7 gennaio 2020<\/p>\n<p><u>Inaugurazione Marted\u00ec 10 dicembre ore 18,30<\/u><\/p>\n<p><strong>Artisti presenti con le loro opere alla mostra:<\/strong><\/p>\n<p>GABRIELLA BENEDINI &#8211; GIUSEPPE BRUNETTI\u00a0&#8211;\u00a0GIANCARLO COLLI &#8211;\u00a0VIRGINIA DAL MAGRO\u00a0\u00a0&#8211;\u00a0LUISELLA DEIANA PATETTA\u00a0&#8211; GIOXE DE MICHELI &#8211; PINO DI GENNARO &#8211; GIOVANNI DRADI\u00a0&#8211;\u00a0SALVATORE ESPOSITO &#8211;\u00a0ATTILIO FORGIOLI &#8211;\u00a0RENATO GALBUSERA\u00a0&#8211;\u00a0CARLO ADELIO GALIMBERTI\u00a0\u00a0&#8211;\u00a0ANNAMARIA GARAU\u00a0&#8211;\u00a0GIANANTONIO GENNARI\u00a0&#8211;\u00a0GAIA GIANARDI\u00a0\u2013\u00a0DANIELA GILARDONI &#8211; MARIA JANNELLI\u00a0&#8211;\u00a0MASSIMO MARCHESOTTI\u00a0\u00a0&#8211;\u00a0ALFREDO MAZZOTTA\u00a0&#8211;\u00a0ANTONINO MIANO\u00a0&#8211;\u00a0ORTICA NOODLES\u00a0&#8211;\u00a0BRUNO PELLEGRINI\u00a0&#8211;\u00a0BARBARA PIETRASANTA &#8211; STEFANO PIZZI\u00a0&#8211;\u00a0MARIO QUADRAROLI\u00a0&#8211;\u00a0GIANFRANCO ROMAGNOLI\u00a0&#8211;\u00a0GIOVANNI RUBINO\u00a0&#8211;\u00a0GIANLUIGI\u00a0SARTORI\u00a0&#8211;\u00a0MARIA LUISA SIMONE\u00a0&#8211;\u00a0ALESSANDRO SPADARI\u00a0&#8211;\u00a0DAVIDE TINELLI\u00a0\u201cATOMO\u201d- MICHELA USANZA &#8211; ALBERTO VENDITTI\u00a0&#8211;\u00a0CLAUDIO ZANINI<\/p>\n<p>***<\/p>\n<p><strong>Cos&#8217;\u00e8 questo golpe? Io so<\/strong><\/p>\n<p>di <strong><em>Pier Paolo Pasolini<\/em><\/strong><\/p>\n<p>&nbsp;<\/p>\n<p><strong>Io so.<\/strong><br \/>\n<strong>Io so i nomi<\/strong> dei responsabili di quello che viene chiamato &#8220;golpe&#8221; (e che in realt\u00e0 \u00e8 una serie di &#8220;golpe&#8221; istituitasi a sistema di protezione del potere).<br \/>\n<strong>Io so i nomi<\/strong> dei responsabili della strage di Milano del 12 dicembre 1969.<br \/>\n<strong>Io so i nomi<\/strong> dei responsabili delle stragi di Brescia e di Bologna dei primi mesi del 1974.<br \/>\n<strong>Io so i nomi<\/strong> del &#8220;vertice&#8221; che ha manovrato, dunque, sia i vecchi fascisti ideatori di &#8220;golpe&#8221;, sia i neo-fascisti autori materiali delle prime stragi, sia infine, gli &#8220;ignoti&#8221; autori materiali delle stragi pi\u00f9 recenti.<br \/>\n<strong>Io so i nomi<\/strong> che hanno gestito le due differenti, anzi, opposte, fasi della tensione: una prima fase anticomunista (Milano 1969) e una seconda fase antifascista (Brescia e Bologna 1974).<br \/>\nIo so i nomi del gruppo di potenti, che, con l&#8217;aiuto della Cia (e in second&#8217;ordine dei colonnelli greci della mafia), hanno prima creato (del resto miseramente fallendo) una crociata anticomunista, a tamponare il &#8217;68, e in seguito, sempre con l&#8217;aiuto e per ispirazione della Cia, si sono ricostituiti una verginit\u00e0 antifascista, a tamponare il disastro del &#8220;referendum&#8221;.<br \/>\n<strong>Io so i nomi<\/strong> di coloro che, tra una Messa e l&#8217;altra, hanno dato le disposizioni e assicurato la protezione politica a vecchi generali (per tenere in piedi, di riserva, l&#8217;organizzazione di un potenziale colpo di Stato), a giovani neo-fascisti, anzi neo-nazisti (per creare in concreto la tensione anticomunista) e infine criminali comuni, fino a questo momento, e forse per sempre, senza nome (per creare la successiva tensione antifascista). Io so i nomi delle persone serie e importanti che stanno dietro a dei personaggi comici come quel generale della Forestale che operava, alquanto operettisticamente, a Citt\u00e0 Ducale (mentre i boschi italiani bruciavano), o a dei personaggio grigi e puramente organizzativi come il generale Miceli.<br \/>\nIo so i nomi delle persone serie e importanti che stanno dietro ai tragici ragazzi che hanno scelto le suicide atrocit\u00e0 fasciste e ai malfattori comuni, siciliani o no, che si sono messi a disposizione, come killer e sicari.<br \/>\n<strong>Io so tutti questi nomi e so tutti i fatti (<\/strong>attentati alle istituzioni e stragi) di cui si sono resi colpevoli.<br \/>\n<strong>Io so.<\/strong> Ma non ho le prove. Non ho nemmeno indizi.<br \/>\n<strong>Io so<\/strong> perch\u00e9 sono un intellettuale, uno scrittore, che cerca di seguire tutto ci\u00f2 che succede, di conoscere tutto ci\u00f2 che se ne scrive, di immaginare tutto ci\u00f2 che non si sa o che si tace; che coordina fatti anche lontani, che mette insieme i pezzi disorganizzati e frammentari di un intero coerente quadro politico, che ristabilisce la logica l\u00e0 dove sembrano regnare l&#8217;arbitrariet\u00e0, la follia e il mistero.<br \/>\nTutto ci\u00f2 fa parte del mio mestiere e dell&#8217;istinto del mio mestiere. Credo che sia difficile che il mio &#8220;progetto di romanzo&#8221;, sia sbagliato, che non abbia cio\u00e8 attinenza con la realt\u00e0, e che i suoi riferimenti a fatti e persone reali siano inesatti. Credo inoltre che molti altri intellettuali e romanzieri sappiano ci\u00f2 che so io in quanto intellettuale e romanziere. Perch\u00e9 la ricostruzione della verit\u00e0 a proposito di ci\u00f2 che \u00e8 successo in Italia dopo il &#8217;68 non \u00e8 poi cos\u00ec difficile.<\/p>\n<p>&nbsp;<\/p>\n<p>Tale verit\u00e0 \u2013 lo si sente con assoluta precisione \u2013 sta dietro una grande quantit\u00e0 di interventi anche giornalistici e politici: cio\u00e8 non di immaginazione o di finzione come \u00e8 per sua natura il mio.<\/p>\n<p>(da: Corriere della Sera, 14 novembre 1974)<\/p>\n<p>&nbsp;<\/p>\n","protected":false},"excerpt":{"rendered":"<p>10 dicembre 2019 &#8211; Ore 18.30 Inaugurazione dell\u2019esposizione IO SO \u2013 12 dicembre 1969\u00a0: Artisti nel cinquantesimo della strage di piazza Fontana. &nbsp; Iniziativa promossa congiuntamente da ANPI, Le Belle Arti APS e Comitato Artisti e Resistenze. &nbsp; Termine esposizione : 12 gennaio 2020. Ingresso libero. Nel prossimo mese di dicembre ricorrer\u00e0 il cinquantesimo anniversario [&hellip;]<\/p>\n","protected":false},"author":1,"featured_media":4435,"comment_status":"open","ping_status":"open","sticky":false,"template":"","format":"standard","meta":[],"categories":[16],"tags":[],"_links":{"self":[{"href":"https:\/\/lacasadelleartiste.it\/index.php?rest_route=\/wp\/v2\/posts\/4431"}],"collection":[{"href":"https:\/\/lacasadelleartiste.it\/index.php?rest_route=\/wp\/v2\/posts"}],"about":[{"href":"https:\/\/lacasadelleartiste.it\/index.php?rest_route=\/wp\/v2\/types\/post"}],"author":[{"embeddable":true,"href":"https:\/\/lacasadelleartiste.it\/index.php?rest_route=\/wp\/v2\/users\/1"}],"replies":[{"embeddable":true,"href":"https:\/\/lacasadelleartiste.it\/index.php?rest_route=%2Fwp%2Fv2%2Fcomments&post=4431"}],"version-history":[{"count":0,"href":"https:\/\/lacasadelleartiste.it\/index.php?rest_route=\/wp\/v2\/posts\/4431\/revisions"}],"wp:featuredmedia":[{"embeddable":true,"href":"https:\/\/lacasadelleartiste.it\/index.php?rest_route=\/wp\/v2\/media\/4435"}],"wp:attachment":[{"href":"https:\/\/lacasadelleartiste.it\/index.php?rest_route=%2Fwp%2Fv2%2Fmedia&parent=4431"}],"wp:term":[{"taxonomy":"category","embeddable":true,"href":"https:\/\/lacasadelleartiste.it\/index.php?rest_route=%2Fwp%2Fv2%2Fcategories&post=4431"},{"taxonomy":"post_tag","embeddable":true,"href":"https:\/\/lacasadelleartiste.it\/index.php?rest_route=%2Fwp%2Fv2%2Ftags&post=4431"}],"curies":[{"name":"wp","href":"https:\/\/api.w.org\/{rel}","templated":true}]}}