{"id":4414,"date":"2019-11-28T23:02:23","date_gmt":"2019-11-28T22:02:23","guid":{"rendered":"http:\/\/spazioaldamerini.org\/?p=4414"},"modified":"2019-11-28T23:02:23","modified_gmt":"2019-11-28T22:02:23","slug":"4-21-dicembre-19-mercatino-di-natale","status":"publish","type":"post","link":"https:\/\/lacasadelleartiste.it\/?p=4414","title":{"rendered":"4-21 dicembre 19 &#8211; MERCATINO DI NATALE"},"content":{"rendered":"<p><a href=\"https:\/\/auserbo.bitcafe.it\/wp-content\/uploads\/2019\/11\/mercatino-locandina-sm.jpg\"><img loading=\"lazy\" class=\"alignnone size-full wp-image-4415\" src=\"https:\/\/auserbo.bitcafe.it\/wp-content\/uploads\/2019\/11\/mercatino-locandina-sm.jpg\" alt=\"\" width=\"595\" height=\"842\" srcset=\"https:\/\/lacasadelleartiste.it\/wp-content\/uploads\/2019\/11\/mercatino-locandina-sm.jpg 595w, https:\/\/lacasadelleartiste.it\/wp-content\/uploads\/2019\/11\/mercatino-locandina-sm-212x300.jpg 212w\" sizes=\"(max-width: 595px) 100vw, 595px\" \/><\/a><\/p>\n<p><strong>dal 4 al 21 dicembre 2019 &#8211; primo piano<\/strong><\/p>\n<h2>MERCATINO DI NATALE<\/h2>\n<p>Originali manufatti e prodotti della creativit\u00e0 in vendita per contribuire all\u2019attivit\u00e0 della Casa.<\/p>\n<p><em>Ingresso libero.<\/em><\/p>\n<p>ORARI<\/p>\n<p><strong>luned\u00ec: chiuso<\/strong><br \/>\n<strong>marted\u00ec: 10.00-13.00<\/strong><br \/>\n<strong>mercoled\u00ec: 10.00-13.00 e 17.00-20.00<\/strong><br \/>\n<strong>gioved\u00ec: 14.00-20.00<\/strong><br \/>\n<strong>venerd\u00ec, sabato, domenica: 17.00-20.00<\/strong><\/p>\n<p>&nbsp;<\/p>\n","protected":false},"excerpt":{"rendered":"<p>dal 4 al 21 dicembre 2019 &#8211; primo piano MERCATINO DI NATALE Originali manufatti e prodotti della creativit\u00e0 in vendita per contribuire all\u2019attivit\u00e0 della Casa. Ingresso libero. ORARI luned\u00ec: chiuso marted\u00ec: 10.00-13.00 mercoled\u00ec: 10.00-13.00 e 17.00-20.00 gioved\u00ec: 14.00-20.00 venerd\u00ec, sabato, domenica: 17.00-20.00 &nbsp;<\/p>\n","protected":false},"author":1,"featured_media":4415,"comment_status":"open","ping_status":"open","sticky":false,"template":"","format":"standard","meta":[],"categories":[7],"tags":[30],"_links":{"self":[{"href":"https:\/\/lacasadelleartiste.it\/index.php?rest_route=\/wp\/v2\/posts\/4414"}],"collection":[{"href":"https:\/\/lacasadelleartiste.it\/index.php?rest_route=\/wp\/v2\/posts"}],"about":[{"href":"https:\/\/lacasadelleartiste.it\/index.php?rest_route=\/wp\/v2\/types\/post"}],"author":[{"embeddable":true,"href":"https:\/\/lacasadelleartiste.it\/index.php?rest_route=\/wp\/v2\/users\/1"}],"replies":[{"embeddable":true,"href":"https:\/\/lacasadelleartiste.it\/index.php?rest_route=%2Fwp%2Fv2%2Fcomments&post=4414"}],"version-history":[{"count":0,"href":"https:\/\/lacasadelleartiste.it\/index.php?rest_route=\/wp\/v2\/posts\/4414\/revisions"}],"wp:featuredmedia":[{"embeddable":true,"href":"https:\/\/lacasadelleartiste.it\/index.php?rest_route=\/wp\/v2\/media\/4415"}],"wp:attachment":[{"href":"https:\/\/lacasadelleartiste.it\/index.php?rest_route=%2Fwp%2Fv2%2Fmedia&parent=4414"}],"wp:term":[{"taxonomy":"category","embeddable":true,"href":"https:\/\/lacasadelleartiste.it\/index.php?rest_route=%2Fwp%2Fv2%2Fcategories&post=4414"},{"taxonomy":"post_tag","embeddable":true,"href":"https:\/\/lacasadelleartiste.it\/index.php?rest_route=%2Fwp%2Fv2%2Ftags&post=4414"}],"curies":[{"name":"wp","href":"https:\/\/api.w.org\/{rel}","templated":true}]}}