{"id":4261,"date":"2019-10-21T22:40:18","date_gmt":"2019-10-21T20:40:18","guid":{"rendered":"http:\/\/spazioaldamerini.org\/?p=4261"},"modified":"2019-10-21T22:40:18","modified_gmt":"2019-10-21T20:40:18","slug":"28-11-19-mostra-fotografica-di-dino-geromella","status":"publish","type":"post","link":"https:\/\/lacasadelleartiste.it\/?p=4261","title":{"rendered":"28 11 19 \u00abSABAIDEE\u00bb Mostra fotografica di DINO GEROMELLA"},"content":{"rendered":"<p><a href=\"https:\/\/auserbo.bitcafe.it\/wp-content\/uploads\/2019\/10\/loc-geromella.jpg\"><img loading=\"lazy\" class=\"alignnone size-full wp-image-4262\" src=\"https:\/\/auserbo.bitcafe.it\/wp-content\/uploads\/2019\/10\/loc-geromella.jpg\" alt=\"\" width=\"595\" height=\"842\" srcset=\"https:\/\/lacasadelleartiste.it\/wp-content\/uploads\/2019\/10\/loc-geromella.jpg 595w, https:\/\/lacasadelleartiste.it\/wp-content\/uploads\/2019\/10\/loc-geromella-212x300.jpg 212w\" sizes=\"(max-width: 595px) 100vw, 595px\" \/><\/a><\/p>\n<p><strong>28 novembre 2019 &#8211; ore 18.00<\/strong><\/p>\n<p>INAUGURAZIONE della mostra fotografica di<\/p>\n<h2>DINO GEROMELLA \u00abSABAIDEE\u00bb<\/h2>\n<p>sul lavoro infantile nelle zone remote rurali del Vietnam e Laos.<\/p>\n<h4>Ospite il coro Zerosedici di Milano (cantori dai 6 ai 13 anni) che eseguir\u00e0 brani espressamente scritti per voci bianche, coordinati dal direttore Aleksander Zielinski<\/h4>\n<p>&nbsp;<\/p>\n<p>Termine esposizione 1\/12. Ingresso libero<\/p>\n<p>SABAIDEE in Thai significa \u201cstare bene\u201d, \u201cessere felice\u201d, \u201csentirsi comodo\u201d, \u201cessere rilassati\u201d. Anche in Laos la parola ha molteplici usi, incluso \u201cciao\u201d, \u201ccome stai\u201d e \u201csto bene\u201d. Riflette la semplicit\u00e0 della cultura locale, a volte confusa dagli occidentali con la pigrizia. Fuori dalle localit\u00e0 turistiche pi\u00f9 famose, il Laos e il Vietnam rimangono in gran parte agricoli: i beni primari provengono dall\u2019agricoltura o dalla pesca nel fiume Mekong e suoi affluenti. Gli agricoltori vanno a lavorare nei campi vestiti a festa, i bambini non hanno un iPad, ma giocano tra loro con dei sassi incontrati per strada tra le montagne. Territori sperduti, carenti di connessioni e infrastrutture, ancora profondamente segnati dalla guerra del Vietnam (le mine inesplose ricoprono una gran parte del Laos, rendendone estremamente difficile lo sviluppo). Tanto lavoro, nessun lusso, ma pi\u00f9 sorrisi autentici per cose semplici, e tanti \u201csabaidee\u201d tra sconosciuti che si incontrano per il cammino. Alcune delle foto hanno partecipato al premio World Press Photo 2019.<\/p>\n<p>&nbsp;<\/p>\n<p>DINO GEROMELLA, Pola (Croazia) 1984<\/p>\n<p>Giornalista politico e di attualit\u00e0, appassionato di viaggi. Alcune delle sue foto sono state pubblicate su guide di viaggio come Lonely Planet, The Rough Guides e Michelin.<\/p>\n","protected":false},"excerpt":{"rendered":"<p>28 novembre 2019 &#8211; ore 18.00 INAUGURAZIONE della mostra fotografica di DINO GEROMELLA \u00abSABAIDEE\u00bb sul lavoro infantile nelle zone remote rurali del Vietnam e Laos. Ospite il coro Zerosedici di Milano (cantori dai 6 ai 13 anni) che eseguir\u00e0 brani espressamente scritti per voci bianche, coordinati dal direttore Aleksander Zielinski &nbsp; Termine esposizione 1\/12. Ingresso [&hellip;]<\/p>\n","protected":false},"author":1,"featured_media":4262,"comment_status":"open","ping_status":"open","sticky":false,"template":"","format":"standard","meta":[],"categories":[16],"tags":[30],"_links":{"self":[{"href":"https:\/\/lacasadelleartiste.it\/index.php?rest_route=\/wp\/v2\/posts\/4261"}],"collection":[{"href":"https:\/\/lacasadelleartiste.it\/index.php?rest_route=\/wp\/v2\/posts"}],"about":[{"href":"https:\/\/lacasadelleartiste.it\/index.php?rest_route=\/wp\/v2\/types\/post"}],"author":[{"embeddable":true,"href":"https:\/\/lacasadelleartiste.it\/index.php?rest_route=\/wp\/v2\/users\/1"}],"replies":[{"embeddable":true,"href":"https:\/\/lacasadelleartiste.it\/index.php?rest_route=%2Fwp%2Fv2%2Fcomments&post=4261"}],"version-history":[{"count":0,"href":"https:\/\/lacasadelleartiste.it\/index.php?rest_route=\/wp\/v2\/posts\/4261\/revisions"}],"wp:featuredmedia":[{"embeddable":true,"href":"https:\/\/lacasadelleartiste.it\/index.php?rest_route=\/wp\/v2\/media\/4262"}],"wp:attachment":[{"href":"https:\/\/lacasadelleartiste.it\/index.php?rest_route=%2Fwp%2Fv2%2Fmedia&parent=4261"}],"wp:term":[{"taxonomy":"category","embeddable":true,"href":"https:\/\/lacasadelleartiste.it\/index.php?rest_route=%2Fwp%2Fv2%2Fcategories&post=4261"},{"taxonomy":"post_tag","embeddable":true,"href":"https:\/\/lacasadelleartiste.it\/index.php?rest_route=%2Fwp%2Fv2%2Ftags&post=4261"}],"curies":[{"name":"wp","href":"https:\/\/api.w.org\/{rel}","templated":true}]}}