{"id":426,"date":"2016-09-27T15:07:31","date_gmt":"2016-09-27T13:07:31","guid":{"rendered":"http:\/\/spazioaldamerini.org\/?p=426"},"modified":"2016-09-27T15:07:31","modified_gmt":"2016-09-27T13:07:31","slug":"426","status":"publish","type":"post","link":"https:\/\/lacasadelleartiste.it\/?p=426","title":{"rendered":"RISULTATI DELLA I EDIZIONE DEL PREMIO DI POESIA CASA MUSEO ALDA MERINI"},"content":{"rendered":"<p><a href=\"http:\/\/poesia.lavitafelice.it\/news---5181.html\" target=\"_blank\" rel=\"noopener\"> RISULTATI DELLA I EDIZIONE DEL PREMIO DI POESIA CASA MUSEO ALDA MERINI<\/a><\/p>\n<p>Ecco i risultati della I^ edizione del Premio di Poesia Casa Museo Alda Merini<\/p>\n<p>Dopo l&#8217;annuncio dei finalisti, La Giuria della I^ edizione del Premio di Poesia Casa Museo Alda Merini,composta da Vivian Lamarque (Presidente), Diana Battaggia, Sergio Bozzola, Franco Buffoni, Bruna Colacicco, Vincenzo Costantino, Giovanni Nuti, Rita Pacilio, Roskaccio ha deliberato come segue:<br \/>\nSezione A \u2013 Silloge di poesia<br \/>\n1^ classificato<br \/>\nCINZIA MARULLI con la silloge La casa delle fate<br \/>\n2^ classificati pari merito:<br \/>\nSTEFANO BOLOGNESI con I viandanti<br \/>\n2^ classificati pari merito:<br \/>\nSTEFANO BOLOGNESI con I viandanti<br \/>\nGIOVANNI IBELLO con La nudit\u00e0 \u00e8 dei corpi. Tutto il resto \u00e8 mistificazione<br \/>\nSERGIO PASQUANDREA con Sono un deserto<br \/>\nSILVIA VIGNATI con Marosi<br \/>\nNICOLETTA GRILLO con La pioggia che cade ieri a cui viene assegnata inoltre la menzione speciale per \u201cPoesia italiana oltre confine\u201d.<br \/>\n3^ classificati pari merito<br \/>\nGIULIO MAFFII con Poco prima di un addio<br \/>\nSABRINA PRIOLO con Ouverture del torace<br \/>\nLa cerimonia di premiazione si terr\u00e0 sabato 8 ottobre 2016, alle ore 20.30 presso la Casa delle Arti \u2013 Spazio Alda Merini \u2013 via Magolfa, 32 \u2013 Milano. \u00c8 prevista la partecipazione della Giuria e di:<br \/>\nMaurizio Bonassina, Giuliano Grittini, Ezio Merini &#8211; Comitato d\u2019onore<br \/>\nFabrizio Cecchetti, Vicepresidente del Consiglio regionale della Lombardia<br \/>\nSergio Meazzi, Assessore alla Cultura del Municipio 6 di Milano<br \/>\nFrancesco De Muro, Presidente della Commissione Cultura del Municipio 6 di Milano<br \/>\nSezione B \u2013 Poesia performativa \u2013 Poetry Slam<br \/>\nI risultati finali saranno stabiliti sabato 8 ottobre 2016, a partire dalle ore 14.00 tra i 14 finalisti in gara. La manche finale che stabilir\u00e0 i vincitori sar\u00e0 effettuata durante la cerimonia di premiazione alle ore 21.30<\/p>\n<p>Finalisti in gara:<br \/>\n1. PAOLO BORSONI &#8211; Ancona<br \/>\n2. LARA CAPPELLARO &#8211; Verona<br \/>\n3. ADA CRIPPA \u2013 Agrate Brianza MI<br \/>\n4. MARIELLA CUOCCIO \u2013 Bitonto BA<\/p>\n<p>5. MARIA PIA DELL&#8217;OMO -Caserta<br \/>\n6. GIANFRANCO DOMIZI \u2013 Reggio Emilia<br \/>\n7. IOLANDA LA CARRUBBA &#8211; Roma<br \/>\n8. GIUSEPPE LECCARDI &#8211; Milano<br \/>\n9. LUCA LEGATO \u2013 Assago MI<br \/>\n10. AVENTINO LOI \u2013 Cagliari<br \/>\n11. MARIANNA CARLOTTA POZZER Verona &#8211;<br \/>\n12. RAFFAELE SABATINO &#8211; Eschering (Svizzera)<br \/>\n13. MARZIA SCHENETTI \u2013 Reggio Emilia<br \/>\n14. LILLI SIMBARI \u2013 Petriano PU<br \/>\n15. MARIA CLAUDIA VIGLIANI &#8211; Torino<br \/>\n16. ANNALISA VIVINO ESPOSITO \u2013 Catanzaro<br \/>\nSi ringraziano tutti i partecipanti, i collaboratori e, in particolare la Fondazione Cariplo per il contributo erogato.<\/p>\n","protected":false},"excerpt":{"rendered":"<p>RISULTATI DELLA I EDIZIONE DEL PREMIO DI POESIA CASA MUSEO ALDA MERINI Ecco i risultati della I^ edizione del Premio di Poesia Casa Museo Alda Merini Dopo l&#8217;annuncio dei finalisti, La Giuria della I^ edizione del Premio di Poesia Casa Museo Alda Merini,composta da Vivian Lamarque (Presidente), Diana Battaggia, Sergio Bozzola, Franco Buffoni, Bruna Colacicco, [&hellip;]<\/p>\n","protected":false},"author":1,"featured_media":0,"comment_status":"open","ping_status":"open","sticky":false,"template":"","format":"standard","meta":[],"categories":[21],"tags":[],"_links":{"self":[{"href":"https:\/\/lacasadelleartiste.it\/index.php?rest_route=\/wp\/v2\/posts\/426"}],"collection":[{"href":"https:\/\/lacasadelleartiste.it\/index.php?rest_route=\/wp\/v2\/posts"}],"about":[{"href":"https:\/\/lacasadelleartiste.it\/index.php?rest_route=\/wp\/v2\/types\/post"}],"author":[{"embeddable":true,"href":"https:\/\/lacasadelleartiste.it\/index.php?rest_route=\/wp\/v2\/users\/1"}],"replies":[{"embeddable":true,"href":"https:\/\/lacasadelleartiste.it\/index.php?rest_route=%2Fwp%2Fv2%2Fcomments&post=426"}],"version-history":[{"count":0,"href":"https:\/\/lacasadelleartiste.it\/index.php?rest_route=\/wp\/v2\/posts\/426\/revisions"}],"wp:attachment":[{"href":"https:\/\/lacasadelleartiste.it\/index.php?rest_route=%2Fwp%2Fv2%2Fmedia&parent=426"}],"wp:term":[{"taxonomy":"category","embeddable":true,"href":"https:\/\/lacasadelleartiste.it\/index.php?rest_route=%2Fwp%2Fv2%2Fcategories&post=426"},{"taxonomy":"post_tag","embeddable":true,"href":"https:\/\/lacasadelleartiste.it\/index.php?rest_route=%2Fwp%2Fv2%2Ftags&post=426"}],"curies":[{"name":"wp","href":"https:\/\/api.w.org\/{rel}","templated":true}]}}