{"id":4187,"date":"2019-10-21T22:13:18","date_gmt":"2019-10-21T20:13:18","guid":{"rendered":"http:\/\/spazioaldamerini.org\/?p=4187"},"modified":"2019-10-21T22:13:18","modified_gmt":"2019-10-21T20:13:18","slug":"15-11-19-bcm19-il-celeste-tessitore-con-silvio-raffo","status":"publish","type":"post","link":"https:\/\/lacasadelleartiste.it\/?p=4187","title":{"rendered":"15 11 19 #BCM19 \u00abIl celeste tessitore\u00bb con Silvio Raffo"},"content":{"rendered":"<p><a href=\"https:\/\/auserbo.bitcafe.it\/wp-content\/uploads\/2019\/10\/bcm-19-raffo-15-11.jpg\"><img loading=\"lazy\" class=\"alignnone size-full wp-image-4188\" src=\"https:\/\/auserbo.bitcafe.it\/wp-content\/uploads\/2019\/10\/bcm-19-raffo-15-11.jpg\" alt=\"\" width=\"595\" height=\"842\" srcset=\"https:\/\/lacasadelleartiste.it\/wp-content\/uploads\/2019\/10\/bcm-19-raffo-15-11.jpg 595w, https:\/\/lacasadelleartiste.it\/wp-content\/uploads\/2019\/10\/bcm-19-raffo-15-11-212x300.jpg 212w\" sizes=\"(max-width: 595px) 100vw, 595px\" \/><\/a><\/p>\n<p><strong>15 novembre 2019 &#8211; ore 17.00<\/strong><\/p>\n<p>BOOKCITY MILANO 2019 &#8211;<\/p>\n<h2>SILVIO RAFFO &#8211; il celeste tessitore<\/h2>\n<p>Presentazione del libro di poesie di <strong>Silvio Raffo<\/strong><\/p>\n<p><a href=\"https:\/\/www.lavitafelice.it\/scheda-libro\/silvio-raffo\/la-ferita-celeste-9788893463447-611944.html\">\u201cLa ferita celeste\u201d (La Vita Felice)<\/a><\/p>\n<p>Con Silvio Aman.<\/p>\n<p><strong>In un mondo spoetizzato, il superamento dei disagi della vita pu\u00f2 essere tentato con la facolt\u00e0 di rendere bello il dolore e la caducit\u00e0 attraverso la fiaba, la sublimazione e l\u2019arabesco sonoro i cui versi, nella loro circolare bellezza, si snodano in base al principio di costanza tipico delle decorazioni.<\/strong><\/p>\n<p>ingresso libero<\/p>\n","protected":false},"excerpt":{"rendered":"<p>15 novembre 2019 &#8211; ore 17.00 BOOKCITY MILANO 2019 &#8211; SILVIO RAFFO &#8211; il celeste tessitore Presentazione del libro di poesie di Silvio Raffo \u201cLa ferita celeste\u201d (La Vita Felice) Con Silvio Aman. In un mondo spoetizzato, il superamento dei disagi della vita pu\u00f2 essere tentato con la facolt\u00e0 di rendere bello il dolore e [&hellip;]<\/p>\n","protected":false},"author":1,"featured_media":4188,"comment_status":"open","ping_status":"open","sticky":false,"template":"","format":"standard","meta":[],"categories":[4,20],"tags":[30],"_links":{"self":[{"href":"https:\/\/lacasadelleartiste.it\/index.php?rest_route=\/wp\/v2\/posts\/4187"}],"collection":[{"href":"https:\/\/lacasadelleartiste.it\/index.php?rest_route=\/wp\/v2\/posts"}],"about":[{"href":"https:\/\/lacasadelleartiste.it\/index.php?rest_route=\/wp\/v2\/types\/post"}],"author":[{"embeddable":true,"href":"https:\/\/lacasadelleartiste.it\/index.php?rest_route=\/wp\/v2\/users\/1"}],"replies":[{"embeddable":true,"href":"https:\/\/lacasadelleartiste.it\/index.php?rest_route=%2Fwp%2Fv2%2Fcomments&post=4187"}],"version-history":[{"count":0,"href":"https:\/\/lacasadelleartiste.it\/index.php?rest_route=\/wp\/v2\/posts\/4187\/revisions"}],"wp:featuredmedia":[{"embeddable":true,"href":"https:\/\/lacasadelleartiste.it\/index.php?rest_route=\/wp\/v2\/media\/4188"}],"wp:attachment":[{"href":"https:\/\/lacasadelleartiste.it\/index.php?rest_route=%2Fwp%2Fv2%2Fmedia&parent=4187"}],"wp:term":[{"taxonomy":"category","embeddable":true,"href":"https:\/\/lacasadelleartiste.it\/index.php?rest_route=%2Fwp%2Fv2%2Fcategories&post=4187"},{"taxonomy":"post_tag","embeddable":true,"href":"https:\/\/lacasadelleartiste.it\/index.php?rest_route=%2Fwp%2Fv2%2Ftags&post=4187"}],"curies":[{"name":"wp","href":"https:\/\/api.w.org\/{rel}","templated":true}]}}